{"id":35834,"date":"2009-09-23T08:33:56","date_gmt":"2009-09-23T05:33:56","guid":{"rendered":"http:\/\/www.korhanyilmaz.com\/?p=14923"},"modified":"2009-09-23T08:33:56","modified_gmt":"2009-09-23T05:33:56","slug":"cumhurbaskani-gul-suudi-arabistanda-2","status":"publish","type":"post","link":"http:\/\/www.korhanyilmaz.com\/?p=35834","title":{"rendered":"Cumhurba\u015fkan\u0131 G\u00fcl Suudi Arabistan&#039;da"},"content":{"rendered":"<p style=\"text-align: center;\"><a href=\"http:\/\/www.korhanyilmaz.com\/wp-content\/uploads\/2009\/09\/GUL.jpg\"  class=\"lightview\"><img loading=\"lazy\" decoding=\"async\" class=\"aligncenter size-full wp-image-14924\" src=\"http:\/\/www.korhanyilmaz.com\/wp-content\/uploads\/2009\/09\/GUL.jpg\" alt=\"\" width=\"263\" height=\"226\" \/><\/a><\/p>\n<p style=\"text-align: justify;\">Cumhurba\u015fkan\u0131 Abdullah G\u00fcl, Kral Abdullah Bilim ve Teknik \u00dcniversitesi&#8217;nin a\u00e7\u0131l\u0131\u015f\u0131na kat\u0131lmak \u00fczere Suudi Arabistan&#8217;da. Cidde&#8217;de Mekke Emiri taraf\u0131ndan kar\u015f\u0131lanan G\u00fcl, konaklamas\u0131 i\u00e7in tahsis edilen Elhamra Saray\u0131&#8217;na ge\u00e7ti.<\/p>\n<p style=\"text-align: justify;\">Cumhurba\u015fkan\u0131 G\u00fcl, Cidde&#8217;de Suudi Arabistan T\u00fcrk Konseyi Bat\u0131 B\u00f6lge Temsilcileri&#8217;ni kabul edecek ve \u00fclkede ya\u015fayan T\u00fcrk vatanda\u015flar\u0131yla bir araya gelecek. <!--more--><\/p>\n<p style=\"text-align: justify;\">Kral Abdullah Bilim ve Teknik \u00dcniversitesi&#8217;nin a\u00e7\u0131l\u0131\u015f t\u00f6renine kat\u0131lacak olan G\u00fcl, burada davetli yabanc\u0131 devlet adamlar\u0131yla ikili g\u00f6r\u00fc\u015fmeler ger\u00e7ekle\u015ftirecek.<\/p>\n<p style=\"text-align: justify;\">Cumhurba\u015fkan\u0131 G\u00fcl, Kral Abdullah&#8217;\u0131n konuk devlet adamlar\u0131 onuruna verece\u011fi ak\u015fam yeme\u011fine kat\u0131lacak.<\/p>\n<p style=\"text-align: justify;\">G\u00fcl ile birlikte e\u015fi Hayr\u00fcnnisa G\u00fcl, Devlet Bakan\u0131 ve Ba\u015fbakan Yard\u0131mc\u0131s\u0131 B\u00fclent Ar\u0131n\u00e7 ve e\u015fi M\u00fcnevver Ar\u0131n\u00e7 da Suudi Arabistan&#8217;da bulunuyor.<\/p>\n<p style=\"text-align: justify;\"><span style=\"color: #888888;\">CNN T\u00dcRK<\/span><\/p>\n","protected":false},"excerpt":{"rendered":"<p style=\"text-align: center;\">\n<p style=\"text-align: justify;\">Cumhurba\u015fkan\u0131 Abdullah G\u00fcl, Kral Abdullah Bilim ve Teknik \u00dcniversitesi&#8217;nin a\u00e7\u0131l\u0131\u015f\u0131na kat\u0131lmak \u00fczere Suudi Arabistan&#8217;da. Cidde&#8217;de Mekke Emiri taraf\u0131ndan kar\u015f\u0131lanan G\u00fcl, konaklamas\u0131 i\u00e7in tahsis edilen Elhamra Saray\u0131&#8217;na ge\u00e7ti.<\/p>\n<p style=\"text-align: justify;\">Cumhurba\u015fkan\u0131 G\u00fcl, Cidde&#8217;de Suudi Arabistan T\u00fcrk Konseyi Bat\u0131 B\u00f6lge Temsilcileri&#8217;ni kabul edecek ve \u00fclkede ya\u015fayan T\u00fcrk vatanda\u015flar\u0131yla bir araya gelecek. <\/p>\n","protected":false},"author":1,"featured_media":0,"comment_status":"open","ping_status":"closed","sticky":false,"template":"","format":"standard","meta":{"footnotes":""},"categories":[3],"tags":[],"class_list":["post-35834","post","type-post","status-publish","format-standard","hentry","category-dunya","odd"],"_links":{"self":[{"href":"http:\/\/www.korhanyilmaz.com\/index.php?rest_route=\/wp\/v2\/posts\/35834","targetHints":{"allow":["GET"]}}],"collection":[{"href":"http:\/\/www.korhanyilmaz.com\/index.php?rest_route=\/wp\/v2\/posts"}],"about":[{"href":"http:\/\/www.korhanyilmaz.com\/index.php?rest_route=\/wp\/v2\/types\/post"}],"author":[{"embeddable":true,"href":"http:\/\/www.korhanyilmaz.com\/index.php?rest_route=\/wp\/v2\/users\/1"}],"replies":[{"embeddable":true,"href":"http:\/\/www.korhanyilmaz.com\/index.php?rest_route=%2Fwp%2Fv2%2Fcomments&post=35834"}],"version-history":[{"count":0,"href":"http:\/\/www.korhanyilmaz.com\/index.php?rest_route=\/wp\/v2\/posts\/35834\/revisions"}],"wp:attachment":[{"href":"http:\/\/www.korhanyilmaz.com\/index.php?rest_route=%2Fwp%2Fv2%2Fmedia&parent=35834"}],"wp:term":[{"taxonomy":"category","embeddable":true,"href":"http:\/\/www.korhanyilmaz.com\/index.php?rest_route=%2Fwp%2Fv2%2Fcategories&post=35834"},{"taxonomy":"post_tag","embeddable":true,"href":"http:\/\/www.korhanyilmaz.com\/index.php?rest_route=%2Fwp%2Fv2%2Ftags&post=35834"}],"curies":[{"name":"wp","href":"https:\/\/api.w.org\/{rel}","templated":true}]}}