{"id":35833,"date":"2009-09-23T08:45:19","date_gmt":"2009-09-23T05:45:19","guid":{"rendered":"http:\/\/www.korhanyilmaz.com\/?p=14918"},"modified":"2009-09-23T08:45:19","modified_gmt":"2009-09-23T05:45:19","slug":"babacan-imf-ile-anlasamazsak-2","status":"publish","type":"post","link":"http:\/\/www.korhanyilmaz.com\/?p=35833","title":{"rendered":"Babacan: &quot;IMF ile anla\u015famazsak&#8230;&quot;"},"content":{"rendered":"<p style=\"text-align: center;\"><a href=\"http:\/\/www.korhanyilmaz.com\/wp-content\/uploads\/2009\/09\/babacan.jpg\"  class=\"lightview\"><img loading=\"lazy\" decoding=\"async\" class=\"aligncenter size-full wp-image-14919\" src=\"http:\/\/www.korhanyilmaz.com\/wp-content\/uploads\/2009\/09\/babacan.jpg\" alt=\"\" width=\"234\" height=\"232\" \/><\/a><\/p>\n<p style=\"text-align: justify;\">Ekonomiden Sorumlu Devlet Bakan\u0131 Ali Babacan, &#8220;IMF ile anla\u015fmaman\u0131n d\u00fcnyan\u0131n sonu olmad\u0131\u011f\u0131n\u0131&#8221; ifade etti; &#8220;E\u011fer anla\u015fabilirsek ve detaylarda mutab\u0131k kal\u0131rsak bir program d\u00fczenlemesi olabilir. E\u011fer detaylarda anla\u015famazsak program d\u00fczenlemesi de olmaz&#8221; dedi.<\/p>\n<p style=\"text-align: justify;\">BM Genel Kurulu kapsam\u0131nda bulundu\u011fu New York&#8217;ta Harvard \u00dcniversitesi&#8217;nde konu\u015fan Babacan, konu\u015fmas\u0131n\u0131n ard\u0131ndan \u00e7\u0131k\u0131\u015fta gazetecilerin sorular\u0131n\u0131 yan\u0131tlad\u0131.<\/p>\n<p style=\"text-align: justify;\">Babacan, &#8220;IMF ile g\u00f6r\u00fc\u015fmemiz devam ediyor. Bizim ortaya koydu\u011fumuz program\u0131n temelinde bundan sonraki m\u00fczakerelerimiz devam edecek&#8221; dedi. <!--more--><\/p>\n<p style=\"text-align: justify;\">&#8220;Eskiye oranla, bundan 3-4 ay \u00f6ncesine g\u00f6re g\u00f6r\u00fc\u015flerimizin birbirine biraz daha yak\u0131nla\u015ft\u0131\u011f\u0131n\u0131 g\u00f6r\u00fcyorum&#8221; diyen Babacan, &#8220;E\u011fer anla\u015fabilirsek ve detaylarda mutab\u0131k kal\u0131rsak bir program d\u00fczenlemesi olabilir. E\u011fer detaylarda anla\u015famazsak program d\u00fczenlemesi de olmaz. Bundan sona art\u0131k hep beraber sizler sonucu beklersiniz&#8221; diye konu\u015ftu.<\/p>\n<p style=\"text-align: justify;\"><strong><em>Sempozyumdaki konu\u015fmas\u0131ndan&#8230;<\/em><\/strong><\/p>\n<p style=\"text-align: justify;\">Babacan, sempozyumda yapt\u0131\u011f\u0131 konu\u015fmada ise T\u00fcrkiye ekonomisinde toparlanma i\u015faretleri oldu\u011funu belirtti.<\/p>\n<p style=\"text-align: justify;\">T\u00fcrkiye&#8217;nin, 2002-2007 y\u0131llar\u0131 aras\u0131nda ekonomik alanda pek \u00e7ok yap\u0131sal reform yapt\u0131\u011f\u0131n\u0131 ve bunun olumlu sonu\u00e7lar\u0131n\u0131 ald\u0131\u011f\u0131n\u0131 anlatan Babacan, ancak k\u00fcresel ekonomik krizin etkisiyle 2008 y\u0131l\u0131n\u0131n sonunda ekonomik b\u00fcy\u00fcmenin azald\u0131\u011f\u0131n\u0131, bu durumun bu y\u0131l da devam etti\u011fini, ancak 2010 y\u0131l\u0131n\u0131n ilk \u00e7eyre\u011finde yeniden art\u0131 b\u00fcy\u00fcmeye ge\u00e7ilmesinin beklendi\u011fini s\u00f6yledi.<\/p>\n<p style=\"text-align: justify;\">T\u00fcrkiye&#8217;nin ekonomik verilerine ili\u015fkin detayl\u0131 bir sunum yapan Babacan, bankac\u0131l\u0131k sekt\u00f6r\u00fcn\u00fcn daha \u00f6nceki y\u0131llarda yap\u0131lan reformlar sayesinde g\u00fc\u00e7l\u00fc, bu y\u00fczden de k\u00fcresel ekonomik krizde T\u00fcrkiye&#8217;nin bankac\u0131l\u0131k sekt\u00f6r\u00fcne m\u00fcdahale etmeyen tek OECD \u00fclkesi oldu\u011funu s\u00f6yledi.<\/p>\n<p style=\"text-align: justify;\">T\u00fcrkiye&#8217;de yak\u0131n d\u00f6nemde kabul edilen Orta Vadeli Program ve hedefleri hakk\u0131nda detayl\u0131 bilgiler veren Babacan, bu y\u0131l ekonominin y\u00fczde 6 k\u00fc\u00e7\u00fclmesinin, ancak 2010&#8217;da y\u00fczde 3,5 b\u00fcy\u00fcmesinin beklendi\u011fini anlatt\u0131.<\/p>\n<p style=\"text-align: justify;\">Babacan, hedefleri aras\u0131nda \u0130stanbul&#8217;u uluslararas\u0131 mali merkez haline getirmenin de oldu\u011funu belirterek, IMF-D\u00fcnya Bankas\u0131 toplant\u0131lar\u0131n\u0131n Ekim ay\u0131nda \u0130stanbul&#8217;da yap\u0131laca\u011f\u0131n\u0131 an\u0131msatt\u0131.<\/p>\n<p style=\"text-align: justify;\">Bir soru \u00fczerine Babacan, T\u00fcrkiye&#8217;de ba\u015fta otomotiv, elektronik, tekstil, makine, ev aletleri sanayi, in\u015faat, bankac\u0131l\u0131k ve sigorta sekt\u00f6r\u00fcn\u00fcn g\u00fc\u00e7l\u00fc ve yabanc\u0131 yat\u0131r\u0131m \u00e7eken sekt\u00f6rler oldu\u011funu vurgulad\u0131.<\/p>\n<p style=\"text-align: justify;\"><em><strong>&#8220;D\u00fcnyan\u0131n sonu de\u011fil&#8230;&#8221;<\/strong><\/em><\/p>\n<p style=\"text-align: justify;\">IMF ile s\u00fcrd\u00fcr\u00fclen g\u00f6r\u00fc\u015fmelerle ilgili bir soru \u00fczerine ise gazetecilere verdi\u011fi yan\u0131ttaki ifadeleri kullanan Babacan, IMF ile anla\u015fma sa\u011flanamazsa da bunun &#8220;d\u00fcnyan\u0131n sonu olmayaca\u011f\u0131n\u0131&#8221;, T\u00fcrkiye ekonomisinin zorlu d\u00f6nemlerle ba\u015f edebilecek g\u00fc\u00e7te oldu\u011funu s\u00f6yledi.<\/p>\n<p style=\"text-align: justify;\">Babacan, Ortado\u011fu b\u00f6lgesindeki geli\u015fmelerin T\u00fcrkiye&#8217;nin ekonomik ili\u015fkilerini nas\u0131l etkiledi\u011finin sorulmas\u0131 \u00fczerine ise T\u00fcrkiye&#8217;nin d\u00fcnyada geni\u015f n\u00fcfuz alan\u0131na sahip oldu\u011funu ve T\u00fcrkiye&#8217;nin ekonomik krize ra\u011fmen \u0130ran, Irak, Suriye, Orta Do\u011fu&#8217;daki di\u011fer \u00fclkeler ve G\u00fcrcistan gibi yak\u0131n kom\u015fular\u0131yla ticaretinin artt\u0131\u011f\u0131na dikkati \u00e7ekti.<\/p>\n<p style=\"text-align: justify;\">Babacan&#8217;\u0131n, Ba\u015fbakan Erdo\u011fan ile 24-25 Eyl\u00fcl tarihlerinde Pittsburg&#8217;da d\u00fczenlenecek G20 zirvesine kat\u0131lmas\u0131, ard\u0131ndan yeniden New York&#8217;a d\u00f6nmesi bekleniyor.<\/p>\n<p style=\"text-align: justify;\"><span style=\"color: #888888;\">CNN T\u00dcRK<\/span><\/p>\n","protected":false},"excerpt":{"rendered":"<p style=\"text-align: center;\">\n<p style=\"text-align: justify;\">Ekonomiden Sorumlu Devlet Bakan\u0131 Ali Babacan, &#8220;IMF ile anla\u015fmaman\u0131n d\u00fcnyan\u0131n sonu olmad\u0131\u011f\u0131n\u0131&#8221; ifade etti; &#8220;E\u011fer anla\u015fabilirsek ve detaylarda mutab\u0131k kal\u0131rsak bir program d\u00fczenlemesi olabilir. E\u011fer detaylarda anla\u015famazsak program d\u00fczenlemesi de olmaz&#8221; dedi.<\/p>\n<p style=\"text-align: justify;\">BM Genel Kurulu kapsam\u0131nda bulundu\u011fu New York&#8217;ta Harvard \u00dcniversitesi&#8217;nde konu\u015fan Babacan, konu\u015fmas\u0131n\u0131n ard\u0131ndan \u00e7\u0131k\u0131\u015fta gazetecilerin sorular\u0131n\u0131 <\/p>\n","protected":false},"author":1,"featured_media":0,"comment_status":"open","ping_status":"closed","sticky":false,"template":"","format":"standard","meta":{"footnotes":""},"categories":[7],"tags":[],"class_list":["post-35833","post","type-post","status-publish","format-standard","hentry","category-ekonomi","odd"],"_links":{"self":[{"href":"http:\/\/www.korhanyilmaz.com\/index.php?rest_route=\/wp\/v2\/posts\/35833","targetHints":{"allow":["GET"]}}],"collection":[{"href":"http:\/\/www.korhanyilmaz.com\/index.php?rest_route=\/wp\/v2\/posts"}],"about":[{"href":"http:\/\/www.korhanyilmaz.com\/index.php?rest_route=\/wp\/v2\/types\/post"}],"author":[{"embeddable":true,"href":"http:\/\/www.korhanyilmaz.com\/index.php?rest_route=\/wp\/v2\/users\/1"}],"replies":[{"embeddable":true,"href":"http:\/\/www.korhanyilmaz.com\/index.php?rest_route=%2Fwp%2Fv2%2Fcomments&post=35833"}],"version-history":[{"count":0,"href":"http:\/\/www.korhanyilmaz.com\/index.php?rest_route=\/wp\/v2\/posts\/35833\/revisions"}],"wp:attachment":[{"href":"http:\/\/www.korhanyilmaz.com\/index.php?rest_route=%2Fwp%2Fv2%2Fmedia&parent=35833"}],"wp:term":[{"taxonomy":"category","embeddable":true,"href":"http:\/\/www.korhanyilmaz.com\/index.php?rest_route=%2Fwp%2Fv2%2Fcategories&post=35833"},{"taxonomy":"post_tag","embeddable":true,"href":"http:\/\/www.korhanyilmaz.com\/index.php?rest_route=%2Fwp%2Fv2%2Ftags&post=35833"}],"curies":[{"name":"wp","href":"https:\/\/api.w.org\/{rel}","templated":true}]}}