{"id":35807,"date":"2009-08-28T12:10:36","date_gmt":"2009-08-28T09:10:36","guid":{"rendered":"http:\/\/www.korhanyilmaz.com\/?p=13976"},"modified":"2009-08-28T12:10:36","modified_gmt":"2009-08-28T09:10:36","slug":"economist-erdogan-kendini-riske-atti-2","status":"publish","type":"post","link":"http:\/\/www.korhanyilmaz.com\/?p=35807","title":{"rendered":"Economist: &#039;Erdo\u011fan kendini riske att\u0131&#039;"},"content":{"rendered":"<p style=\"text-align: justify;\"><a href=\"http:\/\/www.korhanyilmaz.com\/wp-content\/uploads\/2009\/08\/erdogan.jpg\"  class=\"lightview\"><img loading=\"lazy\" decoding=\"async\" class=\"aligncenter size-full wp-image-13977\" src=\"http:\/\/www.korhanyilmaz.com\/wp-content\/uploads\/2009\/08\/erdogan.jpg\" alt=\"\" width=\"311\" height=\"239\" \/><\/a><\/p>\n<p style=\"text-align: justify;\">\u0130ngiliz The Economist dergisi, Ba\u015fbakan Tayyip Erdo\u011fan&#8217;\u0131n K\u00fcrt sorununa e\u011filerek siyasi gelece\u011fini riske att\u0131\u011f\u0131n\u0131 yazd\u0131.<\/p>\n<p style=\"text-align: justify;\">K\u00fcrt sorununun T\u00fcrkiye&#8217;ye milyarca dolara, \u00fclkenin uluslararas\u0131 imaj\u0131n\u0131n y\u0131pranmas\u0131na ve T\u00fcrkiye&#8217;nin tam bir demokrasiye ge\u00e7me \u00e7abalar\u0131n\u0131n baltalanmas\u0131na neden oldu\u011funu belirten dergi, daha \u00f6nce bu soruna el atan h\u00fck\u00fcmetlerin \u015fahin generaller taraf\u0131ndan durduruldu\u011funu kaydetti.<\/p>\n<p style=\"text-align: justify;\">Dergi, \u201cFakat bu kez \u015fartlar de\u011fi\u015fti. Soruna el atarak siyasi gelece\u011fini riske eden Ba\u015fbakan Tayyip Erdo\u011fan&#8217;\u0131n liderli\u011finde soruna kal\u0131c\u0131 bir \u00e7\u00f6z\u00fcm bulma umudu do\u011fdu&#8221; diye yazd\u0131. <!--more--><\/p>\n<p style=\"text-align: justify;\">\u201cBar\u0131\u015f zaman\u0131 m\u0131?&#8221; ba\u015fl\u0131\u011f\u0131n\u0131 ta\u015f\u0131yan yaz\u0131da, h\u00fck\u00fcmetin K\u00fcrt a\u00e7\u0131l\u0131m\u0131n\u0131n sadece AB istedi\u011fi i\u00e7in yap\u0131lm\u0131yor olmas\u0131n\u0131n da cesaret verici oldu\u011fu belirtildi ve \u201cT\u00fcrk h\u00fck\u00fcmeti, K\u00fcrt sorununu \u00e7\u00f6zmek i\u00e7in ciddi bir plan haz\u0131rl\u0131yor. Plan\u0131n K\u00fcrt\u00e7e yay\u0131n alan\u0131nda geride kalan mevcut yasaklar\u0131 gev\u015fetmesi, isimleri T\u00fcrk\u00e7ele\u015ftirilmi\u015f k\u00f6ylere K\u00fcrt\u00e7e isimlerinin geri verilmesi, \u00fcniversiterde K\u00fcrt dili ve edebiyat\u0131 b\u00f6l\u00fcmleri kurulmas\u0131 ve genellikle PKK sloganlar\u0131 atmak ve polise ta\u015f f\u0131rlatmaktan fazlas\u0131n\u0131 yapmayan, ama PKK yanl\u0131s\u0131 faaliyette bulunmakla su\u00e7lanan binlerce gen\u00e7 K\u00fcrd\u00fcn hapse at\u0131lmas\u0131na yol a\u00e7an yasalar\u0131n kald\u0131r\u0131lmas\u0131n\u0131 i\u00e7erdi\u011fi s\u00f6yleniyor&#8221;<\/p>\n<p style=\"text-align: justify;\">The Economist, Erdo\u011fan&#8217;\u0131n K\u00fcrt a\u00e7\u0131l\u0131m\u0131n\u0131n en hassas y\u00f6n\u00fcn\u00fcn ise Abdullah \u00d6calan ile g\u00f6r\u00fc\u015fmeden PKK&#8217;n\u0131n silahl\u0131 faaliyetinin nas\u0131l durdurulaca\u011f\u0131 oldu\u011funu yazd\u0131.<\/p>\n<p style=\"text-align: justify;\">Dergi, \u201c\u0130ngiltere&#8217;nin IRA ile ba\u015fa \u00e7\u0131kmak i\u00e7in Sinn Fein&#8217;i kullanmas\u0131na olduk\u00e7a benzer bir \u015fekilde, DTP&#8217;nin bir arac\u0131 olarak kullan\u0131lmas\u0131 en belirgin y\u00f6ntem olacak&#8221; ifadesine yer verdi.<\/p>\n<p style=\"text-align: justify;\">H\u00fck\u00fcmetin \u00f6n\u00fcnde Abdullah \u00d6calan&#8217;\u0131n benmerkezci yap\u0131s\u0131, muhalefetin bask\u0131s\u0131 ve y\u00fczde 45 civar\u0131nda olan kamuoyu deste\u011finin tersine d\u00f6nmesi riski gibi g\u00fc\u00e7l\u00fcklerin bulundu\u011funu savunan The Economist, \u201cEn az\u0131ndan bu sefer ordu h\u00fck\u00fcmetin arkas\u0131nda. K\u00fcrtler konusundaki bir anla\u015fmay\u0131 engelleyebilecek pek \u00e7ok general Ergenekon davas\u0131nda yarg\u0131lan\u0131yor. Orgeneral \u0130lker Ba\u015fbu\u011f da uzun s\u00fcredir K\u00fcrt sorununun sadece askeri y\u00f6ntemlerle \u00e7\u00f6z\u00fclemeyece\u011fini s\u00f6yl\u00fcyordu. Risk alt\u0131nda olan sadece Erdo\u011fan&#8217;\u0131n kariyeri de\u011fil, T\u00fcrkiye&#8217;nin gelece\u011fi de \u00f6yle. Ho\u015fnutsuz ve radikal K\u00fcrtlerden olu\u015fan yeni bir nesil, PKK&#8217;n\u0131n bile kontrol edemeyebilece\u011fi bir \u015fiddet d\u00f6ng\u00fcs\u00fcn\u00fc rahatl\u0131kla beraberinde getirebilir. Burada en cesaret verici nokta ise K\u00fcrt inisiyatifinin sadece Avrupa Birli\u011fi&#8217;nin bask\u0131s\u0131 sonucunda yap\u0131lm\u0131yor olu\u015fu. Bu, \u00fclke i\u00e7inde geli\u015fen bir giri\u015fim. Ba\u015far\u0131ya ula\u015fmas\u0131 i\u00e7in de h\u00fck\u00fcmet kadar PKK ve yanda\u015flar\u0131na da g\u00f6rev d\u00fc\u015f\u00fcyor&#8221; yorumunda bulundu.<\/p>\n<p style=\"text-align: justify;\"><span style=\"color: #888888;\">CNN T\u00dcRK<\/span><\/p>\n","protected":false},"excerpt":{"rendered":"<p style=\"text-align: justify;\">\n<p style=\"text-align: justify;\">\u0130ngiliz The Economist dergisi, Ba\u015fbakan Tayyip Erdo\u011fan&#8217;\u0131n K\u00fcrt sorununa e\u011filerek siyasi gelece\u011fini riske att\u0131\u011f\u0131n\u0131 yazd\u0131.<\/p>\n<p style=\"text-align: justify;\">K\u00fcrt sorununun T\u00fcrkiye&#8217;ye milyarca dolara, \u00fclkenin uluslararas\u0131 imaj\u0131n\u0131n y\u0131pranmas\u0131na ve T\u00fcrkiye&#8217;nin tam bir demokrasiye ge\u00e7me \u00e7abalar\u0131n\u0131n baltalanmas\u0131na neden oldu\u011funu belirten dergi, daha \u00f6nce bu soruna el atan h\u00fck\u00fcmetlerin \u015fahin generaller taraf\u0131ndan durduruldu\u011funu kaydetti.<\/p>\n","protected":false},"author":1,"featured_media":0,"comment_status":"open","ping_status":"closed","sticky":false,"template":"","format":"standard","meta":{"footnotes":""},"categories":[3],"tags":[],"class_list":["post-35807","post","type-post","status-publish","format-standard","hentry","category-dunya","odd"],"_links":{"self":[{"href":"http:\/\/www.korhanyilmaz.com\/index.php?rest_route=\/wp\/v2\/posts\/35807","targetHints":{"allow":["GET"]}}],"collection":[{"href":"http:\/\/www.korhanyilmaz.com\/index.php?rest_route=\/wp\/v2\/posts"}],"about":[{"href":"http:\/\/www.korhanyilmaz.com\/index.php?rest_route=\/wp\/v2\/types\/post"}],"author":[{"embeddable":true,"href":"http:\/\/www.korhanyilmaz.com\/index.php?rest_route=\/wp\/v2\/users\/1"}],"replies":[{"embeddable":true,"href":"http:\/\/www.korhanyilmaz.com\/index.php?rest_route=%2Fwp%2Fv2%2Fcomments&post=35807"}],"version-history":[{"count":0,"href":"http:\/\/www.korhanyilmaz.com\/index.php?rest_route=\/wp\/v2\/posts\/35807\/revisions"}],"wp:attachment":[{"href":"http:\/\/www.korhanyilmaz.com\/index.php?rest_route=%2Fwp%2Fv2%2Fmedia&parent=35807"}],"wp:term":[{"taxonomy":"category","embeddable":true,"href":"http:\/\/www.korhanyilmaz.com\/index.php?rest_route=%2Fwp%2Fv2%2Fcategories&post=35807"},{"taxonomy":"post_tag","embeddable":true,"href":"http:\/\/www.korhanyilmaz.com\/index.php?rest_route=%2Fwp%2Fv2%2Ftags&post=35807"}],"curies":[{"name":"wp","href":"https:\/\/api.w.org\/{rel}","templated":true}]}}