{"id":35780,"date":"2009-07-20T12:09:40","date_gmt":"2009-07-20T09:09:40","guid":{"rendered":"http:\/\/www.korhanyilmaz.com\/?p=11756"},"modified":"2009-07-20T12:09:40","modified_gmt":"2009-07-20T09:09:40","slug":"turk-futbolu-vedat-okyari-kaybetti-2","status":"publish","type":"post","link":"http:\/\/www.korhanyilmaz.com\/?p=35780","title":{"rendered":"T\u00fcrk futbolu Vedat Okyar&#039;\u0131 kaybetti"},"content":{"rendered":"<p style=\"text-align: center;\"><img loading=\"lazy\" decoding=\"async\" class=\"aligncenter size-full wp-image-11757\" title=\"Be\u015fikta\u015f'\u0131n eski kaptanlar\u0131ndan, spor yazar\u0131 Vedat Okyar\" src=\"http:\/\/www.korhanyilmaz.com\/wp-content\/uploads\/2009\/07\/file.ashx7.jpg\" alt=\"Be\u015fikta\u015f'\u0131n eski kaptanlar\u0131ndan, spor yazar\u0131 Vedat Okyar\" width=\"234\" height=\"186\" \/><\/p>\n<p style=\"text-align: justify;\">Be\u015fikta\u015f&#8217;\u0131n eski kaptanlar\u0131ndan, spor yazar\u0131 Vedat Okyar 64 ya\u015f\u0131nda hayat\u0131n\u0131 kaybetti.<\/p>\n<p style=\"text-align: justify;\">Be\u015fikta\u015f&#8217;\u0131n eski kaptan\u0131, spor yazar\u0131 Vedat Okyar, bir s\u00fcredir tedavi g\u00f6rd\u00fc\u011f\u00fc hastanede, bu sabah ya\u015fam\u0131n\u0131 yitirdi.<\/p>\n<p style=\"text-align: justify;\">Okyar yar\u0131n Te\u015fvikiye Camii&#8217;nde k\u0131l\u0131nacak \u00f6\u011fle namaz\u0131n\u0131n ard\u0131ndan Zincirlikuyu Mezarl\u0131\u011f\u0131&#8217;nda defnedilecek. Okyar i\u00e7in Akaretler&#8217;deki Be\u015fikta\u015f Kul\u00fcb\u00fc&#8217;nde de saat 11.30&#8217;da t\u00f6ren d\u00fczenlenecek.<\/p>\n<p style=\"text-align: justify;\">1945 y\u0131l\u0131nda Bursa&#8217;da do\u011fan Okyar; Bursaspor, Be\u015fikta\u015f, Diyarbak\u0131rspor ve Karag\u00fcmr\u00fck tak\u0131mlar\u0131nda forma giydi.<\/p>\n<p style=\"text-align: justify;\">1968-1976 y\u0131llar\u0131nda Be\u015fikta\u015f&#8217;ta forma giyen ve kaptanl\u0131k da yapan Okyar, 253 ma\u00e7ta oynay\u0131p 21 gol att\u0131.<\/p>\n<p style=\"text-align: justify;\">33 kez de T\u00fcrk milli tak\u0131m\u0131n\u0131n formays\u0131n\u0131 giyen Okyar, futbolu b\u0131rakt\u0131ktan sonra spor yazarl\u0131\u011f\u0131 yap\u0131yordu. <!--more--><\/p>\n<p style=\"text-align: justify;\"><em><strong>&#8220;Vedat abimizi kaybettik&#8221;<\/strong><\/em><\/p>\n<p style=\"text-align: justify;\">Tedavi g\u00f6rd\u00fc\u011f\u00fc hastanede vefat eden Be\u015fikta\u015f&#8217;\u0131n eski kaptan\u0131 ve spor yazar\u0131 Vedat Okyar i\u00e7in Be\u015fikta\u015f kul\u00fcb\u00fc ba\u015fsa\u011fl\u0131\u011f\u0131 mesaj\u0131 yay\u0131mlad\u0131.<\/p>\n<p style=\"text-align: justify;\">Siyah-beyazl\u0131 kul\u00fcp, resmi internet sitesinin giri\u015fini Vedat Okyar&#8217;a ay\u0131r\u0131rken, &#8220;Vedat abimizi kaybettik, iyi ki do\u011fdun, iyi ki ya\u015fad\u0131n, iyi ki Be\u015fikta\u015fl\u0131 oldun, iyi ki seni tan\u0131d\u0131k, tarihimizde ve kalplerimizde sonsuza dek ya\u015fayacaks\u0131n&#8221; ifadelerine yer verildi.<\/p>\n<p style=\"text-align: justify;\">&#8220;Tarifsiz Ac\u0131lar \u0130\u00e7indeyiz, Vedat Abimizi Kaybettik&#8221; ba\u015fl\u0131\u011f\u0131yla yay\u0131mlanan ba\u015fsa\u011fl\u0131\u011f\u0131 mesaj\u0131nda \u015funlar kaydedildi:<\/p>\n<p style=\"text-align: justify;\">&#8220;Be\u015fikta\u015f\u0131m\u0131z&#8217;\u0131n efsane kaptan\u0131, unutulmaz futbolcusu, sevgili Vedat Okyar Abimizi kaybetmenin tarifsiz \u00fcz\u00fcnt\u00fcs\u00fc i\u00e7indeyiz.<\/p>\n<p style=\"text-align: justify;\">&#8220;1968-1976 y\u0131llar\u0131 aras\u0131nda yer ald\u0131\u011f\u0131 Be\u015fikta\u015f tak\u0131m\u0131nda 253 ma\u00e7ta formam\u0131z\u0131 giymi\u015f, libero mevkinin vazge\u00e7ilmezlerinden olmu\u015f, kulland\u0131\u011f\u0131 43 penalt\u0131n\u0131n 42&#8217;sini filelerle bulu\u015fturmu\u015f, profesyonelli\u011fi neticesinde hi\u00e7 sakatl\u0131k ya\u015famam\u0131\u015f, a\u015f\u0131k oldu\u011fu Be\u015fikta\u015f formas\u0131yla kaptanl\u0131\u011fa kadar y\u00fckselmi\u015f ve 42 ya\u015f\u0131na kadar futbol hayat\u0131n\u0131 s\u00fcrd\u00fcrm\u00fc\u015f olan Vedat Okyar, &#8216;Vedat Abimiz&#8217; kolon kanseriyle verdi\u011fi m\u00fccadeleyi maalesef kaybetti.<\/p>\n<p style=\"text-align: justify;\">&#8220;Futbolu b\u0131rakt\u0131ktan sonra ba\u015flad\u0131\u011f\u0131 spor yazarl\u0131\u011f\u0131ndaki kendine has \u00fcslubuyla tarafl\u0131 tarafs\u0131z herkesin sevgisini ve sayg\u0131s\u0131n\u0131 kazanan Vedat Okyar, Be\u015fikta\u015f&#8217;a olan a\u015fk\u0131n\u0131 her f\u0131rsatta dile getirmesiyle de t\u00fcm Be\u015fikta\u015fl\u0131lar&#8217;\u0131n en sevdi\u011fi yorumcular\u0131m\u0131zdand\u0131.<\/p>\n<p style=\"text-align: justify;\">&#8220;Be\u015fikta\u015f Ailesi&#8217;nin, T\u00fcrk futbol d\u00fcnyas\u0131n\u0131n ve spor medyas\u0131n\u0131n en \u00f6nemli isimlerinden Vedat Okyar&#8217;\u0131n vefat\u0131 t\u00fcm camiam\u0131z\u0131 derinden sarst\u0131. Merhum&#8217;a Allah&#8217;tan rahmet, kederli ailesine, T\u00fcrk spor bas\u0131n\u0131na ve camiam\u0131za ba\u015fsa\u011fl\u0131\u011f\u0131 diliyoruz.&#8221;<\/p>\n<p style=\"text-align: justify;\"><strong><em>Resmi a\u00e7\u0131klama<\/em><\/strong><\/p>\n<p style=\"text-align: justify;\">Ac\u0131badem Hastaneleri Yo\u011fun Bak\u0131m Direkt\u00f6r\u00fc Prof. Dr. Nahit \u00c7akar, Be\u015fikta\u015fl\u0131 eski milli futbolcu ve spor yazar\u0131 Vedat Okyar&#8217;\u0131n bu sabah saat 05.15&#8217;te hayat\u0131n\u0131 kaybetti\u011fini a\u00e7\u0131klad\u0131.<\/p>\n<p style=\"text-align: justify;\">\u00c7akar, yapt\u0131\u011f\u0131 yaz\u0131l\u0131 a\u00e7\u0131klamada, &#8220;27 \u015eubat 2009 tarihinde, yemek borusunda t\u00fcm\u00f6r (pek \u00e7ok b\u00f6lgede karaci\u011fer ve akci\u011fer metastazlar\u0131 ile birlikte) tespit edilen hastam\u0131z Vedat Okyar, ila\u00e7 tedavisi ile izlenmekte iken, merkezi sinir sisteminin dola\u015f\u0131m\u0131nda meydana gelen bozulma sonucu beyin enfarkt\u00fcs\u00fc ve enfarkt\u00fcs i\u00e7ine kanama geli\u015fmi\u015ftir. Bu nedenle sa\u011f taraf\u0131n\u0131 kullanamayan ve yeterli ileti\u015fim kurulamayan hastam\u0131z Ac\u0131badem Maslak Hastanesi Yo\u011fun Bak\u0131m \u00dcnitesi&#8217;nde 11 g\u00fcnd\u00fcr tedavi g\u00f6rmekteydi. Durumu a\u011f\u0131rla\u015fan Vedat Okyar, 20 Temmuz Pazartesi g\u00fcn\u00fc sabah saat 05.15&#8217;de hayat\u0131n\u0131 kaybetmi\u015ftir. Kendisine Allah&#8217;tan rahmet, kederli ailesi ve sevenlerine ba\u015f sa\u011fl\u0131\u011f\u0131 dileriz&#8221; ifadelerini kulland\u0131.<\/p>\n<p style=\"text-align: justify;\"><span style=\"color: #888888;\"><em>CNN T\u00dcRK<\/em><\/span><\/p>\n","protected":false},"excerpt":{"rendered":"<p style=\"text-align: center;\">\n<p style=\"text-align: justify;\">Be\u015fikta\u015f&#8217;\u0131n eski kaptanlar\u0131ndan, spor yazar\u0131 Vedat Okyar 64 ya\u015f\u0131nda hayat\u0131n\u0131 kaybetti.<\/p>\n<p style=\"text-align: justify;\">Be\u015fikta\u015f&#8217;\u0131n eski kaptan\u0131, spor yazar\u0131 Vedat Okyar, bir s\u00fcredir tedavi g\u00f6rd\u00fc\u011f\u00fc hastanede, bu sabah ya\u015fam\u0131n\u0131 yitirdi.<\/p>\n<p style=\"text-align: justify;\">Okyar yar\u0131n Te\u015fvikiye Camii&#8217;nde k\u0131l\u0131nacak \u00f6\u011fle namaz\u0131n\u0131n ard\u0131ndan Zincirlikuyu Mezarl\u0131\u011f\u0131&#8217;nda defnedilecek. Okyar i\u00e7in Akaretler&#8217;deki Be\u015fikta\u015f Kul\u00fcb\u00fc&#8217;nde de saat 11.30&#8217;da <\/p>\n","protected":false},"author":1,"featured_media":0,"comment_status":"open","ping_status":"closed","sticky":false,"template":"","format":"standard","meta":{"footnotes":""},"categories":[42],"tags":[],"class_list":["post-35780","post","type-post","status-publish","format-standard","hentry","category-spor","odd"],"_links":{"self":[{"href":"http:\/\/www.korhanyilmaz.com\/index.php?rest_route=\/wp\/v2\/posts\/35780","targetHints":{"allow":["GET"]}}],"collection":[{"href":"http:\/\/www.korhanyilmaz.com\/index.php?rest_route=\/wp\/v2\/posts"}],"about":[{"href":"http:\/\/www.korhanyilmaz.com\/index.php?rest_route=\/wp\/v2\/types\/post"}],"author":[{"embeddable":true,"href":"http:\/\/www.korhanyilmaz.com\/index.php?rest_route=\/wp\/v2\/users\/1"}],"replies":[{"embeddable":true,"href":"http:\/\/www.korhanyilmaz.com\/index.php?rest_route=%2Fwp%2Fv2%2Fcomments&post=35780"}],"version-history":[{"count":0,"href":"http:\/\/www.korhanyilmaz.com\/index.php?rest_route=\/wp\/v2\/posts\/35780\/revisions"}],"wp:attachment":[{"href":"http:\/\/www.korhanyilmaz.com\/index.php?rest_route=%2Fwp%2Fv2%2Fmedia&parent=35780"}],"wp:term":[{"taxonomy":"category","embeddable":true,"href":"http:\/\/www.korhanyilmaz.com\/index.php?rest_route=%2Fwp%2Fv2%2Fcategories&post=35780"},{"taxonomy":"post_tag","embeddable":true,"href":"http:\/\/www.korhanyilmaz.com\/index.php?rest_route=%2Fwp%2Fv2%2Ftags&post=35780"}],"curies":[{"name":"wp","href":"https:\/\/api.w.org\/{rel}","templated":true}]}}