{"id":35779,"date":"2009-07-20T11:03:34","date_gmt":"2009-07-20T08:03:34","guid":{"rendered":"http:\/\/www.korhanyilmaz.com\/?p=11748"},"modified":"2026-04-15T02:05:52","modified_gmt":"2026-04-14T23:05:52","slug":"hangi-anarsist-yazar-basbakana-%e2%80%9chelal-olsun%e2%80%9d-dedi-2","status":"publish","type":"post","link":"http:\/\/www.korhanyilmaz.com\/?p=35779","title":{"rendered":"HANG\u0130 ANAR\u015e\u0130ST YAZAR, BA\u015eBAKANA \u201cHELAL OLSUN!\u201d DED\u0130?"},"content":{"rendered":"<p style=\"text-align: center;\">\n<p><a href=\"http:\/\/www.korhanyilmaz.com\/wp-content\/uploads\/2009\/07\/15-04-2026_020355.gif\"  class=\"lightview\"><img loading=\"lazy\" decoding=\"async\" class=\"aligncenter wp-image-2216591\" src=\"http:\/\/www.korhanyilmaz.com\/wp-content\/uploads\/2009\/07\/15-04-2026_020355.gif\" alt=\"\" width=\"400\" height=\"210\" \/><\/a><\/p>\n<p style=\"text-align: justify;\">Ergenekon davas\u0131, toplumu ve medyay\u0131 ikiye b\u00f6lm\u00fc\u015ft\u00fc. \u00c7in\u2019de ya\u015fanan Urum\u00e7i olaylar\u0131 ise \u201cmuhte\u015fem\u201d bir b\u00fct\u00fcnle\u015fme sa\u011flad\u0131! Bat\u0131\u2019n\u0131n pompalad\u0131\u011f\u0131 yalan dolan, Ergenekon operasyonlar\u0131na rahmet okutacak bi\u00e7imde, alabildi\u011fine renkli bir koro taraf\u0131ndan g\u00fcnlerce tekrarland\u0131. (Urum\u00e7i\u2019de ne olup bitti\u011fi konusunda akl\u0131 ba\u015f\u0131nda ve namuslu davranabilen, en az\u0131ndan ku\u015fkucu olabilen bir avu\u00e7 yazar ve ayd\u0131n\u0131 hari\u00e7 tutuyorum elbette.) \u00d6yle renkli bir koro olu\u015fturuldu ki, ak\u0131 da g\u00f6rd\u00fck turuncuyu da, karay\u0131 da maviyi de\u2026 Nuh\u2019un Gemisi misali, her cinsin en az\u0131ndan bir adet temsilcisi yer ald\u0131 bu toplulukta.<\/p>\n<p style=\"text-align: justify;\">\u201c\u015eimdi \u00c7in devletinin polisi ve ordusu Uygurlara kur\u015fun ya\u011fd\u0131r\u0131yor, kan d\u00f6k\u00fcyor. T\u00fcrk D\u0131\u015fi\u015fleri Bakanl\u0131\u011f\u0131, \u2018\u00c7in\u2019in i\u00e7i\u015flerine kar\u0131\u015fmayaca\u011f\u0131n\u0131\u2019 ilan ediyor. Buna ra\u011fmen Ba\u015fbakan Tayyip Erdo\u011fan, hangi nedenlerle olursa olsun, d\u0131\u015fi\u015flerinden farkl\u0131 bir tutum tak\u0131n\u0131p katliam\u0131 a\u00e7\u0131k\u00e7a protesto ediyor. Tayyip Erdo\u011fan\u2019a ne kadar kar\u015f\u0131 olursam olay\u0131m helal olsun diyorum!\u201d <!--more--><\/p>\n<p style=\"text-align: justify;\">Attan d\u00fc\u015fmedi\u011fi s\u00fcrece Recep Tayyip Erdo\u011fan\u2019\u0131n s\u0131rt\u0131n\u0131n yere gelmeyece\u011finin garantisi niteli\u011findeki bu s\u00f6zler, T\u00fcrkiye\u2019nin en ya\u015fl\u0131 anar\u015fisti diyebilece\u011fimiz G\u00fcn Zileli\u2019ye ait. Zileli, ki\u015fisel sitesinde yay\u0131nlad\u0131\u011f\u0131 \u201cVah\u015fet ve Devlet\u201d ba\u015fl\u0131kl\u0131 yaz\u0131s\u0131nda, \u00c7in devletine meydan okumu\u015f ama bunu yaparken de T\u00fcrkiye ba\u015fbakan\u0131yla helalle\u015fmeyi ihmal etmemi\u015f.<\/p>\n<p style=\"text-align: justify;\">Tan\u0131mayanlar i\u00e7in iki \u00fc\u00e7 c\u00fcmleyle \u00f6zetlemem gerekirse; G\u00fcn Zileli, 1980 \u00f6ncesindeki T\u0130KP-Ayd\u0131nl\u0131k hareketinin \u00fc\u00e7\u00fcnc\u00fc adam\u0131 konumundayd\u0131. 12 Eyl\u00fcl\u2019den sonra hi\u00e7 cezaevine girmedi, 1990\u2019lar\u0131n ba\u015f\u0131nda Ayd\u0131nl\u0131k hareketinde ya\u015fanan i\u00e7 tart\u0131\u015fma s\u0131ras\u0131nda, \u00f6nce \u201cGer\u00e7ek Maocu benim\u201d diyerek Do\u011fu Perin\u00e7ek\u2019i \u201csollamaya\u201d \u00e7al\u0131\u015ft\u0131, ancak daha sonra Mao\u2019yu da reddederek, Tro\u00e7kist oldu. Bir s\u00fcre sonra Tro\u00e7ki\u2019den de vazge\u00e7erek kaygan zemindeki ilerleyi\u015fini s\u00fcrd\u00fcren Zileli, Gorba\u00e7ov\u2019dan etkilendi\u011fi g\u00fcnler ya\u015fad\u0131ktan sonra anar\u015fizmde karar k\u0131ld\u0131. Bu arada ne hikmetse Murat Belge\u2019nin sivil toplumcu Birikim dergisinin de yazarlar\u0131ndan biri haline geldi. Zileli \u201cYar\u0131lma\u201d, \u201cHavariler\u201d ve \u201cSapak\u201d adl\u0131 kitaplar\u0131nda an\u0131lar\u0131n\u0131 yazarak, \u00f6zellikle Do\u011fu Perin\u00e7ek\u2019i hedef ald\u0131, ge\u00e7mi\u015finden s\u0131yr\u0131lmaya \u00e7al\u0131\u015ft\u0131 ve \u201cBen masumdum!\u201d tonlamas\u0131yla itiraflarda bulundu.<\/p>\n<p style=\"text-align: justify;\">Bir okuru, Zileli\u2019nin yukar\u0131da s\u00f6z etti\u011fim yaz\u0131s\u0131na dair bir yorum-ele\u015ftiri g\u00f6ndermi\u015f ve \u201c\u00c7in devletinin hakimiyetini reddece\u011fim diye ABD\u2019nin yan\u0131na d\u00fc\u015f\u00fcyorsunuz\u201d diyerek, ABD\u2019den neden hi\u00e7 bahsetmedi\u011fini sormu\u015f. Zileli\u2019nin yan\u0131t\u0131 aynen \u015f\u00f6yle: \u201cEvet, ben de unuttu\u011fumu sonradan fark ettim, belirtilmeliydi.\u201d<\/p>\n<p style=\"text-align: justify;\">\u201cAnar\u015fizm, saray soytar\u0131l\u0131\u011f\u0131d\u0131r\u201d s\u00f6z\u00fcn\u00fc bir kez daha g\u00fcndeme getirdin ya, sana da helal olsun be G\u00fcn Zileli!<\/p>\n<p style=\"text-align: justify;\"><span style=\"color: #888888;\"><em>TUNCA ARSLAN<br \/>\n<\/em><\/span><\/p>\n<p style=\"text-align: justify;\"><span style=\"color: #888888;\"><em>Odatv.com<\/em><\/span><\/p>\n","protected":false},"excerpt":{"rendered":"<p style=\"text-align: center;\">\n<p style=\"text-align: justify;\">Ergenekon davas\u0131, toplumu ve medyay\u0131 ikiye b\u00f6lm\u00fc\u015ft\u00fc. \u00c7in\u2019de ya\u015fanan Urum\u00e7i olaylar\u0131 ise \u201cmuhte\u015fem\u201d bir b\u00fct\u00fcnle\u015fme sa\u011flad\u0131! Bat\u0131\u2019n\u0131n pompalad\u0131\u011f\u0131 yalan dolan, Ergenekon operasyonlar\u0131na rahmet okutacak bi\u00e7imde, alabildi\u011fine renkli bir koro taraf\u0131ndan g\u00fcnlerce tekrarland\u0131. (Urum\u00e7i\u2019de ne olup bitti\u011fi konusunda akl\u0131 ba\u015f\u0131nda ve namuslu davranabilen, en az\u0131ndan ku\u015fkucu olabilen bir avu\u00e7 yazar <\/p>\n","protected":false},"author":1,"featured_media":0,"comment_status":"open","ping_status":"closed","sticky":false,"template":"","format":"standard","meta":{"footnotes":""},"categories":[16],"tags":[],"class_list":["post-35779","post","type-post","status-publish","format-standard","hentry","category-kose-yazilari","odd"],"_links":{"self":[{"href":"http:\/\/www.korhanyilmaz.com\/index.php?rest_route=\/wp\/v2\/posts\/35779","targetHints":{"allow":["GET"]}}],"collection":[{"href":"http:\/\/www.korhanyilmaz.com\/index.php?rest_route=\/wp\/v2\/posts"}],"about":[{"href":"http:\/\/www.korhanyilmaz.com\/index.php?rest_route=\/wp\/v2\/types\/post"}],"author":[{"embeddable":true,"href":"http:\/\/www.korhanyilmaz.com\/index.php?rest_route=\/wp\/v2\/users\/1"}],"replies":[{"embeddable":true,"href":"http:\/\/www.korhanyilmaz.com\/index.php?rest_route=%2Fwp%2Fv2%2Fcomments&post=35779"}],"version-history":[{"count":0,"href":"http:\/\/www.korhanyilmaz.com\/index.php?rest_route=\/wp\/v2\/posts\/35779\/revisions"}],"wp:attachment":[{"href":"http:\/\/www.korhanyilmaz.com\/index.php?rest_route=%2Fwp%2Fv2%2Fmedia&parent=35779"}],"wp:term":[{"taxonomy":"category","embeddable":true,"href":"http:\/\/www.korhanyilmaz.com\/index.php?rest_route=%2Fwp%2Fv2%2Fcategories&post=35779"},{"taxonomy":"post_tag","embeddable":true,"href":"http:\/\/www.korhanyilmaz.com\/index.php?rest_route=%2Fwp%2Fv2%2Ftags&post=35779"}],"curies":[{"name":"wp","href":"https:\/\/api.w.org\/{rel}","templated":true}]}}