{"id":35777,"date":"2009-07-17T23:42:47","date_gmt":"2009-07-17T20:42:47","guid":{"rendered":"http:\/\/www.korhanyilmaz.com\/?p=11648"},"modified":"2009-07-17T23:42:47","modified_gmt":"2009-07-17T20:42:47","slug":"fenerbahcenin-hedefi-armero-2","status":"publish","type":"post","link":"http:\/\/www.korhanyilmaz.com\/?p=35777","title":{"rendered":"Fenerbah\u00e7e&#039;nin hedefi Armero"},"content":{"rendered":"<p style=\"text-align: center;\"><img loading=\"lazy\" decoding=\"async\" class=\"aligncenter size-full wp-image-11649\" title=\"Palmeiras'\u0131n Kolombiyal\u0131 sol beki Pablo Armero\" src=\"http:\/\/www.korhanyilmaz.com\/wp-content\/uploads\/2009\/07\/FENER.jpg\" alt=\"Palmeiras'\u0131n Kolombiyal\u0131 sol beki Pablo Armero\" width=\"234\" height=\"200\" \/><\/p>\n<p style=\"text-align: justify;\">Brezilya bas\u0131n\u0131, Fenerbah\u00e7e&#8217;nin Palmeiras&#8217;\u0131n Kolombiyal\u0131 sol beki Pablo Armero&#8217;nun pe\u015finde oldu\u011funu iddia ediyor.<\/p>\n<p style=\"text-align: justify;\">Fenerbah\u00e7e, sportif direkt\u00f6r Aykut Kocaman vas\u0131tas\u0131yla y\u00fcr\u00fctt\u00fc\u011f\u00fc Brezilya&#8217;daki transfer \u00e7al\u0131\u015fmalar\u0131nda rotay\u0131 Kolombiyal\u0131 bir oyuncuya \u00e7evirdi.<\/p>\n<p style=\"text-align: justify;\">Brezilya bas\u0131n\u0131, sar\u0131-lacivertli tak\u0131m\u0131n, Palmeiras&#8217;\u0131n Kolombiyal\u0131 sol beki Pablo Armero ile ilgilendi\u011fini iddia ediyor.<\/p>\n<p style=\"text-align: justify;\">22 ya\u015f\u0131ndaki Armero&#8217;yu Palmeiras&#8217;\u0131n Flamengo&#8217;yu 2-1 yendi\u011fi lig ma\u00e7\u0131nda izleyen Fenerbah\u00e7eli yetkililerin, \u00f6n\u00fcm\u00fczdeki g\u00fcnlerde Palmeiras&#8217;a resmi teklif yapaca\u011f\u0131 belirtiliyor. <!--more--><\/p>\n<p style=\"text-align: justify;\">Palmeiras ile 2011 sonuna kadar s\u00f6zle\u015fmesi bulunan Armero&#8217;nun haklar\u0131 Turbo Sports isimli menajerlik firmas\u0131nda. Turbo Sports, Kolombiya milli tak\u0131m\u0131nda da forma giyen oyuncu i\u00e7in bu y\u0131l\u0131n ba\u015f\u0131nda 4.5 milyon dolar \u00f6demi\u015fti.<\/p>\n<p style=\"text-align: justify;\">Palmeiras&#8217;\u0131n futbol direkt\u00f6r\u00fc Saverio Orlandi, Armero i\u00e7in hi\u00e7bir kul\u00fcpten resmi teklif almad\u0131klar\u0131n\u0131 s\u00f6yledi.<\/p>\n<p style=\"text-align: justify;\">Profesyonel kariyerine, altyap\u0131s\u0131nda yeti\u015fti\u011fi America Cali&#8217;de 2004 y\u0131l\u0131nda ba\u015flayan Armero bu tak\u0131mda 108 ma\u00e7ta alt\u0131 gol kaydetti. Gen\u00e7 futbolcu Palmeiras formas\u0131yla 34 ma\u00e7a \u00e7\u0131kt\u0131.<\/p>\n<p style=\"text-align: justify;\">Armero, ilk kez ge\u00e7ti\u011fimiz y\u0131lki 5-2&#8217;lik Venezuela galibiyetinde g\u00f6rev yapt\u0131\u011f\u0131 Kolombiya milli tak\u0131m\u0131nda yedi kez oynad\u0131.<\/p>\n<p style=\"text-align: justify;\"><em>CNN T\u00dcRK<\/em><\/p>\n","protected":false},"excerpt":{"rendered":"<p style=\"text-align: center;\">\n<p style=\"text-align: justify;\">Brezilya bas\u0131n\u0131, Fenerbah\u00e7e&#8217;nin Palmeiras&#8217;\u0131n Kolombiyal\u0131 sol beki Pablo Armero&#8217;nun pe\u015finde oldu\u011funu iddia ediyor.<\/p>\n<p style=\"text-align: justify;\">Fenerbah\u00e7e, sportif direkt\u00f6r Aykut Kocaman vas\u0131tas\u0131yla y\u00fcr\u00fctt\u00fc\u011f\u00fc Brezilya&#8217;daki transfer \u00e7al\u0131\u015fmalar\u0131nda rotay\u0131 Kolombiyal\u0131 bir oyuncuya \u00e7evirdi.<\/p>\n<p style=\"text-align: justify;\">Brezilya bas\u0131n\u0131, sar\u0131-lacivertli tak\u0131m\u0131n, Palmeiras&#8217;\u0131n Kolombiyal\u0131 sol beki Pablo Armero ile ilgilendi\u011fini iddia ediyor.<\/p>\n<p style=\"text-align: justify;\">22 ya\u015f\u0131ndaki <\/p>\n","protected":false},"author":1,"featured_media":0,"comment_status":"open","ping_status":"closed","sticky":false,"template":"","format":"standard","meta":{"footnotes":""},"categories":[42],"tags":[],"class_list":["post-35777","post","type-post","status-publish","format-standard","hentry","category-spor","odd"],"_links":{"self":[{"href":"http:\/\/www.korhanyilmaz.com\/index.php?rest_route=\/wp\/v2\/posts\/35777","targetHints":{"allow":["GET"]}}],"collection":[{"href":"http:\/\/www.korhanyilmaz.com\/index.php?rest_route=\/wp\/v2\/posts"}],"about":[{"href":"http:\/\/www.korhanyilmaz.com\/index.php?rest_route=\/wp\/v2\/types\/post"}],"author":[{"embeddable":true,"href":"http:\/\/www.korhanyilmaz.com\/index.php?rest_route=\/wp\/v2\/users\/1"}],"replies":[{"embeddable":true,"href":"http:\/\/www.korhanyilmaz.com\/index.php?rest_route=%2Fwp%2Fv2%2Fcomments&post=35777"}],"version-history":[{"count":0,"href":"http:\/\/www.korhanyilmaz.com\/index.php?rest_route=\/wp\/v2\/posts\/35777\/revisions"}],"wp:attachment":[{"href":"http:\/\/www.korhanyilmaz.com\/index.php?rest_route=%2Fwp%2Fv2%2Fmedia&parent=35777"}],"wp:term":[{"taxonomy":"category","embeddable":true,"href":"http:\/\/www.korhanyilmaz.com\/index.php?rest_route=%2Fwp%2Fv2%2Fcategories&post=35777"},{"taxonomy":"post_tag","embeddable":true,"href":"http:\/\/www.korhanyilmaz.com\/index.php?rest_route=%2Fwp%2Fv2%2Ftags&post=35777"}],"curies":[{"name":"wp","href":"https:\/\/api.w.org\/{rel}","templated":true}]}}