{"id":35776,"date":"2009-07-16T17:46:38","date_gmt":"2009-07-16T14:46:38","guid":{"rendered":"http:\/\/www.korhanyilmaz.com\/?p=11477"},"modified":"2009-07-16T17:46:38","modified_gmt":"2009-07-16T14:46:38","slug":"erdoganin-soykirim-cureti-gulunc-2","status":"publish","type":"post","link":"http:\/\/www.korhanyilmaz.com\/?p=35776","title":{"rendered":"Erdo\u011fan&#039;\u0131n &#039;soyk\u0131r\u0131m&#039; c\u00fcreti g\u00fcl\u00fcn\u00e7"},"content":{"rendered":"<p style=\"text-align: center;\"><img loading=\"lazy\" decoding=\"async\" class=\"aligncenter size-full wp-image-11478\" src=\"http:\/\/www.korhanyilmaz.com\/wp-content\/uploads\/2009\/07\/fft28_mf209747.Jpeg\" alt=\"\" width=\"306\" height=\"204\" \/><\/p>\n<p style=\"text-align: justify;\">T\u00fcrkiye Ba\u015fbakan\u0131 Tayyip Erdo\u011fan Uygurlar\u0131n \u00f6ld\u00fcr\u00fclmesine tepki g\u00f6sterirken bu mezalimi soyk\u0131r\u0131ma benzetti.<\/p>\n<p style=\"text-align: justify;\">Etnik \u00e7at\u0131\u015fmalarda, \u00e7ok say\u0131da Uygur da dahil, 150\u2019den fazla insan hayat\u0131n\u0131 kaybetti. Erdo\u011fan, \u201c\u00c7in\u2019deki bu olaylar adeta soyk\u0131r\u0131md\u0131r\u201d diyor ve ekliyordu: \u201c\u00c7in h\u00fck\u00fcmetinden bu olaylara seyirci kalmamas\u0131n\u0131 istiyoruz. Orada bir vah\u015fet ya\u015fand\u0131\u011f\u0131 a\u00e7\u0131k\u00e7a ortada.\u201d \u00c7in\u2019deki olaylar\u0131n k\u0131nanmas\u0131 gerekti\u011fine en ufak bir ku\u015fku yok. Ancak burada, bize \u2018Camdan evlerde oturan insanlar ta\u015f atmamal\u0131d\u0131r\u2019 deyi\u015fini hat\u0131rlatan bir di\u011fer fakt\u00f6r s\u00f6z konusu.<!--more--><\/p>\n<p style=\"text-align: justify;\">T\u00fcrkiye de soyk\u0131r\u0131mdan ve ink\u00e2rdan m\u00fcte\u015fekkil bir sicile sahip, zira 1.5 milyon Ermeni\u2019nin \u00f6ld\u00fcr\u00fclmesi h\u00e2l\u00e2 kabul edilmi\u015f de\u011fil. T\u00fcrkiye\u2019nin ellerinde K\u00fcrt kan\u0131 da var. Erdo\u011fan a\u00e7\u0131s\u0131ndan, bir yandan onlarca Uygur\u2019un \u00f6ld\u00fcr\u00fclmesini soyk\u0131r\u0131mla k\u0131yaslarken, di\u011fer yandan bir bu\u00e7uk milyon Ermeni\u2019nin \u00f6ld\u00fcr\u00fclmesini ink\u00e2r etmek i\u00e7in milyonlar harcamaya devam etme c\u00fcretine sahip olmas\u0131, (hafif tabiriyle s\u00f6ylemek gerekirse) g\u00fcl\u00fcn\u00e7t\u00fcr. L\u00e2kin \u015fu soru da sorulmal\u0131: Uygurlara ya da Do\u011fu Avrupa ve Filistin topraklar\u0131ndaki mezalimlere atfen soyk\u0131r\u0131m kavram\u0131n\u0131 kullanmakta hi\u00e7 teredd\u00fct g\u00f6stermeyen Erdo\u011fan, \u20181915 olaylar\u0131\u2019na atfen de soyk\u0131r\u0131m kelimesini kullanacak m\u0131?<\/p>\n<p style=\"text-align: justify;\">Neticede, resmi T\u00fcrk kay\u0131tlar\u0131na g\u00f6re bile, 1915\u2019te \u00f6ld\u00fcr\u00fclen insanlar\u0131n say\u0131s\u0131 150\u2019den fazlayd\u0131&#8230;<\/p>\n<p style=\"text-align: justify;\"><em><span style=\"color: #000000;\">(ABD\u2019de \u0130ngilizce yay\u0131mlanan haftal\u0131k Ermeni dergisi, ba\u015fyaz\u0131, 13 Temmuz 2009)<\/span><\/em><\/p>\n<p style=\"text-align: justify;\"><span style=\"color: #888888;\">Radikal<\/span><\/p>\n","protected":false},"excerpt":{"rendered":"<p style=\"text-align: center;\">\n<p style=\"text-align: justify;\">T\u00fcrkiye Ba\u015fbakan\u0131 Tayyip Erdo\u011fan Uygurlar\u0131n \u00f6ld\u00fcr\u00fclmesine tepki g\u00f6sterirken bu mezalimi soyk\u0131r\u0131ma benzetti.<\/p>\n<p style=\"text-align: justify;\">Etnik \u00e7at\u0131\u015fmalarda, \u00e7ok say\u0131da Uygur da dahil, 150\u2019den fazla insan hayat\u0131n\u0131 kaybetti. Erdo\u011fan, \u201c\u00c7in\u2019deki bu olaylar adeta soyk\u0131r\u0131md\u0131r\u201d diyor ve ekliyordu: \u201c\u00c7in h\u00fck\u00fcmetinden bu olaylara seyirci kalmamas\u0131n\u0131 istiyoruz. Orada bir vah\u015fet ya\u015fand\u0131\u011f\u0131 a\u00e7\u0131k\u00e7a ortada.\u201d \u00c7in\u2019deki olaylar\u0131n <\/p>\n","protected":false},"author":1,"featured_media":0,"comment_status":"open","ping_status":"closed","sticky":false,"template":"","format":"standard","meta":{"footnotes":""},"categories":[3],"tags":[],"class_list":["post-35776","post","type-post","status-publish","format-standard","hentry","category-dunya","odd"],"_links":{"self":[{"href":"http:\/\/www.korhanyilmaz.com\/index.php?rest_route=\/wp\/v2\/posts\/35776","targetHints":{"allow":["GET"]}}],"collection":[{"href":"http:\/\/www.korhanyilmaz.com\/index.php?rest_route=\/wp\/v2\/posts"}],"about":[{"href":"http:\/\/www.korhanyilmaz.com\/index.php?rest_route=\/wp\/v2\/types\/post"}],"author":[{"embeddable":true,"href":"http:\/\/www.korhanyilmaz.com\/index.php?rest_route=\/wp\/v2\/users\/1"}],"replies":[{"embeddable":true,"href":"http:\/\/www.korhanyilmaz.com\/index.php?rest_route=%2Fwp%2Fv2%2Fcomments&post=35776"}],"version-history":[{"count":0,"href":"http:\/\/www.korhanyilmaz.com\/index.php?rest_route=\/wp\/v2\/posts\/35776\/revisions"}],"wp:attachment":[{"href":"http:\/\/www.korhanyilmaz.com\/index.php?rest_route=%2Fwp%2Fv2%2Fmedia&parent=35776"}],"wp:term":[{"taxonomy":"category","embeddable":true,"href":"http:\/\/www.korhanyilmaz.com\/index.php?rest_route=%2Fwp%2Fv2%2Fcategories&post=35776"},{"taxonomy":"post_tag","embeddable":true,"href":"http:\/\/www.korhanyilmaz.com\/index.php?rest_route=%2Fwp%2Fv2%2Ftags&post=35776"}],"curies":[{"name":"wp","href":"https:\/\/api.w.org\/{rel}","templated":true}]}}