{"id":35774,"date":"2009-07-16T13:24:38","date_gmt":"2009-07-16T10:24:38","guid":{"rendered":"http:\/\/www.korhanyilmaz.com\/?p=11544"},"modified":"2009-07-16T13:24:38","modified_gmt":"2009-07-16T10:24:38","slug":"%e2%80%98hukumet-zammi-al-basina-cal-2","status":"publish","type":"post","link":"http:\/\/www.korhanyilmaz.com\/?p=35774","title":{"rendered":"\u2018H\u00fck\u00fcmet &#039; Zamm\u0131 Al Ba\u015f\u0131na \u00c7al ! &#039;"},"content":{"rendered":"<p><img loading=\"lazy\" decoding=\"async\" class=\"aligncenter size-full wp-image-11545\" src=\"http:\/\/www.korhanyilmaz.com\/wp-content\/uploads\/2009\/07\/worker_1247740234.jpg\" alt=\"\" width=\"300\" height=\"230\" \/><\/p>\n<p style=\"text-align: justify;\">KESK \u00fcyeleri h\u00fck\u00fcmetin kamu emek\u00e7ilerine yapt\u0131\u011f\u0131 y\u00fczde 4,5 oran\u0131ndaki zamm\u0131 Ankara ile \u0130zmir\u2019de yap\u0131lan bas\u0131n a\u00e7\u0131klamalar\u0131yla protesto etti. KESK Ankara \u015eubeler Platformu, H\u00fck\u00fcmetin kamu emek\u00e7ilerine yapt\u0131\u011f\u0131 y\u00fczde 4,5 oran\u0131ndaki zamm\u0131 protesto etmek i\u00e7in maa\u015f bordrolar\u0131n\u0131 yakt\u0131. K\u0131z\u0131lay Yeni Karam\u00fcrsel Ma\u011fazas\u0131 \u00f6n\u00fcnde bir araya gelen eylemciler s\u0131k s\u0131k \u201cH\u00fck\u00fcmet zamm\u0131n\u0131 al ba\u015f\u0131na \u00e7al\u201d slogan\u0131 att\u0131.<\/p>\n<p style=\"text-align: justify;\">Burada eylemciler at\u0131nda konu\u015fan KESK Genel Sekreteri Emirali \u015eim\u015fek, \u201cBug\u00fcn bordrolar\u0131m\u0131z\u0131 yak\u0131yoruz. \u00c7\u00fcnk\u00fc siyasi iktidar\u0131n kamu emek\u00e7ilerine yapt\u0131\u011f\u0131 y\u00fczde 4,5\u2019luk zamm\u0131 kabul etmemiz m\u00fcmk\u00fcn de\u011fil. H\u00fck\u00fcmetin yanda\u015f sendikalarla her y\u0131l sahneye koydu\u011fu ve art\u0131k komik bir yan\u0131 dahi kalmayan toplu g\u00f6r\u00fc\u015fme komedisini reddediyoruz\u201d dedi.<!--more--><\/p>\n<p style=\"text-align: justify;\">Kamu-Sen\u2019in ve Memur-Sen\u2019in H\u00fck\u00fcmete kar\u015f\u0131 gereken tavr\u0131 almad\u0131klar\u0131n\u0131 ifade eden \u015eim\u015fek, \u015funlar\u0131 kaydetti: \u201cSendikalar hak arama \u00f6rg\u00fctleridir. E\u011fer ger\u00e7ekten kendinizi sendikal m\u00fccadelenin bir par\u00e7as\u0131 olarak g\u00f6r\u00fcyorsan\u0131z sendikac\u0131l\u0131k oynamay\u0131n. Bu siyasi iktidar d\u00f6neminde emek\u00e7ilerin reel kayb\u0131n\u0131n y\u00fczde 30\u2019lar\u0131 a\u015ft\u0131\u011f\u0131n\u0131, g\u0131dada al\u0131m g\u00fcc\u00fcn\u00fcn 22 Temmuz\u2019dan bu yana ge\u00e7en 2 y\u0131lda y\u00fczde 40 eridi\u011fini unutmay\u0131n. Harcama \u00e7ekleri pe\u015finde ko\u015fmay\u0131n, hak alma m\u00fccadelesi verin. H\u00fck\u00fcmetin \u00e7\u0131karlar\u0131n\u0131 de\u011fil \u00fcyelerinizin, kamu emek\u00e7ilerinin \u00e7\u0131karlar\u0131n\u0131 savunun.\u201d  \u015eim\u015fek, h\u00fck\u00fcmete kamu emek\u00e7ileriyle toplu g\u00f6r\u00fc\u015fme masas\u0131na oturma \u00e7a\u011fr\u0131s\u0131nda bulundu.<\/p>\n<p style=\"text-align: justify;\"><span style=\"color: #888888;\">Kaynak : BirG\u00fcn<\/span><\/p>\n","protected":false},"excerpt":{"rendered":"<\/p>\n<p style=\"text-align: justify;\">KESK \u00fcyeleri h\u00fck\u00fcmetin kamu emek\u00e7ilerine yapt\u0131\u011f\u0131 y\u00fczde 4,5 oran\u0131ndaki zamm\u0131 Ankara ile \u0130zmir\u2019de yap\u0131lan bas\u0131n a\u00e7\u0131klamalar\u0131yla protesto etti. KESK Ankara \u015eubeler Platformu, H\u00fck\u00fcmetin kamu emek\u00e7ilerine yapt\u0131\u011f\u0131 y\u00fczde 4,5 oran\u0131ndaki zamm\u0131 protesto etmek i\u00e7in maa\u015f bordrolar\u0131n\u0131 yakt\u0131. K\u0131z\u0131lay Yeni Karam\u00fcrsel Ma\u011fazas\u0131 \u00f6n\u00fcnde bir araya gelen eylemciler s\u0131k s\u0131k \u201cH\u00fck\u00fcmet zamm\u0131n\u0131 al ba\u015f\u0131na \u00e7al\u201d <\/p>\n","protected":false},"author":1,"featured_media":0,"comment_status":"open","ping_status":"closed","sticky":false,"template":"","format":"standard","meta":{"footnotes":""},"categories":[7],"tags":[],"class_list":["post-35774","post","type-post","status-publish","format-standard","hentry","category-ekonomi","odd"],"_links":{"self":[{"href":"http:\/\/www.korhanyilmaz.com\/index.php?rest_route=\/wp\/v2\/posts\/35774","targetHints":{"allow":["GET"]}}],"collection":[{"href":"http:\/\/www.korhanyilmaz.com\/index.php?rest_route=\/wp\/v2\/posts"}],"about":[{"href":"http:\/\/www.korhanyilmaz.com\/index.php?rest_route=\/wp\/v2\/types\/post"}],"author":[{"embeddable":true,"href":"http:\/\/www.korhanyilmaz.com\/index.php?rest_route=\/wp\/v2\/users\/1"}],"replies":[{"embeddable":true,"href":"http:\/\/www.korhanyilmaz.com\/index.php?rest_route=%2Fwp%2Fv2%2Fcomments&post=35774"}],"version-history":[{"count":0,"href":"http:\/\/www.korhanyilmaz.com\/index.php?rest_route=\/wp\/v2\/posts\/35774\/revisions"}],"wp:attachment":[{"href":"http:\/\/www.korhanyilmaz.com\/index.php?rest_route=%2Fwp%2Fv2%2Fmedia&parent=35774"}],"wp:term":[{"taxonomy":"category","embeddable":true,"href":"http:\/\/www.korhanyilmaz.com\/index.php?rest_route=%2Fwp%2Fv2%2Fcategories&post=35774"},{"taxonomy":"post_tag","embeddable":true,"href":"http:\/\/www.korhanyilmaz.com\/index.php?rest_route=%2Fwp%2Fv2%2Ftags&post=35774"}],"curies":[{"name":"wp","href":"https:\/\/api.w.org\/{rel}","templated":true}]}}