{"id":35773,"date":"2009-07-16T12:53:18","date_gmt":"2009-07-16T09:53:18","guid":{"rendered":"http:\/\/www.korhanyilmaz.com\/?p=11469"},"modified":"2009-07-16T12:53:18","modified_gmt":"2009-07-16T09:53:18","slug":"israil-savas-gemileri-kizildenize-acildi-2","status":"publish","type":"post","link":"http:\/\/www.korhanyilmaz.com\/?p=35773","title":{"rendered":"\u0130srail sava\u015f gemileri K\u0131z\u0131ldeniz&#039;e a\u00e7\u0131ld\u0131"},"content":{"rendered":"<p style=\"text-align: center;\"><img loading=\"lazy\" decoding=\"async\" class=\"aligncenter size-full wp-image-11470\" src=\"http:\/\/www.korhanyilmaz.com\/wp-content\/uploads\/2009\/07\/savas.jpg\" alt=\"\" width=\"269\" height=\"207\" \/><\/p>\n<p style=\"text-align: justify;\">M\u0131s\u0131r&#8217;\u0131n yard\u0131m\u0131yla S\u00fcvey\u015f kanal\u0131ndan K\u0131z\u0131ldeniz&#8217;e ge\u00e7en \u0130srail donanmas\u0131na ait iki sava\u015f gemisinin, Bat\u0131l\u0131 bir \u00fclkenin bayra\u011f\u0131n\u0131 kullanarak Basra K\u00f6rfezi&#8217;nde konu\u015flanaca\u011f\u0131 iddia edildi. \u0130srailli bir Savunma yetkilisi de, sava\u015f gemilerinin S\u00fcvey\u015f kanal\u0131ndan ge\u00e7erek K\u0131z\u0131ldeniz&#8217;e a\u00e7\u0131lmas\u0131n\u0131n &#8220;ciddiye al\u0131nmas\u0131&#8221; gerekti\u011fini s\u00f6yledi.<\/p>\n<p style=\"text-align: justify;\">\u0130ran bas\u0131n\u0131nda \u00e7\u0131kan haberlerde, K\u0131z\u0131ldeniz&#8217;de konu\u015flanaca\u011f\u0131 belirtilen Hanit ve Eylat adl\u0131 \u0130srail sava\u015f gemilerinin as\u0131l hedefinin \u0130ran&#8217;a mesaj vermek i\u00e7in Basra K\u00f6rfezi ya da Umman Denizi&#8217;nde konu\u015flanmak oldu\u011fu belirtildi.<\/p>\n<p style=\"text-align: justify;\">Sava\u015f gemilerinin, gizlice ve Bat\u0131l\u0131 \u00fclkelerin bayra\u011f\u0131n\u0131 ta\u015f\u0131yarak \u0130ran karasular\u0131na yak\u0131n b\u00f6lgelerde konu\u015flanmas\u0131n\u0131n planland\u0131\u011f\u0131 kaydedildi.<\/p>\n<p style=\"text-align: justify;\">M\u0131s\u0131r h\u00fck\u00fcmetinin, ilk ba\u015fta sava\u015f gemilerinin ge\u00e7i\u015fini yalanlad\u0131\u011f\u0131, ancak \u0130srailli yetkililerin resmi a\u00e7\u0131klamas\u0131ndan sonra ger\u00e7e\u011fi itiraf etmek zorunda kald\u0131\u011f\u0131 belirtildi. <!--more--><\/p>\n<p style=\"text-align: justify;\">\u0130srail bas\u0131n\u0131nda yer alan haberlerde, b\u00fcy\u00fck tonajl\u0131 sava\u015f gemilerinin, K\u0131z\u0131ldeniz&#8217;de askeri tatbikata kat\u0131laca\u011f\u0131 ifade edilmi\u015fti.<\/p>\n<p style=\"text-align: justify;\">Baz\u0131 kaynaklar ise \u0130ran&#8217;\u0131n korsanlarla m\u00fccadele i\u00e7in Somali sahili ve Aden K\u00f6rfezi&#8217;ne g\u00f6nderdi\u011fi sava\u015f filosuna bir cevap olarak \u0130srail&#8217;in b\u00f6lgeye sava\u015f gemilerini g\u00f6nderdi\u011fini belirtiyor.<\/p>\n<p style=\"text-align: justify;\">\u0130srail&#8217;in bu hareketiyle M\u0131s\u0131r ve baz\u0131 di\u011fer Arap \u00fclkeleriyle aras\u0131n\u0131n iyi oldu\u011funu ve \u0130ran kar\u015f\u0131s\u0131nda ortak bir cephede yer ald\u0131klar\u0131n\u0131 g\u00f6stermek istedi\u011fi yorumlar\u0131 da yap\u0131l\u0131yor.<\/p>\n<p style=\"text-align: justify;\">\u0130srail sava\u015f gemilerinden ilkinin haziranda ikincisinin \u00f6nceki g\u00fcn K\u0131z\u0131ldeniz&#8217;e ge\u00e7ti\u011fi kaydedilirken, Dolfin s\u0131n\u0131f\u0131 bir denizalt\u0131n\u0131n da yine bir s\u00fcre \u00f6nce S\u00fcvey\u015f&#8217;ten K\u0131z\u0131ldeniz&#8217;e ge\u00e7ti\u011fi d\u00fcnya bas\u0131n\u0131nda yer alm\u0131\u015ft\u0131.<\/p>\n<p style=\"text-align: justify;\">\u0130srailli yetkili: &#8220;Sava\u015f gemilerinin manevras\u0131 ciddiye al\u0131nmal\u0131&#8221;<\/p>\n<p style=\"text-align: justify;\">\u0130srailli bir Savunma yetkilisi, \u0130srail&#8217;in, aralar\u0131nda bir n\u00fckleer denizalt\u0131n\u0131n da bulundu\u011fu sava\u015f gemilerinin S\u00fcvey\u015f kanal\u0131ndan ge\u00e7erek K\u0131z\u0131ldeniz&#8217;e a\u00e7\u0131lmas\u0131n\u0131n &#8220;ciddiye al\u0131nmas\u0131&#8221; gerekti\u011fini s\u00f6yledi.<\/p>\n<p style=\"text-align: justify;\">\u0130srailli yetkilinin, \u0130ngiliz Times gazetesine yapt\u0131\u011f\u0131 a\u00e7\u0131klama, \u0130srail bas\u0131n\u0131n\u0131n internet sayfalar\u0131n\u0131n hemen t\u00fcm\u00fcne yans\u0131d\u0131.<\/p>\n<p style=\"text-align: justify;\">Bunun \u0130ran&#8217;\u0131n n\u00fckleer tesislerine muhtemel bir sald\u0131r\u0131n\u0131n haz\u0131rl\u0131\u011f\u0131 olarak g\u00f6r\u00fcld\u00fc\u011f\u00fc belirtilirken, ad\u0131 a\u00e7\u0131klanmayan \u0130srailli yetkili, &#8220;\u0130srail, zamana yat\u0131r\u0131m yaparak, \u0130ran&#8217;a olas\u0131 bir sald\u0131r\u0131n\u0131n karma\u015f\u0131kl\u0131\u011f\u0131na haz\u0131rlan\u0131yor. Bu manevralar \u0130ran&#8217;a, \u0130srail&#8217;in, (\u0130ran&#8217;\u0131n) tehditlerinin arkas\u0131na d\u00fc\u015fece\u011fi yolunda bir mesajd\u0131r&#8221; ifadesini kulland\u0131.<\/p>\n<p style=\"text-align: justify;\">Times&#8217;\u0131n haberinin, Arap kaynaklar\u0131n, \u0130srail&#8217;in son derece geli\u015fkin ve f\u00fcze donan\u0131ml\u0131 iki sava\u015f gemisinin S\u00fcvey\u015f&#8217;ten ge\u00e7erek K\u0131z\u0131ldeniz&#8217;e a\u00e7\u0131ld\u0131\u011f\u0131 yolundaki bilgilerin ortaya \u00e7\u0131kmas\u0131n\u0131n hemen ard\u0131ndan geldi\u011fine dikkat \u00e7ekiliyor.<\/p>\n<p style=\"text-align: justify;\">\u0130srail&#8217;in Dolfin tipi bir n\u00fckleer denizalt\u0131s\u0131n\u0131n ge\u00e7en ay\u0131n sonunda S\u00fcvey\u015f&#8217;ten ge\u00e7ip, sonra geri d\u00f6nd\u00fc\u011f\u00fc yolundaki haberi, daha sonra Hanit ve Eylat adl\u0131 f\u00fcze donan\u0131ml\u0131, Sa&#8217;ar 5 tipi iki sava\u015f gemisinin daha kanaldan ge\u00e7ip K\u0131z\u0131ldeniz&#8217;e a\u00e7\u0131ld\u0131\u011f\u0131 haberleri izlemi\u015f, Eylat&#8217;\u0131n sal\u0131 g\u00fcn\u00fc K\u0131z\u0131ldeniz&#8217;e ge\u00e7ti\u011fi bildirilmi\u015fti.<\/p>\n<p style=\"text-align: justify;\">\u0130srailli Savunma yetkilisi ayr\u0131ca, \u0130srail&#8217;in kamuoyu \u00f6n\u00fcndeki bu uzun vadeli manevralar\u0131n\u0131n rastgele manevralar olmad\u0131\u011f\u0131n\u0131 belirterek, &#8220;Bu gizli bir operasyon de\u011fil&#8230; \u0130srail&#8217;in yapabileceklerini ortaya koyan bir vitrindir&#8221; ifadesini kulland\u0131.<\/p>\n<p style=\"text-align: justify;\">Ayn\u0131 yetkili, \u0130srail&#8217;in daha \u00f6nceki, Yunanistan ile \u0130srail Hava Kuvvetleri&#8217;nin Cebelitar\u0131k&#8217;taki uzun d\u00f6nemli tatbikatlar\u0131na ili\u015fkin haberleri de hat\u0131rlatt\u0131.<\/p>\n<p style=\"text-align: justify;\">Times ise \u0130srail Hava Kuvvetleri ile ABD&#8217;nin gelecek g\u00fcnlerde, Arrow f\u00fczelerini teste tabi tutmak amac\u0131yla Pasifik okyanusunda yapacaklar\u0131 ortak faaliyeti de an\u0131msatt\u0131.<\/p>\n<p style=\"text-align: justify;\">\u0130srail&#8217;in bir s\u00fcre \u00f6nce \u0130ran&#8217;\u0131n n\u00fckleer bir g\u00fcce sahip olmas\u0131ndan endi\u015fe eden baz\u0131 Arap \u00fclkeleriyle diplomatik ba\u011flar\u0131n\u0131 g\u00fc\u00e7lendirme \u00e7abalar\u0131na da dikkat \u00e7ekilirken, \u00f6zellikle M\u0131s\u0131r ile ili\u015fkilerin, \u0130ran&#8217;a kar\u015f\u0131 ayn\u0131 g\u00fcvensizli\u011fi payla\u015fan iki \u00fclke olarak giderek daha g\u00fc\u00e7lendi\u011fine vurgu yap\u0131ld\u0131.<\/p>\n<p style=\"text-align: justify;\">\u00d6te yandan Times, ayn\u0131 haberde, \u0130srail ile Bat\u0131l\u0131 liderler aras\u0131nda \u015fekillenmeye ba\u015flanan anla\u015fman\u0131n, Filistinliler ve Arap kom\u015fular\u0131yla bar\u0131\u015f g\u00f6r\u00fc\u015fmelerinde tavizler kar\u015f\u0131l\u0131\u011f\u0131, \u0130srail&#8217;in \u0130ran&#8217;\u0131n n\u00fckleer tesislerine olas\u0131 bir sald\u0131r\u0131s\u0131na kar\u015f\u0131 uluslararas\u0131 deste\u011fi kolayla\u015ft\u0131raca\u011f\u0131n\u0131 yazd\u0131.<\/p>\n<p style=\"text-align: justify;\">Gazeteye a\u00e7\u0131klama yapan bir \u0130ngiliz yetkili, b\u00f6yle bir yakla\u015f\u0131m\u0131n, bir y\u0131l i\u00e7inde bir \u0130srail sald\u0131r\u0131s\u0131na imkan sa\u011flayabilece\u011fini \u00f6ne s\u00fcrd\u00fc.<\/p>\n<p style=\"text-align: justify;\">Kimli\u011fi a\u00e7\u0131klanmayan diplomatlara g\u00f6re, \u0130srail, \u0130ran&#8217;a olas\u0131 bir operasyon i\u00e7in uluslararas\u0131 destek kar\u015f\u0131l\u0131\u011f\u0131nda, bir Filistin devletinin olu\u015fturulmas\u0131na, yerle\u015fim politikas\u0131nda ve Arap kom\u015fular\u0131yla ili\u015fki konular\u0131nda tavizler \u00f6nermeye haz\u0131r. Avrupal\u0131 bir diplomat, gazeteye, &#8220;\u0130srail, \u0130ran tehdidini, yerle\u015fimlerle yer de\u011fi\u015ftirme yolunu se\u00e7ti&#8221; diye konu\u015ftu.<\/p>\n<p style=\"text-align: justify;\"><span style=\"color: #888888;\">CNN T\u00dcRK<\/span><\/p>\n","protected":false},"excerpt":{"rendered":"<p style=\"text-align: center;\">\n<p style=\"text-align: justify;\">M\u0131s\u0131r&#8217;\u0131n yard\u0131m\u0131yla S\u00fcvey\u015f kanal\u0131ndan K\u0131z\u0131ldeniz&#8217;e ge\u00e7en \u0130srail donanmas\u0131na ait iki sava\u015f gemisinin, Bat\u0131l\u0131 bir \u00fclkenin bayra\u011f\u0131n\u0131 kullanarak Basra K\u00f6rfezi&#8217;nde konu\u015flanaca\u011f\u0131 iddia edildi. \u0130srailli bir Savunma yetkilisi de, sava\u015f gemilerinin S\u00fcvey\u015f kanal\u0131ndan ge\u00e7erek K\u0131z\u0131ldeniz&#8217;e a\u00e7\u0131lmas\u0131n\u0131n &#8220;ciddiye al\u0131nmas\u0131&#8221; gerekti\u011fini s\u00f6yledi.<\/p>\n<p style=\"text-align: justify;\">\u0130ran bas\u0131n\u0131nda \u00e7\u0131kan haberlerde, K\u0131z\u0131ldeniz&#8217;de konu\u015flanaca\u011f\u0131 belirtilen Hanit ve Eylat <\/p>\n","protected":false},"author":1,"featured_media":0,"comment_status":"open","ping_status":"closed","sticky":false,"template":"","format":"standard","meta":{"footnotes":""},"categories":[3],"tags":[],"class_list":["post-35773","post","type-post","status-publish","format-standard","hentry","category-dunya","odd"],"_links":{"self":[{"href":"http:\/\/www.korhanyilmaz.com\/index.php?rest_route=\/wp\/v2\/posts\/35773","targetHints":{"allow":["GET"]}}],"collection":[{"href":"http:\/\/www.korhanyilmaz.com\/index.php?rest_route=\/wp\/v2\/posts"}],"about":[{"href":"http:\/\/www.korhanyilmaz.com\/index.php?rest_route=\/wp\/v2\/types\/post"}],"author":[{"embeddable":true,"href":"http:\/\/www.korhanyilmaz.com\/index.php?rest_route=\/wp\/v2\/users\/1"}],"replies":[{"embeddable":true,"href":"http:\/\/www.korhanyilmaz.com\/index.php?rest_route=%2Fwp%2Fv2%2Fcomments&post=35773"}],"version-history":[{"count":0,"href":"http:\/\/www.korhanyilmaz.com\/index.php?rest_route=\/wp\/v2\/posts\/35773\/revisions"}],"wp:attachment":[{"href":"http:\/\/www.korhanyilmaz.com\/index.php?rest_route=%2Fwp%2Fv2%2Fmedia&parent=35773"}],"wp:term":[{"taxonomy":"category","embeddable":true,"href":"http:\/\/www.korhanyilmaz.com\/index.php?rest_route=%2Fwp%2Fv2%2Fcategories&post=35773"},{"taxonomy":"post_tag","embeddable":true,"href":"http:\/\/www.korhanyilmaz.com\/index.php?rest_route=%2Fwp%2Fv2%2Ftags&post=35773"}],"curies":[{"name":"wp","href":"https:\/\/api.w.org\/{rel}","templated":true}]}}