{"id":35771,"date":"2009-07-15T18:30:08","date_gmt":"2009-07-15T15:30:08","guid":{"rendered":"http:\/\/www.korhanyilmaz.com\/?p=11431"},"modified":"2009-07-15T18:30:08","modified_gmt":"2009-07-15T15:30:08","slug":"iranda-ucak-dustu-kurtulan-yok-2","status":"publish","type":"post","link":"http:\/\/www.korhanyilmaz.com\/?p=35771","title":{"rendered":"\u0130ran&#039;da u\u00e7ak d\u00fc\u015ft\u00fc, kurtulan yok!"},"content":{"rendered":"<p><img loading=\"lazy\" decoding=\"async\" class=\"aligncenter size-full wp-image-11432\" src=\"http:\/\/www.korhanyilmaz.com\/wp-content\/uploads\/2009\/07\/iranaksam_35.jpg\" alt=\"\" width=\"312\" height=\"197\" \/><\/p>\n<p style=\"text-align: justify;\">\u0130ran&#8217;da Tahran-Erivan seferi yapmakta olan ve 168 ki\u015fiyi ta\u015f\u0131yan yolcu u\u00e7a\u011f\u0131 \u00fclkenin kuzeyindeki Kazvin kenti yak\u0131nlar\u0131nda d\u00fc\u015ft\u00fc.<\/p>\n<p style=\"text-align: justify;\">TAHRAN &#8211; \u0130ran&#8217;\u0131n resmi haber ajans\u0131 \u0130RNA, Tahran&#8217;dan Ermenistan&#8217;\u0131n ba\u015fkenti Erivan&#8217;a gitmekte olan Tupolev tipi yolcu u\u00e7a\u011f\u0131n\u0131n, Kazvin kenti yak\u0131nlar\u0131nda d\u00fc\u015ft\u00fc\u011f\u00fcn\u00fc, u\u00e7aktaki herkesin \u00f6ld\u00fc\u011f\u00fcn\u00fc duyurdu.<\/p>\n<p style=\"text-align: justify;\">\u0130RNA, bilginin, enkaza ula\u015fan bir itfaiye \u00e7al\u0131\u015fan\u0131ndan iletildi\u011fini belirtti.<\/p>\n<p style=\"text-align: justify;\">\u0130ran devlet televizyonu u\u00e7akta 168 ki\u015finin bulndu\u011funu duyurdu. \u0130lk bilgiler, u\u00e7a\u011f\u0131n havaland\u0131ktan sonra alev ald\u0131\u011f\u0131 ve tamamen par\u00e7aland\u0131\u011f\u0131 y\u00f6n\u00fcnde. <!--more--><\/p>\n<p style=\"text-align: justify;\"><strong>\u00d6LENLER\u0130N 10&#8217;U JUDO M\u0130LL\u0130 TAKIM SPORCUSU<\/strong><\/p>\n<p style=\"text-align: justify;\">\u0130ran&#8217;da d\u00fc\u015fen u\u00e7akta hayat\u0131n\u0131 kaybetti\u011fi a\u00e7\u0131klanan 168 ki\u015fiden 10&#8217;unun \u0130ran Judo Gen\u00e7 Milli Tak\u0131m\u0131 sporcular\u0131 oldu\u011fu belirtildi.<\/p>\n<p style=\"text-align: justify;\">8 sporcu ve 2 antren\u00f6rden olu\u015fan tak\u0131m\u0131n, 6 A\u011fustosta Macaristan&#8217;da yap\u0131lacak m\u00fcsabakalara haz\u0131rlanmak i\u00e7in Erivan&#8217;a gitmek istedi\u011fi kaydedildi.<\/p>\n<p style=\"text-align: justify;\">Tahran-Erivan seferini yapan u\u00e7akta 153 yolcu ve 15 ki\u015filik m\u00fcrettebat bulunuyordu.<\/p>\n<p style=\"text-align: justify;\">Hazar havayollar\u0131na ait 7908 sefer say\u0131l\u0131 Tupelov tipi yolcu u\u00e7a\u011f\u0131, Uluslararas\u0131 \u0130mam Humeyni Havaalan\u0131ndan kalkt\u0131ktan 16 dakika sonra yerel saat ile 11.33&#8217;te Kazvin eyaleti s\u0131n\u0131rlar\u0131 i\u00e7indeki Cennetabad k\u00f6y\u00fc yak\u0131nlar\u0131nda d\u00fc\u015fm\u00fc\u015ft\u00fc.<\/p>\n<p style=\"text-align: justify;\"><strong>\u0130S\u0130MLER A\u00c7IKLANDI<\/strong><\/p>\n<p style=\"text-align: justify;\">\u0130ran&#8217;da d\u00fc\u015fen u\u00e7akta hayat\u0131n\u0131 kaybeden 168 ki\u015finin isimleri a\u00e7\u0131kland\u0131.<\/p>\n<p style=\"text-align: justify;\">Tahran-Erivan seferini yapan u\u00e7aktaki 15 ki\u015filik m\u00fcrettebat ile yolcular\u0131n \u00e7o\u011funun \u0130ranl\u0131 oldu\u011fu belirtildi.<\/p>\n<p style=\"text-align: justify;\">Yolcu listesinde Ermenilerce kullan\u0131lan isimlerin de oldu\u011fu, ancak bunlar\u0131n \u0130ran&#8217;daki Ermenilere mi yoksa Ermenistan&#8217;dakilere mi ait oldu\u011fu hen\u00fcz bilinmiyor.<\/p>\n<p style=\"text-align: justify;\">Sadece adlar\u0131 veya soyadlar\u0131 belli olan baz\u0131 yolcular\u0131n yabanc\u0131 uyruklu olabilece\u011fi belirtildi.<\/p>\n<p style=\"text-align: justify;\">Hazar Hava Yollar\u0131na ait 7908 sefer say\u0131l\u0131 Tupelov tipi yolcu u\u00e7a\u011f\u0131, Uluslararas\u0131 \u0130mam Humeyni Havaalan\u0131ndan kalkt\u0131ktan 16 dakika sonra yerel saat ile 11.33&#8217;te Kazvin eyaleti s\u0131n\u0131rlar\u0131 i\u00e7indeki Cennetabad k\u00f6y\u00fc yak\u0131nlar\u0131nda d\u00fc\u015fm\u00fc\u015ft\u00fc.<\/p>\n<p style=\"text-align: justify;\">Yetkililer, u\u00e7a\u011f\u0131n kara kutusunun bulunmaya \u00e7al\u0131\u015f\u0131ld\u0131\u011f\u0131n\u0131, kazan\u0131n sebebine ili\u015fkin ellerinde bilgi olmad\u0131\u011f\u0131n\u0131 a\u00e7\u0131klad\u0131.<\/p>\n<p style=\"text-align: justify;\">Sivil havac\u0131l\u0131k alan\u0131nda ABD ve Bat\u0131l\u0131 \u00fclkelerin ambargo uygulad\u0131\u011f\u0131 \u0130ran, u\u00e7ak filosunu yenileyemiyor.<\/p>\n<p style=\"text-align: justify;\">ABD&#8217;nin 1995&#8217;ten beri y\u00fcr\u00fcrl\u00fckte olan ambargosu, \u0130ran&#8217;a sivil ve askeri sava\u015f u\u00e7a\u011f\u0131 sat\u0131\u015f\u0131 ile bunlara ait yedek par\u00e7alar\u0131n teminini yasakl\u0131yor.<\/p>\n<p style=\"text-align: justify;\">\u0130ran&#8217;\u0131n u\u00e7ak filosunun bak\u0131m ve onar\u0131m\u0131n\u0131n yabanc\u0131 firmalarca yap\u0131lmas\u0131n\u0131n yasaklanmas\u0131 da ambargo kapsam\u0131nda yer al\u0131yor.<\/p>\n<p style=\"text-align: justify;\">\u0130ran&#8217;daki sivil u\u00e7ak filosunun \u00f6nemli bir k\u0131sm\u0131n\u0131 yerli \u00fcretim \u0130ran-140 u\u00e7aklar\u0131, Rus yap\u0131m\u0131 Tupelov u\u00e7aklar\u0131 ve yakla\u015f\u0131k 30 y\u0131l \u00f6ncesine ait Boeing modeli u\u00e7aklar olu\u015fturuyor.<\/p>\n<p style=\"text-align: justify;\">\u0130ran, bu alandaki a\u00e7\u0131\u011f\u0131 kapatmak i\u00e7in yabanc\u0131 \u015firketlere ait u\u00e7aklar\u0131 kiralama yoluna da gidiyor.<\/p>\n<p style=\"text-align: justify;\"><span style=\"color: #888888;\">Kaynak : Ak\u015fam<\/span><\/p>\n","protected":false},"excerpt":{"rendered":"<\/p>\n<p style=\"text-align: justify;\">\u0130ran&#8217;da Tahran-Erivan seferi yapmakta olan ve 168 ki\u015fiyi ta\u015f\u0131yan yolcu u\u00e7a\u011f\u0131 \u00fclkenin kuzeyindeki Kazvin kenti yak\u0131nlar\u0131nda d\u00fc\u015ft\u00fc.<\/p>\n<p style=\"text-align: justify;\">TAHRAN &#8211; \u0130ran&#8217;\u0131n resmi haber ajans\u0131 \u0130RNA, Tahran&#8217;dan Ermenistan&#8217;\u0131n ba\u015fkenti Erivan&#8217;a gitmekte olan Tupolev tipi yolcu u\u00e7a\u011f\u0131n\u0131n, Kazvin kenti yak\u0131nlar\u0131nda d\u00fc\u015ft\u00fc\u011f\u00fcn\u00fc, u\u00e7aktaki herkesin \u00f6ld\u00fc\u011f\u00fcn\u00fc duyurdu.<\/p>\n<p style=\"text-align: justify;\">\u0130RNA, bilginin, enkaza ula\u015fan bir itfaiye <\/p>\n","protected":false},"author":1,"featured_media":0,"comment_status":"open","ping_status":"closed","sticky":false,"template":"","format":"standard","meta":{"footnotes":""},"categories":[3],"tags":[],"class_list":["post-35771","post","type-post","status-publish","format-standard","hentry","category-dunya","odd"],"_links":{"self":[{"href":"http:\/\/www.korhanyilmaz.com\/index.php?rest_route=\/wp\/v2\/posts\/35771","targetHints":{"allow":["GET"]}}],"collection":[{"href":"http:\/\/www.korhanyilmaz.com\/index.php?rest_route=\/wp\/v2\/posts"}],"about":[{"href":"http:\/\/www.korhanyilmaz.com\/index.php?rest_route=\/wp\/v2\/types\/post"}],"author":[{"embeddable":true,"href":"http:\/\/www.korhanyilmaz.com\/index.php?rest_route=\/wp\/v2\/users\/1"}],"replies":[{"embeddable":true,"href":"http:\/\/www.korhanyilmaz.com\/index.php?rest_route=%2Fwp%2Fv2%2Fcomments&post=35771"}],"version-history":[{"count":0,"href":"http:\/\/www.korhanyilmaz.com\/index.php?rest_route=\/wp\/v2\/posts\/35771\/revisions"}],"wp:attachment":[{"href":"http:\/\/www.korhanyilmaz.com\/index.php?rest_route=%2Fwp%2Fv2%2Fmedia&parent=35771"}],"wp:term":[{"taxonomy":"category","embeddable":true,"href":"http:\/\/www.korhanyilmaz.com\/index.php?rest_route=%2Fwp%2Fv2%2Fcategories&post=35771"},{"taxonomy":"post_tag","embeddable":true,"href":"http:\/\/www.korhanyilmaz.com\/index.php?rest_route=%2Fwp%2Fv2%2Ftags&post=35771"}],"curies":[{"name":"wp","href":"https:\/\/api.w.org\/{rel}","templated":true}]}}