{"id":35769,"date":"2009-06-27T17:40:46","date_gmt":"2009-06-27T14:40:46","guid":{"rendered":"http:\/\/www.korhanyilmaz.com\/?p=10551"},"modified":"2009-06-27T17:40:46","modified_gmt":"2009-06-27T14:40:46","slug":"akp%e2%80%99de-taban-tavan-kavgasi-2","status":"publish","type":"post","link":"http:\/\/www.korhanyilmaz.com\/?p=35769","title":{"rendered":"AKP\u2019de taban tavan kavgas\u0131"},"content":{"rendered":"<p><img loading=\"lazy\" decoding=\"async\" class=\"alignleft size-full wp-image-10441\" style=\"margin: 10px;\" title=\"Ru\u015fen \u00c7ak\u0131r - Vatan Gazetesi Yazar\u0131\" src=\"http:\/\/www.korhanyilmaz.com\/wp-content\/uploads\/2009\/06\/73.jpg\" alt=\"73\" width=\"102\" height=\"102\" \/><\/p>\n<p style=\"text-align: justify;\">Ba\u015fbakan Recep Tayyip Erdo\u011fan d\u00fcn \u0130stanbul Abdi \u0130pek\u00e7i Spor Salonu\u2019nda yapt\u0131\u011f\u0131 konu\u015fmada, muhalefetin, \u00f6zellikle de CHP\u2019nin \u201cdemokrasi s\u0131nav\u0131ndan ikmale kal\u0131p bir \u00fcst s\u0131n\u0131fa asla ge\u00e7emeyece\u011fi\u201d uyar\u0131s\u0131nda bulundu. Oysa d\u00fcn ayn\u0131 salonda partisi ve kendisi i\u00e7in \u00e7ok ciddi bir demokrasi s\u0131nav\u0131 s\u00f6z konusuydu. AKP \u0130stanbul 3. Kongresi\u2019nde mevcut il ba\u015fkan\u0131 Aziz Babu\u015f\u00e7u ile Metin K\u00fcl\u00fcnk yar\u0131\u015f\u0131yordu ve bunun \u00e7ok adil ve demokratik bir yar\u0131\u015f oldu\u011fu pek s\u00f6ylenemezdi. Zira Genel Ba\u015fkan Yard\u0131mc\u0131s\u0131 Haluk \u0130pek, yan\u0131nda B\u00fcy\u00fck\u015fehir Belediye Ba\u015fkan\u0131 Kadir Topba\u015f da oldu\u011fu halde \u201cbiz Genel Merkez olarak Babu\u015f\u00e7u ile yola devam etmek istiyoruz\u201d diye a\u00e7\u0131klama yapm\u0131\u015ft\u0131. Bunun \u00fczerine g\u00f6zler Erdo\u011fan\u2019a \u00e7evrildi.<\/p>\n<p style=\"text-align: justify;\">AKP Lideri d\u00fcn a\u00e7\u0131k\u00e7a Babu\u015f\u00e7u\u2019yu destekledi\u011fini s\u00f6ylemedi ama 29 Mart se\u00e7imlerinde \u0130stanbul\u2019dan zaferle \u00e7\u0131kt\u0131klar\u0131n\u0131 s\u00f6yleyip mevcut te\u015fkilat\u0131 (dolay\u0131s\u0131yla \u0130l Ba\u015fkan\u0131 Babu\u015f\u00e7u\u2019yu) \u00f6vd\u00fc. \u201cDuygular\u0131m\u0131za esir d\u00fc\u015ft\u00fc\u011f\u00fcm\u00fcz g\u00fcn bitti\u011fimiz and\u0131r\u201d ve \u201cbirli\u011fimizi korudu\u011fumuz m\u00fcddet\u00e7e bizi kimse y\u0131kamaz\u201d s\u00f6zleri K\u00fcl\u00fcnk taraftarlar\u0131nca \u201ctarf tutma\u201d olarak yorumland\u0131. En \u00f6nemlisi Erdo\u011fan konu\u015fmas\u0131nda birden fazla adayla se\u00e7im yap\u0131ld\u0131\u011f\u0131na de\u011finmedi ve adaylara ba\u015far\u0131 dilemedi. <!--more--><\/p>\n<p style=\"text-align: justify;\">D\u00fcn gergin bir alt\u0131 saat ya\u015fand\u0131. K\u00fcl\u00fcnk taraftarlar\u0131 son ana kadar salonu terk etmedi ve futbol ma\u00e7\u0131ndaym\u0131\u015f gibi s\u00fcrekli tezah\u00fcrat yapt\u0131lar; Babu\u015f\u00e7u\u2019ya a\u00e7\u0131k destek vermi\u015f olan \u0130pek ve Topba\u015f\u2019\u0131 yuhalad\u0131lar. Ama as\u0131l \u00e7\u0131ngar, Babu\u015f\u00e7u\u2019nun konu\u015fmas\u0131nda \u201ckaranl\u0131k odalarda yap\u0131lan planlar\u201d dan s\u00f6z etmesiyle koptu. Bu s\u00f6zleri kendi adaylar\u0131na y\u00f6nelik bir su\u00e7lama gibi anlayan K\u00fcl\u00fcnk taraftarlar\u0131 nerdeyse salonu y\u0131kacaklard\u0131.<\/p>\n<p style=\"text-align: justify;\">K\u00fcl\u00fcnk kendine \u201cbu taban ruhunu geri istiyor\u201d slogan\u0131n\u0131 se\u00e7mi\u015fti. \u0130ddias\u0131, kendisinin taban\u0131, Babu\u015f\u00e7u\u2019nunsa tavan\u0131 temsil etti\u011fiydi. K\u00fcl\u00fcnk\u00e7\u00fcler de hep bu \u201ctaban-tavan\u201d z\u0131tl\u0131\u011f\u0131na dikkat \u00e7ekiyorlard\u0131. Birisi \u201cburada herkeste Metin a\u011fbinin telefonu vard\u0131r. Arad\u0131\u011f\u0131n\u0131zda \u00fc\u00e7 dakika i\u00e7inde size geri d\u00f6ner\u201d derken, bir di\u011feri kongreyi \u015f\u00f6yle \u00f6zetledi \u201calt istedi, \u00fcst izin vermedi.\u201d<\/p>\n<p style=\"text-align: justify;\">D\u00fcnk\u00fc kongreyi 10 y\u0131l \u00f6nce ayn\u0131 salonda yap\u0131lm\u0131\u015f olan Fazilet Partisi \u0130stanbul Kongresi\u2019ne ve K\u00fcl\u00fcnk\u2019\u00fcn \u00e7\u0131k\u0131\u015f\u0131n\u0131 da Erdo\u011fan\u2019\u0131n liderli\u011fini yapt\u0131\u011f\u0131 Yenilik\u00e7ilerinkine benzetmi\u015ftim. Fakat d\u00fcn benzerlikler kadar farklar\u0131 da g\u00f6zlemleme imkan\u0131m oldu. \u00d6ncelikle yenilik\u00e7ilik bir kadro hareketiydi, Erdo\u011fan ise bu hareketin liderlerinden en \u00f6ne \u00e7\u0131kan isimdi. Ne var ki K\u00fcl\u00fcnk\u2019\u00fcn etraf\u0131nda g\u00fc\u00e7l\u00fc bir kadro oldu\u011fu s\u00f6ylenemez; taraftarlar\u0131n\u0131n da Milli G\u00f6r\u00fc\u015f\u2019te pi\u015fmi\u015f deneyimli militanlardan \u00e7ok farkl\u0131 oldu\u011fu kesin. Hatta baz\u0131lar\u0131n\u0131 Kurtlar Vadisi\u2019nden f\u0131rlam\u0131\u015f tezcanl\u0131 gen\u00e7ler olarak tarif edebiliriz.<\/p>\n<p style=\"text-align: justify;\">Genel Merkez\u2019in onca yat\u0131r\u0131m\u0131ndan sonra Babu\u015f\u00e7u\u2019nun kaybedip K\u00fcl\u00fcnk\u2019\u00fcn kazanmas\u0131 mucize olurdu fakat fark\u0131n daha az olmas\u0131 da kimseyi \u015fa\u015f\u0131rtmazd\u0131. Peki bundan sonra ne olur? Baz\u0131 K\u00fcl\u00fcnk taraftarlar\u0131n\u0131n hayal k\u0131r\u0131kl\u0131\u011f\u0131 ve \u00f6fkeyle \u201cbu kongre AKP i\u00e7in sonun ba\u015flang\u0131c\u0131d\u0131r\u201d tespitine kat\u0131lm\u0131yorum. K\u00fcl\u00fcnk\u2019\u00fcn \u00e7\u0131k\u0131\u015f\u0131n\u0131n AKP i\u00e7inde tek ba\u015f\u0131na bir yenilik\u00e7i hareket \u00e7\u0131karmaya yetece\u011fini de hi\u00e7 sanm\u0131yorum. B\u00fct\u00fcn bunlara ra\u011fmen d\u00fcn AKP\u2019nin \u0130stanbul\u2019da verdi\u011fi demokrasi s\u0131nav\u0131 bu partinin gelece\u011finde etkili olacakt\u0131r. \u00c7\u00fcnk\u00fc unutmamak laz\u0131m ki AKP hareketinin do\u011fum yeri kesinlikle \u0130stanbul\u2019dur.<\/p>\n<p style=\"text-align: justify;\"><span style=\"color: #888888;\">Kaynak : Ru\u015fen \u00c7ak\u0131r &#8211; Vatan<\/span><\/p>\n","protected":false},"excerpt":{"rendered":"<\/p>\n<p style=\"text-align: justify;\">Ba\u015fbakan Recep Tayyip Erdo\u011fan d\u00fcn \u0130stanbul Abdi \u0130pek\u00e7i Spor Salonu\u2019nda yapt\u0131\u011f\u0131 konu\u015fmada, muhalefetin, \u00f6zellikle de CHP\u2019nin \u201cdemokrasi s\u0131nav\u0131ndan ikmale kal\u0131p bir \u00fcst s\u0131n\u0131fa asla ge\u00e7emeyece\u011fi\u201d uyar\u0131s\u0131nda bulundu. Oysa d\u00fcn ayn\u0131 salonda partisi ve kendisi i\u00e7in \u00e7ok ciddi bir demokrasi s\u0131nav\u0131 s\u00f6z konusuydu. AKP \u0130stanbul 3. Kongresi\u2019nde mevcut il ba\u015fkan\u0131 Aziz Babu\u015f\u00e7u ile <\/p>\n","protected":false},"author":1,"featured_media":0,"comment_status":"open","ping_status":"closed","sticky":false,"template":"","format":"standard","meta":{"footnotes":""},"categories":[16],"tags":[17],"class_list":["post-35769","post","type-post","status-publish","format-standard","hentry","category-kose-yazilari","tag-rusen-cakir","odd"],"_links":{"self":[{"href":"http:\/\/www.korhanyilmaz.com\/index.php?rest_route=\/wp\/v2\/posts\/35769","targetHints":{"allow":["GET"]}}],"collection":[{"href":"http:\/\/www.korhanyilmaz.com\/index.php?rest_route=\/wp\/v2\/posts"}],"about":[{"href":"http:\/\/www.korhanyilmaz.com\/index.php?rest_route=\/wp\/v2\/types\/post"}],"author":[{"embeddable":true,"href":"http:\/\/www.korhanyilmaz.com\/index.php?rest_route=\/wp\/v2\/users\/1"}],"replies":[{"embeddable":true,"href":"http:\/\/www.korhanyilmaz.com\/index.php?rest_route=%2Fwp%2Fv2%2Fcomments&post=35769"}],"version-history":[{"count":0,"href":"http:\/\/www.korhanyilmaz.com\/index.php?rest_route=\/wp\/v2\/posts\/35769\/revisions"}],"wp:attachment":[{"href":"http:\/\/www.korhanyilmaz.com\/index.php?rest_route=%2Fwp%2Fv2%2Fmedia&parent=35769"}],"wp:term":[{"taxonomy":"category","embeddable":true,"href":"http:\/\/www.korhanyilmaz.com\/index.php?rest_route=%2Fwp%2Fv2%2Fcategories&post=35769"},{"taxonomy":"post_tag","embeddable":true,"href":"http:\/\/www.korhanyilmaz.com\/index.php?rest_route=%2Fwp%2Fv2%2Ftags&post=35769"}],"curies":[{"name":"wp","href":"https:\/\/api.w.org\/{rel}","templated":true}]}}