{"id":35768,"date":"2009-06-25T07:17:59","date_gmt":"2009-06-25T04:17:59","guid":{"rendered":"http:\/\/www.korhanyilmaz.com\/?p=10440"},"modified":"2009-06-25T07:17:59","modified_gmt":"2009-06-25T04:17:59","slug":"kavga-asil-simdi-basliyor-2","status":"publish","type":"post","link":"http:\/\/www.korhanyilmaz.com\/?p=35768","title":{"rendered":"Kavga as\u0131l \u015fimdi ba\u015fl\u0131yor"},"content":{"rendered":"<div id=\"attachment_10441\" style=\"width: 112px\" class=\"wp-caption alignleft\"><img loading=\"lazy\" decoding=\"async\" aria-describedby=\"caption-attachment-10441\" class=\"size-full wp-image-10441\" style=\"margin-left: 5px; margin-right: 5px;\" title=\"Ru\u015fen \u00c7ak\u0131r - Vatan Gazetesi Yazar\u0131\" src=\"http:\/\/www.korhanyilmaz.com\/wp-content\/uploads\/2009\/06\/73.jpg\" alt=\"73\" width=\"102\" height=\"102\" \/><p id=\"caption-attachment-10441\" class=\"wp-caption-text\">Ru\u015fen \u00c7ak\u0131r Vatan Gazetesi Yazar\u0131<\/p><\/div>\n<p style=\"text-align: justify;\">Askeri savc\u0131l\u0131\u011f\u0131n, belgenin \u201csahte\u201d oldu\u011funa dair karar\u0131 ve bu y\u00f6ndeki ayr\u0131nt\u0131l\u0131 a\u00e7\u0131klamas\u0131, s\u00f6z konusu belge etraf\u0131ndaki tart\u0131\u015fmalar\u0131 noktalayabilece\u011fe benzemiyor. Hatta bug\u00fcne kadar s\u00fcrmekte olan kavgan\u0131n, bu karar\u0131n ard\u0131ndan daha da \u015fiddetlenece\u011fini \u00f6ng\u00f6rebiliriz.<\/p>\n<p style=\"text-align: justify;\">\u00d6ncelikle, bu belgenin \u201csahici\u201d oldu\u011funa inanan, inanmak isteyenler kesimlerin g\u00fcc\u00fcn\u00fc kimse yabana atmamal\u0131. Dolay\u0131s\u0131yla bu \u00e7evreler, ciddiye al\u0131nmas\u0131 gereken bir kamuoyu deste\u011fiyle, belgenin sahici oldu\u011funda \u0131srar edecek ve do\u011frudan+6 ya da dolayl\u0131 bir \u015fekilde askeri savc\u0131l\u0131\u011f\u0131n (dolay\u0131s\u0131yla Genelkurmay\u2019\u0131n) olay\u0131 \u00f6rtbas etmek istedi\u011fini iddia edeceklerdir. Bu tezlerini do\u011frulayabilmek i\u00e7in yeni belge ve deliller bulmak isteyeceklerini de kolayl\u0131kla tahmin edebiliriz. <!--more--><\/p>\n<p style=\"text-align: justify;\">Tabii ba\u015f\u0131ndan beri belgenin sahte oldu\u011funa inanan ve inanmak isteyenler de, askeri savc\u0131l\u0131\u011f\u0131n karar\u0131ndan iyice cesaret alarak, kar\u015f\u0131 sald\u0131r\u0131ya ge\u00e7eceklerdir. Bu noktada en \u00e7ok Genelkurmay\u2019\u0131n tavr\u0131n\u0131n ne olaca\u011f\u0131 merak konusu. \u0130lk bak\u0131\u015fta TSK\u2019n\u0131n, bu belgenin kimler taraf\u0131ndan haz\u0131rlan\u0131p neden dola\u015f\u0131ma sokuldu\u011funun saptanmas\u0131 i\u00e7in topu sivil yarg\u0131ya ve bir \u015fekilde de polise atm\u0131\u015f oldu\u011fu g\u00f6r\u00fcl\u00fcyor. Fakat \u201csahte\u201d oldu\u011funa emin olduklar\u0131 belgenin izini kendi ba\u015flar\u0131na da s\u00fcrmek isteyeceklerini pekala d\u00fc\u015f\u00fcnebiliriz. Hatta bu sefer askeri \u00e7evrelerin ba\u015fka odaklar\u0131 \u201colay\u0131 \u00f6rtbas etmek\u201d le su\u00e7lamalar\u0131na da tan\u0131k olabiliriz.<\/p>\n<p style=\"text-align: justify;\"><strong>\u0130ki senaryo <\/strong><\/p>\n<p style=\"text-align: justify;\">\u201cE\u011fer belge sahteyse kim taraf\u0131ndan haz\u0131rland\u0131?\u201d sorusu art\u0131k daha fazla \u00f6ne \u00e7\u0131km\u0131\u015f durumda. Bug\u00fcne kadar bu soruya iki farkl\u0131 cevap veriliyordu: \u0130lk olarak, Ergenekon\u2019la ba\u011flant\u0131l\u0131 birilerinin bu sahte belgeyi haz\u0131rlayarak TSK ile h\u00fck\u00fcmetin aras\u0131n\u0131 a\u00e7mak istemi\u015f olabilece\u011fi ileri s\u00fcr\u00fcl\u00fcyordu. \u0130kinci senaryodaysa projekt\u00f6rler, emniyet ve adliyede belli bir kadrola\u015fmaya sahip oldu\u011fu bilinen Fethullah G\u00fclen cemaatine tutuluyor, bu hareketle ba\u011flant\u0131l\u0131 birilerinin b\u00f6ylesi bir sahte belge d\u00fczenlemi\u015f olabilecekleri iddia ediliyordu.<\/p>\n<p style=\"text-align: justify;\">G\u00fclen cemaatinin, bu senaryodan \u00e7ok rahats\u0131z oldu\u011funu, bunu man\u015fete ta\u015f\u0131m\u0131\u015f olan Radikal Gazetesi\u2019ne g\u00f6sterilen \u00e7ok sert tepkiden biliyoruz. Fakat bildi\u011fimiz bir ba\u015fka \u015fey de, toplumun ve devletin belli bir kesiminin, TSK\u2019ya y\u00f6nelik sistemli bir y\u0131pratma kampanyas\u0131 y\u00fcr\u00fct\u00fcld\u00fc\u011f\u00fcne ve bunun ard\u0131nda G\u00fclen cemaatinin bulundu\u011funa inan\u0131yor olmas\u0131d\u0131r. Org. Ba\u015fbu\u011f\u2019un da de\u011fi\u015fik vesilelerle, a\u00e7\u0131k\u00e7a veya ima yoluyla \u201ccemaat\u201d olgusuna olumsuz anlamda vurgu yapt\u0131\u011f\u0131 da kay\u0131tlara ge\u00e7mi\u015f durumda.<\/p>\n<p style=\"text-align: justify;\">Org. \u0130lker Ba\u015fbu\u011f, Ertu\u011frul \u00d6zk\u00f6k\u2019\u00fcn \u201cYa belge sahte \u00e7\u0131karsa?\u201d sorusuna \u201cNe yapaca\u011f\u0131m\u0131z\u0131 hep birlikte g\u00f6rece\u011fiz. B\u00fct\u00fcn T\u00fcrkiye g\u00f6recek\u201d kar\u015f\u0131l\u0131\u011f\u0131n\u0131 vermi\u015fti. Dolay\u0131s\u0131yla askeri savc\u0131l\u0131\u011f\u0131n \u201cbu belge sahtedir\u201d demi\u015f olmas\u0131n\u0131n, ne zamandan beri haz\u0131rl\u0131klar\u0131n\u0131n yap\u0131lmakta oldu\u011funu sezdi\u011fimiz b\u00fcy\u00fck bir hesapla\u015fman\u0131n fitilini ate\u015fleyebilece\u011fini d\u00fc\u015f\u00fcnebiliriz.<\/p>\n<p style=\"text-align: justify;\"><strong>AKP\u2019nin tavr\u0131 <\/strong><\/p>\n<p style=\"text-align: justify;\">Bu hesapla\u015fman\u0131n sonucunu, esas olarak AKP ve Ba\u015fbakan Erdo\u011fan\u2019\u0131n tavr\u0131 belirleyecektir. E\u011fer Erdo\u011fan askeri savc\u0131l\u0131\u011f\u0131n vard\u0131\u011f\u0131 karar\u0131 tart\u0131\u015fma konusu yapmaz; yani belgenin sahte oldu\u011funu kabullenir ve \u00fcstelik ciddi olarak bunun sorumlular\u0131n\u0131n pe\u015fine d\u00fc\u015ferse T\u00fcrkiye\u2019nin siyasi dengeleri alt\u00fcst olur. Unutmayal\u0131m, Erdo\u011fan, Akt\u00fct\u00fcn sald\u0131r\u0131s\u0131n\u0131n ard\u0131ndan Genelkurmay\u2019a tart\u0131\u015fmas\u0131z bir \u015fekilde sahip \u00e7\u0131km\u0131\u015f, bunun \u00fczeine Taraf Gazetesi taraf\u0131ndan \u201cPa\u015fas\u0131n\u0131n ba\u015fbakan\u0131\u201d olarak ilan edilmi\u015fti.<\/p>\n<p style=\"text-align: justify;\">Fakat belgenin sahici olmas\u0131na epey yat\u0131r\u0131m yapm\u0131\u015f olan AKP\u2019nin, askeri savc\u0131l\u0131\u011f\u0131n karar\u0131n\u0131 heyecanla selamlayaca\u011f\u0131n\u0131 pek s\u00f6yleyemeyiz. AKP\u2019nin belge etraf\u0131ndaki tart\u0131\u015fmalar\u0131 so\u011futmak isteyece\u011fini d\u00fc\u015f\u00fcnmemiz i\u00e7in pek\u00e7ok neden var, ancak bunu nas\u0131l yapabilece\u011fi hayli ku\u015fkulu.<\/p>\n<p style=\"text-align: justify;\"><span style=\"color: #888888;\">Kaynak : Ru\u015fen \u00c7ak\u0131r &#8211; Vatan<\/span><\/p>\n","protected":false},"excerpt":{"rendered":"<p id=\"caption-attachment-10441\" class=\"wp-caption-text\">Ru\u015fen \u00c7ak\u0131r Vatan Gazetesi Yazar\u0131<\/p>\n<p style=\"text-align: justify;\">Askeri savc\u0131l\u0131\u011f\u0131n, belgenin \u201csahte\u201d oldu\u011funa dair karar\u0131 ve bu y\u00f6ndeki ayr\u0131nt\u0131l\u0131 a\u00e7\u0131klamas\u0131, s\u00f6z konusu belge etraf\u0131ndaki tart\u0131\u015fmalar\u0131 noktalayabilece\u011fe benzemiyor. Hatta bug\u00fcne kadar s\u00fcrmekte olan kavgan\u0131n, bu karar\u0131n ard\u0131ndan daha da \u015fiddetlenece\u011fini \u00f6ng\u00f6rebiliriz.<\/p>\n<p style=\"text-align: justify;\">\u00d6ncelikle, bu belgenin \u201csahici\u201d oldu\u011funa inanan, inanmak isteyenler kesimlerin g\u00fcc\u00fcn\u00fc kimse yabana <\/p>\n","protected":false},"author":1,"featured_media":0,"comment_status":"open","ping_status":"closed","sticky":false,"template":"","format":"standard","meta":{"footnotes":""},"categories":[16],"tags":[17],"class_list":["post-35768","post","type-post","status-publish","format-standard","hentry","category-kose-yazilari","tag-rusen-cakir","odd"],"_links":{"self":[{"href":"http:\/\/www.korhanyilmaz.com\/index.php?rest_route=\/wp\/v2\/posts\/35768","targetHints":{"allow":["GET"]}}],"collection":[{"href":"http:\/\/www.korhanyilmaz.com\/index.php?rest_route=\/wp\/v2\/posts"}],"about":[{"href":"http:\/\/www.korhanyilmaz.com\/index.php?rest_route=\/wp\/v2\/types\/post"}],"author":[{"embeddable":true,"href":"http:\/\/www.korhanyilmaz.com\/index.php?rest_route=\/wp\/v2\/users\/1"}],"replies":[{"embeddable":true,"href":"http:\/\/www.korhanyilmaz.com\/index.php?rest_route=%2Fwp%2Fv2%2Fcomments&post=35768"}],"version-history":[{"count":0,"href":"http:\/\/www.korhanyilmaz.com\/index.php?rest_route=\/wp\/v2\/posts\/35768\/revisions"}],"wp:attachment":[{"href":"http:\/\/www.korhanyilmaz.com\/index.php?rest_route=%2Fwp%2Fv2%2Fmedia&parent=35768"}],"wp:term":[{"taxonomy":"category","embeddable":true,"href":"http:\/\/www.korhanyilmaz.com\/index.php?rest_route=%2Fwp%2Fv2%2Fcategories&post=35768"},{"taxonomy":"post_tag","embeddable":true,"href":"http:\/\/www.korhanyilmaz.com\/index.php?rest_route=%2Fwp%2Fv2%2Ftags&post=35768"}],"curies":[{"name":"wp","href":"https:\/\/api.w.org\/{rel}","templated":true}]}}