{"id":35765,"date":"2009-06-14T10:59:50","date_gmt":"2009-06-14T07:59:50","guid":{"rendered":"http:\/\/www.korhanyilmaz.com\/?p=10136"},"modified":"2009-06-14T10:59:50","modified_gmt":"2009-06-14T07:59:50","slug":"kordugum-cozuldu-artik-fenerin-topuzu-var-2","status":"publish","type":"post","link":"http:\/\/www.korhanyilmaz.com\/?p=35765","title":{"rendered":"K\u00f6rd\u00fc\u011f\u00fcm \u00e7\u00f6z\u00fcld\u00fc: Art\u0131k Fener&#039;in &#039;Topuz&#039;u var"},"content":{"rendered":"<p style=\"text-align: center;\"><img loading=\"lazy\" decoding=\"async\" class=\"aligncenter size-full wp-image-10137\" src=\"http:\/\/www.korhanyilmaz.com\/wp-content\/uploads\/2009\/06\/fft28_mf189308.Jpeg\" alt=\"\" width=\"306\" height=\"204\" \/><\/p>\n<p style=\"text-align: justify;\">Daha \u00f6nce &#8216;\u00c7ocukluktan beri Be\u015fikta\u015fl\u0131y\u0131m&#8217; diyen Siyah -Beyazl\u0131 forma giyen Kayserispor kaptan\u0131 Mehmet Topuz Fenerbah\u00e7e&#8217;ye transfer oldu.<\/p>\n<p style=\"text-align: justify;\">\u0130STANBUL &#8211; Fenerbah\u00e7e Ba\u015fkan\u0131 Aziz Y\u0131ld\u0131r\u0131m&#8217;\u0131n \u00f6zel u\u00e7akla Kayseri&#8217;den \u0130stanbul&#8217;a getirip kul\u00fcb\u00fcn konukevine yerle\u015ftirdi\u011fi Mehmet Topuz&#8217;la resmi s\u00f6zle\u015fme imzalad\u0131.<\/p>\n<p style=\"text-align: justify;\">Topuz, Fenerbah\u00e7e Konuk Evi&#8217;nin bulundu\u011fu Kalam\u0131\u015f Tesisleri&#8217;nde  Ba\u015fkan Aziz Y\u0131ld\u0131r\u0131m, Asba\u015fkanlar Alaaddin Y\u0131ld\u0131r\u0131m, Murat \u00d6zayd\u0131nl\u0131, eski y\u00f6netici Cemil Turan ve Kayserispor menajeri S\u00fcleyman Hurma ile beraber yemek yedikten sonra \u015e\u00fckr\u00fc Sara\u00e7o\u011flu Stad\u0131&#8217;na gitti. Topuz buradaki temaslardan sonra resmi s\u00f6zle\u015fmeyi imzalad\u0131.  \u0130mza t\u00f6renine Fenerbah\u00e7e Kul\u00fcb\u00fc Ba\u015fkan\u0131 Aziz Y\u0131ld\u0131rm da kat\u0131l\u0131rken, Fenerbah\u00e7e formas\u0131 giyen Topuz, di\u011fer y\u00f6neticilerle de tek tek tokala\u015ft\u0131. S\u00f6zle\u015fmenin 3 y\u0131ll\u0131k oldu\u011fu belirtilirken Mehmet Topuz&#8217;un imza t\u00f6reninin Pazartesi g\u00fcn\u00fc saat 11.30&#8217;da Fenerbah\u00e7e \u015e\u00fckr\u00fc Saraco\u011flu trib\u00fcn\u00fcnde taraftara a\u00e7\u0131k olarak yap\u0131laca\u011f\u0131 a\u00e7\u0131kland\u0131.<!--more--><\/p>\n<p style=\"text-align: justify;\"><strong>\u015eEK\u0130P MOSTURO\u011eLU&#8217;NUN A\u00c7IKLAMALARI&#8230;<\/strong><\/p>\n<p style=\"text-align: justify;\">Fenerbah\u00e7e y\u00f6neticisi mosturo\u011flu \u015f\u00f6yle konu\u015ftu: &#8220;Kayserispor ile \u00f6nce prensipte anla\u015ft\u0131ktan sonra ka\u011f\u0131da d\u00f6kt\u00fck. T\u00fcrkiye&#8217;de yeni bir model uygulad\u0131k. T\u00fcrkiye&#8217;de ilk \u00f6rne\u011fiydi. \u00d6nce kul\u00fcp ile anla\u015ft\u0131k sonra Mehmet Topuz ile anla\u015ft\u0131k. S\u00f6zle\u015fmenin ayr\u0131nt\u0131lar\u0131n\u0131 yap\u0131p imzalad\u0131k. Hukun i\u00e7inde \u00e7\u00f6z\u00fcm kazand\u0131, olmas\u0131 gereken oldu ve futbolcu eme\u011fini de\u011ferlendirece\u011fi ve kar\u015f\u0131l\u0131\u011f\u0131n\u0131 fazlas\u0131yla alaca\u011f\u0131 bir imza att\u0131. Kayserispor yeti\u015ftiren kul\u00fcp, \u00e7ok uzun s\u00fcreler ilgilendi oyuncuyla. Kayseri de bu i\u015ften karl\u0131 \u00e7\u0131kt\u0131.&#8221;<\/p>\n<p style=\"text-align: justify;\"><strong>S\u00dcLEYMAN HURMA&#8217;NIN A\u00c7IKLAMALARI&#8230;<\/strong><\/p>\n<p style=\"text-align: justify;\">Kayserispor Genel Menajeri s\u00fclyman Hurma, &#8220;Hem Fenerbah\u00e7e, hem Topuz hem de Kayseri i\u00e7in hay\u0131rl\u0131 olsun. Bu s\u00fcre\u00e7 herkesi gerginle\u015ftirdi. Uygulanan yol ve y\u00f6ntem itibariyle Be\u015fikta\u015f&#8217;\u0131n tercihi uygun olmad\u0131. Bu transferin bir milat olmas\u0131n\u0131 diliyorum&#8221; dedi.<\/p>\n<p style=\"text-align: justify;\"><strong>FENERBAH\u00c7E&#8217;N\u0130N T\u00dcRK\u0130YE&#8217;DEN EN PAHALI TRANSFFER\u0130<\/strong><\/p>\n<p style=\"text-align: justify;\">Transfer i\u00e7in Fenerbah\u00e7e Kayserispor&#8217;a 7.5 milyon avro bonservis bedeliyle birlikte ge\u00e7en sezon devre aras\u0131nda Ankarag\u00fcc\u00fc&#8217;nden al\u0131nan G\u00f6khan Emreciksin&#8217;i t\u00fcm haklar\u0131yla birlike verecek. Mehmet Topuz&#8217;sa \u00fc\u00e7 y\u0131ll\u0131k 2.3 milyon avro alacak.Mehmet Topuz b\u00f6ylece Fenerbah\u00e7e&#8217;nin T\u00fcrkiye&#8217;deki en pahal\u0131 transferi olarak tarihe ge\u00e7ti. Fenerbah\u00e7e bu transfer i\u00e7in toplam 33 milyon 732 bin TL harcayacak. Sar\u0131-Lacivertliler&#8217;in daha \u00f6nceki en pahal\u0131 transferiyse Bursaspor&#8217;dan al\u0131nan Elvir Bali\u00e7&#8217;ti. Bo\u015fnak futbolcu i\u00e7in o d\u00f6nem 9 milyon dolar (13 milyon 860 bin TL) \u00f6denmi\u015fti.<\/p>\n<p style=\"text-align: justify;\"><strong>K\u00d6RD\u00dc\u011e\u00dcM \u00c7\u00d6Z\u00dcLD\u00dc <\/strong><\/p>\n<p style=\"text-align: justify;\">Topuz&#8217;un Be\u015fikta\u015f&#8217;la Kayserispor&#8217;un Fenerbah\u00e7e&#8217;yle anla\u015fmas\u0131yla k\u00f6rd\u00fc\u011f\u00fcm olan transfer \u015f\u00f6yle \u00e7\u00f6z\u00fcld\u00fc:<\/p>\n<p style=\"text-align: justify;\">Sabah saatlerinde Antalya&#8217;da tatil yapt\u0131\u011f\u0131 oteli terkeden Mehmet Topuz Kayseri&#8217;ye hareket etti. \u00d6\u011fleden sonra kendine ait ba\u011f evinde Kayserispor Onursal Ba\u015fkan\u0131 Mehmet \u00d6zhaseki, Ba\u015fkan Recep Mamur ve menacer S\u00fcleyman Hurma ile bir araya gelen y\u0131ld\u0131z oyuncuya &#8221;Biz Fenerbah\u00e7e ile anla\u015ft\u0131k. Git Aziz Y\u0131ld\u0131r\u0131m ile g\u00f6r\u00fc\u015f&#8221; \u00f6nerisi geldi. Ancak Topuz, &#8221;Ben Be\u015fikta\u015f&#8217;ta oynamak istiyorum&#8221; diye bu teklifi geri \u00e7evirdi. Bunun \u00fczerine Ba\u015fkan Mamur Topuz&#8217;a &#8221;Git o zaman bunu Aziz Bey&#8217;e sen s\u00f6yle&#8221; dedi. Mehmet Topuz &#8221;Y\u0131ld\u0131r\u0131m&#8217;la g\u00f6r\u00fc\u015fmek istemiyorum&#8221; deyince Mamur bu kez \u0130stanbul&#8217;da bulunan Fenerbah\u00e7e Ba\u015fkan\u0131&#8217;n\u0131 arad\u0131. Yap\u0131lan g\u00f6r\u00fc\u015fmeler sonras\u0131 Mehmet Topuz kendini Sar\u0131-Lacivertli renklere ba\u011flayan imzay\u0131 att\u0131. Bunun \u00fczerine Aziz Y\u0131ld\u0131r\u0131m saat 22.00&#8217;de Sabiha G\u00f6k\u00e7en havaalan\u0131ndan kalkan \u00f6zel bir u\u00e7akla Kayseri&#8217;ye gitti. Topuz&#8217;u alan Fenerbah\u00e7e&#8217;nin \u00f6zel u\u00e7a\u011f\u0131 saat 02.20 s\u0131ralar\u0131nda \u0130stanbul&#8217;a d\u00f6nd\u00fc. U\u00e7akta Fenerbah\u00e7e mar\u015flar\u0131 \u00e7al\u0131nd\u0131.<\/p>\n<p style=\"text-align: justify;\"><strong>BE\u015e\u0130KTA\u015e TOPUZ&#8217;A TEPK\u0130L\u0130<\/strong><\/p>\n<p style=\"text-align: justify;\">Be\u015fikta\u015f Kul\u00fcb\u00fc Asba\u015fkan\u0131 Levent Erdo\u011fan, Fenerbah\u00e7e ile aralar\u0131nda transferi sorun yaratan ve son olarak sar\u0131-lacivertli kul\u00fcple anla\u015f\u0131p gece ge\u00e7 saatlerde Fenerbah\u00e7e Kul\u00fcb\u00fc Ba\u015fkan\u0131 Aziz Y\u0131ld\u0131r\u0131m ile \u0130stanbul\u2019a gelen Kayserisporlu Mehmet Topuz\u2019a tepki g\u00f6sterdi. \u00d6nce siyah-beyazl\u0131 kul\u00fcple anla\u015f\u0131p, &#8220;Be\u015fikta\u015fl\u0131y\u0131m ve ba\u015fka tak\u0131mda oynamak istemiyorum&#8221; diyen Mehmet Topuz\u2019un daha sonra Fenerbah\u00e7e ile anla\u015fmas\u0131na bir anlam veremedi\u011fini kaydeden Erdo\u011fan, &#8220;Ben, Be\u015fikta\u015fl\u0131 duru\u015fu olmayan futbolcular\u0131n transferini uygun g\u00f6rm\u00fcyorum. Be\u015fikta\u015f\u2019a, Be\u015fikta\u015f duru\u015fu olan futbolcular\u0131n transferi laz\u0131md\u0131r&#8221; dedi. &#8220;Be\u015fikta\u015f \u015fansl\u0131ym\u0131\u015f ki Mehmet Topuz transferi ger\u00e7ekle\u015fmedi&#8221; diyen Erdo\u011fan, &#8220;G\u00f6rd\u00fck ki Be\u015fikta\u015fl\u0131 olsa da Be\u015fikta\u015fl\u0131 duru\u015funa sahip de\u011fil. Transferin ger\u00e7ekle\u015fmemesi bu a\u00e7\u0131dan isabetli oldu&#8221; ifadelerini kulland\u0131. Bu arada, siyah-beyazl\u0131 taraftarlar\u0131n internet siteleri de Mehmet Topuz\u2019a tepki g\u00f6sterirken, baz\u0131 sitelerde, &#8220;Her t\u00fcrl\u00fc kazanan Be\u015fikta\u015f olmu\u015ftur&#8221; yorumlar\u0131 yap\u0131ld\u0131.<\/p>\n<p style=\"text-align: justify;\"><strong>SANAL ALEMDE GEY\u0130KLER<\/strong><\/p>\n<p style=\"text-align: justify;\">Bu arada Be\u015fikta\u015f&#8217;ta oynamak istiyorum a\u00e7\u0131klamas\u0131 yapan Mehmet Topuz&#8217;un Fenerbah\u00e7e&#8217;ye transferi internette espri konusu oldu. Baz\u0131 yorumlar \u015f\u00f6yle:<\/p>\n<p style=\"text-align: justify;\">Transferinin en unutulmaz olay\u0131 Mehmet Topuz&#8217;un 10 g\u00fcn boyunca annesi, babas\u0131 ve menajerleriyle otelde yiyip i\u00e7ip faturay\u0131 Y\u0131ld\u0131r\u0131m Demir\u00f6ren&#8217;e \u00f6detmesi olmu\u015ftur kan\u0131mca. Fenerbah\u00e7e Topuz&#8217;u ald\u0131, faturalar Kartal&#8217;a kald\u0131.<\/p>\n<p style=\"text-align: justify;\">Bir kez daha g\u00f6r\u00fclm\u00fc\u015ft\u00fcr ki Fenerbah\u00e7e ders vermeden adam\u0131 s\u0131nav yapar. s\u0131nav yapt\u0131\u011f\u0131 da maalesef o s\u0131navdan \u00e7akar.<\/p>\n<p style=\"text-align: justify;\">\u015eimdi Mehmet&#8217;i bildirin borsaya. Abi bu nas\u0131l bi h\u0131rs ? G\u00fcle g\u00fcle g\u00f6zlerimden ya\u015f geldi<\/p>\n<p style=\"text-align: justify;\">Demedim mi \u0130brahim bu Topuz&#8217;u Be\u015fikta\u015f&#8217;a yedirmezler diye Be\u015fikta\u015fl\u0131 arkada\u015flar fazla \u00fcz\u00fclmesin. Elbet bir g\u00fcn Topuz da sizin forman\u0131z\u0131 giyer. Biraz ya\u015f\u0131 ilerlesin.<\/p>\n<p style=\"text-align: justify;\">&#8220;Ne demi\u015ftik? &#8220;Bir g\u00fcn herkes Fenerli olacak&#8221;<\/p>\n<p style=\"text-align: justify;\">Her zaman son s\u00f6z\u00fc Fenerbah\u00e7e s\u00f6yler.<\/p>\n<p style=\"text-align: justify;\">Biri beni durdursun. Sabahtan beri g\u00fclme krizine girdim. Be\u015fikta\u015fl\u0131lar&#8217;\u0131n haline g\u00f6rd\u00fck\u00e7e&#8230; Of \u00f6lcem art\u0131k&#8230;<\/p>\n<p style=\"text-align: justify;\">Olay bu kadar basit. Aziz Ba\u015fkan istedi mi o oyuncu Fenerbah\u00e7e&#8217;de olacak.<\/p>\n<p style=\"text-align: justify;\">8-0 gazisi Be\u015fikta\u015f i\u00e7in normal bir yenilgi. Zaten ligde 2&#8217;de 1 Fener&#8217;e yenildi\u011fi i\u00e7in al\u0131\u015fk\u0131nlar. Yine bir hezimet Be\u015fikta\u015f&#8217;tan. Fener Mehmet&#8217;i ald\u0131 Be\u015fikta\u015f ise havas\u0131n\u0131 ald\u0131.<\/p>\n<p style=\"text-align: justify;\">Havaalan\u0131nda Aziz Y\u0131ld\u0131r\u0131m \u0131n kulland\u0131\u011f\u0131 jipe bindi\u011fini de g\u00f6rd\u00fckten sonra bu \u015fark\u0131y\u0131 yazmadan edemem. Y\u0131ld\u0131r\u0131m Demir\u00f6ren&#8217;den t\u00fcm k\u0131r\u0131k kalpler i\u00e7in gelsin;<\/p>\n<p style=\"text-align: justify;\">&#8220;Gelin olmu\u015f gidiyorsun<\/p>\n<p style=\"text-align: justify;\">bana veda ediyorsun<\/p>\n<p style=\"text-align: justify;\">sak\u0131n a\u011flama diyorsun<\/p>\n<p style=\"text-align: justify;\">a\u011flamamak elde de\u011fil<\/p>\n<p style=\"text-align: justify;\">\u00a0<\/p>\n<p style=\"text-align: justify;\">sa\u00e7lar\u0131nda s\u0131rma telin<\/p>\n<p style=\"text-align: justify;\">neden sustu tatl\u0131 dilin<\/p>\n<p style=\"text-align: justify;\">d\u00fcn benimdin bug\u00fcn elin<\/p>\n<p style=\"text-align: justify;\">a\u011flamamak elde de\u011fil<\/p>\n<p style=\"text-align: justify;\">\u00a0<\/p>\n<p style=\"text-align: justify;\">duva\u011f\u0131na teller tak\u0131p<\/p>\n<p style=\"text-align: justify;\">dertli p\u0131nar gibi ak\u0131p<\/p>\n<p style=\"text-align: justify;\">g\u00fcl y\u00fcz\u00fcne bak\u0131p bak\u0131p<\/p>\n<p style=\"text-align: justify;\">a\u011flamamak elde de\u011fil<\/p>\n<p style=\"text-align: justify;\">\u00a0<\/p>\n<p style=\"text-align: justify;\">sa\u00e7lar\u0131nda s\u0131rma telin<\/p>\n<p style=\"text-align: justify;\">neden sustu tatl\u0131 dilin<\/p>\n<p style=\"text-align: justify;\">d\u00fcn benimdin bug\u00fcn elin<\/p>\n<p style=\"text-align: justify;\">a\u011flamamak elde de\u011fil&#8221;<\/p>\n<p style=\"text-align: justify;\"><span style=\"color: #888888;\">Kaynak : Radikal<\/span><\/p>\n","protected":false},"excerpt":{"rendered":"<p style=\"text-align: center;\">\n<p style=\"text-align: justify;\">Daha \u00f6nce &#8216;\u00c7ocukluktan beri Be\u015fikta\u015fl\u0131y\u0131m&#8217; diyen Siyah -Beyazl\u0131 forma giyen Kayserispor kaptan\u0131 Mehmet Topuz Fenerbah\u00e7e&#8217;ye transfer oldu.<\/p>\n<p style=\"text-align: justify;\">\u0130STANBUL &#8211; Fenerbah\u00e7e Ba\u015fkan\u0131 Aziz Y\u0131ld\u0131r\u0131m&#8217;\u0131n \u00f6zel u\u00e7akla Kayseri&#8217;den \u0130stanbul&#8217;a getirip kul\u00fcb\u00fcn konukevine yerle\u015ftirdi\u011fi Mehmet Topuz&#8217;la resmi s\u00f6zle\u015fme imzalad\u0131.<\/p>\n<p style=\"text-align: justify;\">Topuz, Fenerbah\u00e7e Konuk Evi&#8217;nin bulundu\u011fu Kalam\u0131\u015f Tesisleri&#8217;nde Ba\u015fkan Aziz Y\u0131ld\u0131r\u0131m, <\/p>\n","protected":false},"author":1,"featured_media":0,"comment_status":"open","ping_status":"closed","sticky":false,"template":"","format":"standard","meta":{"footnotes":""},"categories":[42],"tags":[],"class_list":["post-35765","post","type-post","status-publish","format-standard","hentry","category-spor","odd"],"_links":{"self":[{"href":"http:\/\/www.korhanyilmaz.com\/index.php?rest_route=\/wp\/v2\/posts\/35765","targetHints":{"allow":["GET"]}}],"collection":[{"href":"http:\/\/www.korhanyilmaz.com\/index.php?rest_route=\/wp\/v2\/posts"}],"about":[{"href":"http:\/\/www.korhanyilmaz.com\/index.php?rest_route=\/wp\/v2\/types\/post"}],"author":[{"embeddable":true,"href":"http:\/\/www.korhanyilmaz.com\/index.php?rest_route=\/wp\/v2\/users\/1"}],"replies":[{"embeddable":true,"href":"http:\/\/www.korhanyilmaz.com\/index.php?rest_route=%2Fwp%2Fv2%2Fcomments&post=35765"}],"version-history":[{"count":0,"href":"http:\/\/www.korhanyilmaz.com\/index.php?rest_route=\/wp\/v2\/posts\/35765\/revisions"}],"wp:attachment":[{"href":"http:\/\/www.korhanyilmaz.com\/index.php?rest_route=%2Fwp%2Fv2%2Fmedia&parent=35765"}],"wp:term":[{"taxonomy":"category","embeddable":true,"href":"http:\/\/www.korhanyilmaz.com\/index.php?rest_route=%2Fwp%2Fv2%2Fcategories&post=35765"},{"taxonomy":"post_tag","embeddable":true,"href":"http:\/\/www.korhanyilmaz.com\/index.php?rest_route=%2Fwp%2Fv2%2Ftags&post=35765"}],"curies":[{"name":"wp","href":"https:\/\/api.w.org\/{rel}","templated":true}]}}