{"id":35764,"date":"2009-06-14T09:56:09","date_gmt":"2009-06-14T06:56:09","guid":{"rendered":"http:\/\/www.korhanyilmaz.com\/?p=10115"},"modified":"2009-06-14T09:56:09","modified_gmt":"2009-06-14T06:56:09","slug":"altin-kozada-buyuk-odulu-iki-film-paylasti-2","status":"publish","type":"post","link":"http:\/\/www.korhanyilmaz.com\/?p=35764","title":{"rendered":"Alt\u0131n Koza&#039;da b\u00fcy\u00fck \u00f6d\u00fcl\u00fc iki film payla\u015ft\u0131"},"content":{"rendered":"<p style=\"text-align: center;\"><img loading=\"lazy\" decoding=\"async\" class=\"aligncenter size-full wp-image-10116\" src=\"http:\/\/www.korhanyilmaz.com\/wp-content\/uploads\/2009\/06\/fft28_mf189785.Jpeg\" alt=\"\" width=\"306\" height=\"204\" \/><\/p>\n<address style=\"text-align: center;\"><span style=\"color: #888888;\">G\u00f6rkem Yektan &#8220;En \u0130yi Kad\u0131n Oyuncu&#8221;, Nadir Sar\u0131bacak &#8220;En \u0130yi Erkek Oyuncu&#8221; (sa\u011fda), Mahmut Faz\u0131l Co\u015fkun &#8220;En \u0130yi Y\u00f6netmen&#8221; \u00f6d\u00fcl\u00fcn\u00fc kazand\u0131.<\/span><\/address>\n<address style=\"text-align: center;\"> <\/address>\n<p style=\"text-align: justify;\">Adana 16&#8217;nc\u0131 Alt\u0131n Koza Film Festivali&#8217;nde Asl\u0131 \u00d6zge&#8217;nin y\u00f6netti\u011fi &#8216;K\u00f6pr\u00fcdekiler&#8217; adl\u0131 film ile Pelin Esmer&#8217;in y\u00f6netti\u011fi &#8217;11&#8217;e 10 Kala&#8217; filmleri &#8216;En iyi film&#8217; se\u00e7ilerek, b\u00fcy\u00fck \u00f6d\u00fcl\u00fc payla\u015ft\u0131.<\/p>\n<p style=\"text-align: justify;\">8-14 Haziran tarihleri aras\u0131nda d\u00fczenlenen festivalin Ulusal Uzun Metraj Film Yar\u0131\u015fmas\u0131 sonu\u00e7lar\u0131 d\u00fczenlenen t\u00f6renle a\u00e7\u0131kland\u0131. Merkez Park Amfi Tiyatrosu\u2019ndaki gecenin sunuculu\u011funu \u015eebnem D\u00f6nmez yapt\u0131. Amfi giri\u015fine sanat\u00e7\u0131lar ve misafirler i\u00e7in k\u0131rm\u0131z\u0131 hal\u0131 d\u00f6\u015fendi. 2 bin ki\u015filik amfi tiyatronun doldu\u011fu gecede, i\u00e7eri giremeyen vatanda\u015flar da t\u00f6reni amfi tiyatro d\u0131\u015f\u0131na haz\u0131rlanan dev sinevizyondan izledi.<!--more--><\/p>\n<p style=\"text-align: justify;\">T\u00f6rende ilk \u00f6nce \u00d6\u011frenci Filmleri Yar\u0131\u015fmas\u0131, ard\u0131ndan Akdeniz \u00dclkeleri K\u0131sa Film Yar\u0131\u015fmas\u0131\u2019n\u0131n, finalde ise Ulusal Uzun Metraj Film Yar\u0131\u015fmas\u0131\u2019n\u0131n \u00f6d\u00fclleri da\u011f\u0131t\u0131ld\u0131. Y\u00f6netmen Nuri Bilge Ceylan ba\u015fkanl\u0131\u011f\u0131nda oyuncu Bulut Aras, yazar ve senarist F\u00fcruzan, m\u00fczisyen Mazlum \u00c7imen, oyuncu Meltem Cumbul, y\u00f6netmen \u00d6zcan Alper, oyuncu \u00d6zg\u00fc Namal, g\u00f6r\u00fcnt\u00fc y\u00f6netmeni U\u011fur \u0130\u00e7bak, sinema yazar\u0131 ve akademisyen Prof. Dr. Zeynep T\u00fcl Akbal S\u00fcalp\u2019den olu\u015fan Ulusal Uzun Metraj Film Yar\u0131\u015fmas\u0131 B\u00fcy\u00fck J\u00fcrisi 12 film aras\u0131ndan \u2018B\u00fcy\u00fck J\u00fcri En \u0130yi Film \u00d6d\u00fcl\u00fc&#8217;n\u00fc 2 filme verdi. Bu dalda Asl\u0131 \u00d6zge\u2019nin y\u00f6netti\u011fi \u2018K\u00f6pr\u00fcdekiler\u2019 adl\u0131 film ile Pelin Esmer\u2019in y\u00f6netti\u011fi \u201811\u2019e 10 Kala\u2019 filmleri \u2018En iyi film\u2019 se\u00e7ildi. Bu y\u0131l ilk kez verilen S\u0130YAD \u00d6d\u00fcl\u00fc ise Orhan Eskik\u00f6y ve \u00d6zg\u00fcr Do\u011fan\u2019\u0131n y\u00f6netti\u011fi \u2018\u0130ki Dil Bir Bavul\u2019 adl\u0131 filmin oldu.<\/p>\n<p style=\"text-align: justify;\"><strong>Festivalde \u00f6d\u00fcllerin da\u011f\u0131t\u0131m\u0131 \u015f\u00f6yle oldu:<\/strong><\/p>\n<p style=\"text-align: justify;\">B\u00fcy\u00fck J\u00fcri En \u0130yi Film \u00d6d\u00fcl\u00fc: K\u00f6pr\u00fcdekiler (Asl\u0131 \u00d6zge) ve 11\u2019e 10 Kala (Pelin Esmer)<\/p>\n<p style=\"text-align: justify;\">B\u00fcy\u00fck J\u00fcri Y\u0131lmaz G\u00fcney \u00d6d\u00fcl\u00fc: \u0130ki Dil Bir Bavul (Orhan Eskik\u00f6y ve \u00d6zg\u00fcr Do\u011fan)<\/p>\n<p style=\"text-align: justify;\">S\u0130YAD \u00d6d\u00fcl\u00fc: \u0130ki Dil Bir Bavul (Orhan Eskik\u00f6y ve \u00d6zg\u00fcr Do\u011fan)<\/p>\n<p style=\"text-align: justify;\">Adana \u0130zleyici J\u00fcrisi En \u0130yi Film \u00d6d\u00fcl\u00fc : Momo-K\u0131zkarde\u015fim (Atalay Ta\u015fdiken)<\/p>\n<p style=\"text-align: justify;\">En \u0130yi Y\u00f6netmen \u00d6d\u00fcl\u00fc: Mahmut Faz\u0131l Co\u015fkun (Uzak \u0130htimal)<\/p>\n<p style=\"text-align: justify;\">En \u0130yi G\u00f6r\u00fcnt\u00fc Y\u00f6netmeni \u00d6d\u00fcl\u00fc: \u00d6zg\u00fcr Eken (S\u00fct) ve Ercan \u00d6zkan (Pus)<\/p>\n<p style=\"text-align: justify;\">En \u0130yi Sanat Y\u00f6netmeni \u00d6d\u00fcl\u00fc: Serdar Y\u0131lmaz (G\u00f6lgesizler)<\/p>\n<p style=\"text-align: justify;\">En \u0130yi Kad\u0131n Oyuncu \u00d6d\u00fcl\u00fc: G\u00f6rkem Yeltan (Uzak \u0130htimal)<\/p>\n<p style=\"text-align: justify;\">En \u0130yi Erkek Oyuncu \u00d6d\u00fcl\u00fc: Nadir Sar\u0131bacak (Uzak \u0130htimal)<\/p>\n<p style=\"text-align: justify;\">En iyi Yard\u0131mc\u0131 Kad\u0131n Oyuncu \u00d6d\u00fcl\u00fc: T\u00fclin \u00d6zen (Vicdan)<\/p>\n<p style=\"text-align: justify;\">En \u0130yi Yard\u0131mc\u0131 Erkek Oyuncu \u00d6d\u00fcl\u00fc: Mustafa Uzuny\u0131lmaz (Momo-K\u0131zkarde\u015fim) ve Osman Sonant (Pandora\u2019n\u0131n Kutusu)<\/p>\n<p style=\"text-align: justify;\">Umut Veren Gen\u00e7 Kad\u0131n Oyuncu \u00d6d\u00fcl\u00fc: Asiye Din\u00e7soy (Hayat\u0131n Tuzu)<\/p>\n<p style=\"text-align: justify;\">Umut Veren Gen\u00e7 Erkek Oyuncu \u00d6d\u00fcl\u00fc: Melih Sel\u00e7uk (S\u00fct)<\/p>\n<p style=\"text-align: justify;\">En \u0130yi Senaryo \u00d6d\u00fcl\u00fc: Pelin Esmer (11\u2019e 10 Kala )<\/p>\n<p style=\"text-align: justify;\">En \u0130yi M\u00fczik \u00d6d\u00fcl\u00fc: Nail Yurtsever (Dilber\u2019in Sekiz G\u00fcn\u00fc)<\/p>\n<p style=\"text-align: justify;\">En \u0130yi Kurgu \u00d6d\u00fcl\u00fc: Franc Nakache (Pandora\u2019n\u0131n Kutusu)<\/p>\n<p style=\"text-align: justify;\"><span style=\"color: #000000;\"><strong>\u00d6D\u00dcL ALMAYAN F\u0130LM YOK<\/strong><\/span><\/p>\n<p style=\"text-align: justify;\">Adana 16&#8217;nc\u0131 Alt\u0131n Koza Film Festivali&#8217;nde, baz\u0131 dallarda \u00e7ift \u00f6d\u00fcl verilmesi nedeniyle 16 dalda 19 \u00f6d\u00fcl da\u011f\u0131t\u0131ld\u0131. Yar\u0131\u015fan 12 filmin tamam\u0131 farkl\u0131 dallarda \u00f6d\u00fcl al\u0131rken, Mahmut Faz\u0131l Co\u015fkun&#8217;un y\u00f6netti\u011fi \u2018Uzak \u0130htimal\u2019 adl\u0131 film ise 3 dalda \u00f6d\u00fclle en fazla \u00f6d\u00fcl toplayan film oldu. \u2018Uzak \u0130htimal\u2019 filmi \u2018En iyi y\u00f6netmen, \u2018En iyi kad\u0131n oyuncu\u2019 ve \u2018En iyi erkek oyuncu\u2019 \u00f6d\u00fcllerini toplad\u0131. \u201811&#8217;e 10 kala\u2019, \u2018\u0130ki Dil Bir Bavul\u2019, \u2018Momo-K\u0131zkarde\u015fim\u2019, \u2018S\u00fct\u2019 ve \u2018Pandora&#8217;n\u0131n Kutusu\u2019 filmleri 2&#8217;\u015fer dalda, \u2018K\u00f6pr\u00fcdekiler\u2019, \u2018Pus\u2019, \u2018G\u00f6lgesizler\u2019, \u2018Vicdan\u2019, \u2018Hayat\u0131n Tuzu\u2019 ve \u2018Dilber&#8217;in Sekiz G\u00fcn\u00fc\u2019 filmleri de bir dalda \u00f6d\u00fcl ald\u0131. Ulusal Uzun Metraj Film Yar\u0131\u015fmas\u0131&#8217;nda yar\u0131\u015fan 12 film aras\u0131nda hi\u00e7 \u00f6d\u00fcl almayan film olmad\u0131.<\/p>\n<p style=\"text-align: justify;\"><strong>B\u0130R \u00d6D\u00dcL \u0130PTAL<\/strong><\/p>\n<p style=\"text-align: justify;\">J\u00fcri, \u00f6d\u00fcller aras\u0131nda yer alan \u2018En iyi St\u00fcdyo \u00d6d\u00fcl\u00fc\u2019n\u00fc oybirli\u011fiyle iptal etti. J\u00fcri, bu \u00f6d\u00fclle ilgili yapt\u0131\u011f\u0131 a\u00e7\u0131klamada, \u201c\u00d6d\u00fcl\u00fcn oybirli\u011fiyle iptal edildi\u011fini. J\u00fcrinin bu daldaki \u00f6d\u00fcl\u00fc \u2018sa\u00e7ma\u2019 buldu\u011fu, gelecek y\u0131llardaki festivallerde de kald\u0131r\u0131lmas\u0131 gerekti\u011fini belirtti. Koza heykellerinin da\u011f\u0131t\u0131ld\u0131\u011f\u0131 yar\u0131\u015fmada B\u00fcy\u00fck J\u00fcri En \u0130yi Film \u00d6d\u00fcl\u00fc 250 bin, B\u00fcy\u00fck J\u00fcri Y\u0131lmaz G\u00fcney \u00d6d\u00fcl\u00fc ve En \u0130yi Y\u00f6netmen \u00d6d\u00fcl\u00fc olarak 50\u2019\u015fer bin, En \u0130yi Senaryo \u00d6d\u00fcl\u00fc, En \u0130yi G\u00f6r\u00fcnt\u00fc Y\u00f6netmeni \u00d6d\u00fcl\u00fc ve En \u0130yi M\u00fczik \u00d6d\u00fcl\u00fc olarak 15\u2019\u015fer bin, festival izleyicilerinin belirleyece\u011fi bir filme de 50 bin lira tutar\u0131nda Adana \u0130zleyici J\u00fcrisi En \u0130yi Film \u00d6d\u00fcl\u00fc verildi.<\/p>\n<p style=\"text-align: justify;\">16. Alt\u0131n Koza Film Festivali Ulusal Uzun Metrajl\u0131 Film Yar\u0131\u015fmas\u0131 J\u00fcri Ba\u015fkan\u0131, \u00fcnl\u00fc sanat\u00e7\u0131 Nuri Bilge Ceylan, T\u00fcrkiye\u2019de j\u00fcri \u00fcyeli\u011fi yapman\u0131n zor oldu\u011funu belirtti.<\/p>\n<p style=\"text-align: justify;\">Ceylan, Merkez Park Amfi Tiyatro\u2019da d\u00fczenlenen \u00f6d\u00fcl t\u00f6reninde, Cannes\u2019da da j\u00fcri \u00fcyeli\u011fi yapt\u0131\u011f\u0131n\u0131 an\u0131msatarak, T\u00fcrkiye ile yurt d\u0131\u015f\u0131ndaki \u00fcyeli\u011fi kar\u015f\u0131la\u015ft\u0131rd\u0131.<\/p>\n<p style=\"text-align: justify;\">&#8220;Kendi \u00fclkende j\u00fcri \u00fcyesi olmak \u00e7ok zormu\u015f&#8221; diyen Ceylan, \u015funlar\u0131 kaydetti:<\/p>\n<p style=\"text-align: justify;\">&#8220;K\u00fc\u00e7\u00fck bir camiada herkes birbirini tan\u0131yor. De\u011ferlendirmeye \u00e7al\u0131\u015ft\u0131\u011f\u0131m\u0131z ki\u015filer hep arkada\u015f\u0131m\u0131z. Bu nedenle zorland\u0131k. Ancak, madem ki bu i\u015fi \u00fcstlendik zor taraf\u0131 bir kenara b\u0131rakt\u0131k. Sanki yabanc\u0131 bir \u00fclkede bu filmlerle ilk kez kar\u015f\u0131la\u015f\u0131yormu\u015f gibi izledik. Benim i\u00e7in \u00e7ok \u00f6\u011fretici bir s\u00fcre\u00e7 oldu, T\u00fcrk sinemas\u0131n\u0131n bir otopsisi gibi oldu. Kendimce \u00e7\u0131kard\u0131\u011f\u0131m k\u00fc\u00e7\u00fck notlar var. Buna g\u00f6re, T\u00fcrk sinemas\u0131nda teknik sorun kalmam\u0131\u015f. Eskiden teknik sorunlar y\u00fcz\u00fcnden filmler k\u00f6t\u00fc olurdu ve biz \u00fcz\u00fcl\u00fcrd\u00fck. Filmlerin kalitesi \u00e7ok artm\u0131\u015f. Bir\u00e7ok sorun \u00e7\u00f6z\u00fclm\u00fc\u015f. Benim i\u00e7in \u00e7ok sevindirici bir ba\u015fka unsur, son y\u0131llarda T\u00fcrk sinemas\u0131na \u00e7ok heyecan verici gen\u00e7 bir ku\u015fa\u011f\u0131n gelmi\u015f olmas\u0131n\u0131 \u00e7ok heyecan verici buluyorum.&#8221;<\/p>\n<p style=\"text-align: justify;\">Ceylan, \u00f6d\u00fcller aras\u0131nda yer alan &#8220;En iyi St\u00fcdyo \u00d6d\u00fcl\u00fc&#8221;n\u00fc de bu y\u0131l oybirli\u011fiyle iptal ettiklerini bildirdi. J\u00fcri \u00fcyesi g\u00f6r\u00fcnt\u00fc y\u00f6netmeni U\u011fur \u0130\u00e7bak\u2019\u0131 da sahneye \u00e7a\u011f\u0131ran Ceylan, j\u00fcrinin, t\u00fcm st\u00fcdyolar\u0131n iyi ko\u015fullarda hizmet verdi\u011fi ve bir filmin farkl\u0131 st\u00fcdyolarda \u00e7ekilebilece\u011fi y\u00f6n\u00fcnde karar birli\u011fine vard\u0131\u011f\u0131n\u0131 vurgulad\u0131. St\u00fcdyolar\u0131 ba\u015far\u0131s\u0131z bulduklar\u0131 i\u00e7in bu karar\u0131 almad\u0131klar\u0131n\u0131 ifade eden Ceylan, \u015f\u00f6yle devam etti:<\/p>\n<p style=\"text-align: justify;\">&#8220;Tam tersine ba\u015far\u0131l\u0131 buldu\u011fumuz i\u00e7in bu \u00f6d\u00fcl\u00fc vermedik. Bu \u00f6d\u00fcl biraz sa\u00e7ma bir \u00f6d\u00fcl. Zaten d\u00fcnyan\u0131n hi\u00e7bir yerinde b\u00f6yle bir \u00f6d\u00fcl yok. Art\u0131k filmler tek bir st\u00fcdyoda yap\u0131lm\u0131yor. Filmin tekni\u011fini belirleyen unsurlar bir\u00e7ok farkl\u0131 noktada olu\u015fuyor. Genellikle j\u00fcriler sonuca bak\u0131p, birine veriyor ve geri kalanlara haks\u0131zl\u0131k oluyor. Bu y\u00fczden kald\u0131r\u0131lmas\u0131 gerekti\u011fi karar\u0131 ald\u0131k ve di\u011fer y\u0131llar i\u00e7in de iptal edilmesini \u00f6neriyoruz. Ben bu film yerine en iyi ses dizayn\u0131 \u00f6d\u00fcl\u00fc verilmesini \u00f6neriyorum.&#8221;<\/p>\n<p style=\"text-align: justify;\">J\u00fcri \u00fcyesi g\u00f6r\u00fcnt\u00fc y\u00f6netmeni \u0130\u00e7bak da, bir filmin 4-5 st\u00fcdyoda tamamland\u0131\u011f\u0131n\u0131, eskiden st\u00fcdyo ortam\u0131n\u0131n tek ve zorlu olmas\u0131 nedeniyle destek amac\u0131yla b\u00f6yle bir \u00f6d\u00fcl verildi\u011fini belirterek, &#8220;Umar\u0131m st\u00fcdyo sahibi dostlar\u0131m\u0131z k\u0131r\u0131lmazlar, \u00e7\u00fcnk\u00fc onlar da sa\u00e7ma oldu\u011funu s\u00f6yl\u00fcyorlard\u0131&#8221; dedi.<\/p>\n<p style=\"text-align: justify;\"><strong>U\u011eUR VARDAN: YILMAZ G\u00dcNEY&#8217;\u0130 D\u00dc\u015e\u00dcND\u00dcK<\/strong><\/p>\n<p style=\"text-align: justify;\">Sinema Yazarlar\u0131 Derne\u011fi (S\u0130YAD) \u00fcyesi \u00d6zg\u00fcr \u015eeyben, U\u011fur Vardan ve Yusuf G\u00fcven festivalde bu y\u0131l ilk kez verilen &#8220;S\u0130YAD En \u0130yi Film \u00d6d\u00fcl\u00fc&#8221;n\u00fc ortak bir karar metniyle a\u00e7\u0131klad\u0131.<\/p>\n<p style=\"text-align: justify;\">Dernek ad\u0131na j\u00fcri \u00fcyesi U\u011fur Vardan, yapt\u0131\u011f\u0131 a\u00e7\u0131klamada, karar verirken Y\u0131lmaz G\u00fcney\u2019i d\u00fc\u015f\u00fcnerek ve ona hitaben verdiklerini belirtti.<\/p>\n<p style=\"text-align: justify;\">Vardan, \u00f6d\u00fcl\u00fc hak eden filminde buna de\u011fer bulundu\u011funu vurgulayarak, &#8220;Y\u0131lmaz G\u00fcney\u2019in \u015fehrinde, onun festivalinde onun sinemasal vizyonuna lay\u0131k bir filme \u00f6d\u00fcl vermek istedik. Oybirli\u011fiyle \u00f6d\u00fcl\u00fc, hi\u00e7bir \u00f6\u011frencinin T\u00fcrk\u00e7e bilmedi\u011fi K\u00fcrt k\u00f6y\u00fcnde, T\u00fcrk bir \u00f6\u011fretmenin g\u00f6rev yapmaya \u00e7al\u0131\u015fmas\u0131n\u0131 konu alan \u2019\u0130ki Dil Bir Bavul\u2019 filmine verdik&#8221; dedi.<\/p>\n<p style=\"text-align: justify;\">&#8220;B\u00fcy\u00fck J\u00fcri Y\u0131lmaz G\u00fcney \u00d6zel \u00d6d\u00fcl\u00fc&#8221;n\u00fc de almay\u0131 ba\u015faran &#8220;\u0130ki Dil Bir Bavul&#8221; filminin y\u00f6netmenleri Orhan Eskik\u00f6y ve \u00d6zg\u00fcr Do\u011fan da Y\u0131lmaz G\u00fcney\u2019in ad\u0131na verilen iki \u00f6d\u00fcl\u00fc de almaktan mutluluk duyduklar\u0131n\u0131 belirtti.<\/p>\n<p style=\"text-align: justify;\">J\u00fcrinin kendilerinin yapmak istedi\u011fini \u00e7ok iyi anlatt\u0131\u011f\u0131n\u0131 ifade eden Eskik\u00f6y, \u015f\u00f6yle devam etti:<\/p>\n<p style=\"text-align: justify;\">&#8220;Biz de bu \u00f6d\u00fcl\u00fc bilmedikleri bir dilde okuma yazma \u00f6\u011frenmek zorunda kalan K\u00fcrt \u00e7ocuklar\u0131na ve onlara anla\u015fmak i\u00e7in ba\u015fka bir dile ihtiyac\u0131 olan b\u00fct\u00fcn \u00f6\u011fretmenlere ad\u0131yoruz. Bu filme ba\u015flad\u0131\u011f\u0131m\u0131zda sadece 5 bin avro para bulduk. Hollanda\u2019da gurbet\u00e7i olarak \u00e7al\u0131\u015fan ve bizim hi\u00e7 tan\u0131mad\u0131\u011f\u0131m\u0131z iki ki\u015fi bu paray\u0131 bize g\u00f6nderdi. Ger\u00e7ekten b\u00fcy\u00fck y\u00fcreklerin deste\u011fiyle yap\u0131lm\u0131\u015f bir film, \u00e7ok te\u015fekk\u00fcr ediyoruz. Bu \u00f6d\u00fcle lay\u0131k olmaya \u00e7al\u0131\u015faca\u011f\u0131z. Kazand\u0131\u011f\u0131m\u0131z parayla ilk olarak bor\u00e7lar\u0131m\u0131z\u0131 kapataca\u011f\u0131z.&#8221;<\/p>\n<p style=\"text-align: justify;\"><strong>-YILMAZ G\u00dcNEY M\u00dcZES\u0130 \u00d6NER\u0130S\u0130- <br \/>\n <\/strong><\/p>\n<p style=\"text-align: justify;\">J\u00fcri Ba\u015fkan\u0131 Ceylan ise &#8220;B\u00fcy\u00fck J\u00fcri Y\u0131lmaz G\u00fcney \u00d6zel \u00d6d\u00fcl\u00fc&#8221;n\u00fc alan filmi a\u00e7\u0131klarken festivalde bu \u00f6d\u00fcl\u00fcn verilmesinin t\u00fcm sanat\u00e7\u0131lar\u0131 onurland\u0131rd\u0131\u011f\u0131n\u0131 vurgulad\u0131.<\/p>\n<p style=\"text-align: justify;\">Adanal\u0131 yetkililere seslenen Ceylan, &#8220;Rusya\u2019ya gitti\u011fimde bu \u00fclkenin \u00fcnl\u00fc d\u00fc\u015f\u00fcn\u00fcr ve sanat\u00e7\u0131lar\u0131n evlerini, m\u00fczelerini ziyaret edip, kendime geliyorum, zihnimi yeniliyorum. Adana\u2019da Y\u0131lmaz G\u00fcney gibi bir de\u011fer i\u00e7in m\u00fcze olmamas\u0131 dikkatimi \u00e7ekti. Adanal\u0131 yetkililer de bunu duyarak, Y\u0131lmaz G\u00fcney m\u00fczesini hayata ge\u00e7irmeli&#8221; dedi.<\/p>\n<p style=\"text-align: justify;\">Bu arada, &#8220;Dilber\u2019in Sekiz G\u00fcn\u00fc&#8221; adl\u0131 filmle &#8220;En \u0130yi M\u00fczik \u00d6d\u00fcl\u00fc&#8221;ne de\u011fer g\u00f6r\u00fclen ve t\u00f6rene kat\u0131lamayan Nail Yurtsever\u2019in ad\u0131na \u00f6d\u00fcl\u00fc almaya sahneye \u00e7\u0131kan filmin y\u00f6netmeni Cemal \u015ean, Yurtsever\u2019in de \u00f6d\u00fcl\u00fcn\u00fc Y\u0131lmaz G\u00fcney i\u00e7in ald\u0131\u011f\u0131 mesaj\u0131n\u0131 g\u00f6nderdi\u011fini s\u00f6yledi.<\/p>\n<p style=\"text-align: justify;\"><strong>-\u00d6D\u00dcLLER\u0130N 3\u2019\u00dc OY \u00c7OKLU\u011eUYLA- <br \/>\n <\/strong><\/p>\n<p style=\"text-align: justify;\">Ba\u015fkanl\u0131\u011f\u0131n\u0131 Nuri Bilge Ceylan\u2019\u0131n yapt\u0131\u011f\u0131, oyuncu Bulut Aras, yazar ve senarist F\u00fcruzan, m\u00fczisyen Mazlum \u00c7imen, oyuncu Meltem Cumbul, y\u00f6netmen \u00d6zcan Alper, oyuncu \u00d6zg\u00fc Namal, g\u00f6r\u00fcnt\u00fc y\u00f6netmeni U\u011fur \u0130\u00e7bak ve sinema yazar\u0131 ve akademisyen Prof. Dr. Zeynep T\u00fcl Akbal S\u00fcalp\u2019den olu\u015fan Ulusal Uzun Metrajl\u0131 Film Yar\u0131\u015fmas\u0131\u2019n\u0131n j\u00fcrinin &#8220;En \u0130yi Sanat Y\u00f6netmeni&#8221;, &#8220;En \u0130yi M\u00fczik&#8221;, &#8220;En \u0130yi Kurgu&#8221; \u00f6d\u00fcllerinin oy \u00e7oklu\u011fu ile di\u011ferlerini ise oy birli\u011fiyle kararla\u015ft\u0131rd\u0131\u011f\u0131 belirtildi.<\/p>\n<p style=\"text-align: justify;\">J\u00fcrinin \u00f6zellikle &#8220;En \u0130yi M\u00fczik&#8221; \u00f6d\u00fcl\u00fcn\u00fc verirken, tart\u0131\u015fma ya\u015fad\u0131\u011f\u0131 ve karar i\u00e7in birlik sa\u011flayamad\u0131\u011f\u0131 \u00f6\u011frenildi.<\/p>\n<p style=\"text-align: justify;\">Festivalde &#8220;Uzak \u0130htimal&#8221; filmi 3 daldaki ba\u015far\u0131yla en \u00e7ok \u00f6d\u00fcl\u00fc alan yap\u0131m olurken, yar\u0131\u015fmaya kat\u0131lan 12 filmin hepsi de \u00e7e\u015fitli dallarda \u00f6d\u00fcle lay\u0131k g\u00f6r\u00fcld\u00fc.<\/p>\n<p style=\"text-align: justify;\"><span style=\"color: #888888;\">(dha, aa)<\/span><\/p>\n<p><br class=\"spacer_\" \/><\/p>\n","protected":false},"excerpt":{"rendered":"<p style=\"text-align: center;\">\n<p> G\u00f6rkem Yektan &#8220;En \u0130yi Kad\u0131n Oyuncu&#8221;, Nadir Sar\u0131bacak &#8220;En \u0130yi Erkek Oyuncu&#8221; (sa\u011fda), Mahmut Faz\u0131l Co\u015fkun &#8220;En \u0130yi Y\u00f6netmen&#8221; \u00f6d\u00fcl\u00fcn\u00fc kazand\u0131. <\/p>\n<p style=\"text-align: justify;\">Adana 16&#8217;nc\u0131 Alt\u0131n Koza Film Festivali&#8217;nde Asl\u0131 \u00d6zge&#8217;nin y\u00f6netti\u011fi &#8216;K\u00f6pr\u00fcdekiler&#8217; adl\u0131 film ile Pelin Esmer&#8217;in y\u00f6netti\u011fi &#8217;11&#8217;e 10 Kala&#8217; filmleri &#8216;En iyi film&#8217; se\u00e7ilerek, b\u00fcy\u00fck \u00f6d\u00fcl\u00fc payla\u015ft\u0131.<\/p>\n<p style=\"text-align:  \n\n","protected":false},"author":1,"featured_media":0,"comment_status":"open","ping_status":"closed","sticky":false,"template":"","format":"standard","meta":{"footnotes":""},"categories":[8],"tags":[],"class_list":["post-35764","post","type-post","status-publish","format-standard","hentry","category-kultur-sanat","odd"],"_links":{"self":[{"href":"http:\/\/www.korhanyilmaz.com\/index.php?rest_route=\/wp\/v2\/posts\/35764","targetHints":{"allow":["GET"]}}],"collection":[{"href":"http:\/\/www.korhanyilmaz.com\/index.php?rest_route=\/wp\/v2\/posts"}],"about":[{"href":"http:\/\/www.korhanyilmaz.com\/index.php?rest_route=\/wp\/v2\/types\/post"}],"author":[{"embeddable":true,"href":"http:\/\/www.korhanyilmaz.com\/index.php?rest_route=\/wp\/v2\/users\/1"}],"replies":[{"embeddable":true,"href":"http:\/\/www.korhanyilmaz.com\/index.php?rest_route=%2Fwp%2Fv2%2Fcomments&post=35764"}],"version-history":[{"count":0,"href":"http:\/\/www.korhanyilmaz.com\/index.php?rest_route=\/wp\/v2\/posts\/35764\/revisions"}],"wp:attachment":[{"href":"http:\/\/www.korhanyilmaz.com\/index.php?rest_route=%2Fwp%2Fv2%2Fmedia&parent=35764"}],"wp:term":[{"taxonomy":"category","embeddable":true,"href":"http:\/\/www.korhanyilmaz.com\/index.php?rest_route=%2Fwp%2Fv2%2Fcategories&post=35764"},{"taxonomy":"post_tag","embeddable":true,"href":"http:\/\/www.korhanyilmaz.com\/index.php?rest_route=%2Fwp%2Fv2%2Ftags&post=35764"}],"curies":[{"name":"wp","href":"https:\/\/api.w.org\/{rel}","templated":true}]}}