{"id":35761,"date":"2009-06-13T08:52:07","date_gmt":"2009-06-13T05:52:07","guid":{"rendered":"http:\/\/www.korhanyilmaz.com\/?p=10089"},"modified":"2009-06-13T08:52:07","modified_gmt":"2009-06-13T05:52:07","slug":"ahmedinecadin-kader-secimi-2","status":"publish","type":"post","link":"http:\/\/www.korhanyilmaz.com\/?p=35761","title":{"rendered":"Ahmedinecad&#039;\u0131n kader se\u00e7imi"},"content":{"rendered":"<p style=\"text-align: center;\"><img loading=\"lazy\" decoding=\"async\" class=\"aligncenter size-full wp-image-10090\" src=\"http:\/\/www.korhanyilmaz.com\/wp-content\/uploads\/2009\/06\/fft5_mf188957.Jpeg\" alt=\"\" width=\"306\" height=\"204\" \/><\/p>\n<p style=\"text-align: justify;\"><strong>\u0130ranl\u0131lar, 7&#8217;den 77&#8217;ye toplumu siyasete kanalize edip b\u00fcy\u00fck kentleri \u00fc\u00e7 hafta boyunca panay\u0131r yerine \u00e7eviren \u00fc\u00e7 haftal\u0131k se\u00e7im kampanyas\u0131n\u0131n ard\u0131ndan solu\u011fu sand\u0131k ba\u015f\u0131nda ald\u0131.<\/strong><\/p>\n<p style=\"text-align: justify;\">TAHRAN &#8211; 2005&#8217;te bir s\u00fcrprize imza atarak sand\u0131ktan \u00e7\u0131kan ve bu s\u00fcre zarf\u0131nda kimilerine g\u00f6re \u0130ran&#8217;\u0131n d\u0131\u015f d\u00fcnyayla ili\u015fkilerini geren, kimilerine g\u00f6re ise &#8216;dik duran&#8217;, ancak i\u015f \u0130ranl\u0131lar\u0131n ekonomik sorunlar\u0131na derman olmaya gelince herkesin ba\u015far\u0131s\u0131z kald\u0131\u011f\u0131nda hemfikir oldu\u011fu 52 ya\u015f\u0131ndaki Cumhurba\u015fkan\u0131 Mahmut Ahmedinecad&#8217;\u0131n kaderini belirleme vakti gelip \u00e7att\u0131. Hem reform taraftarlar\u0131n\u0131n hem de \u0131l\u0131ml\u0131 muhafazakarlar\u0131n deste\u011fini arkas\u0131nda toplayan rakibi eski ba\u015fbakan Mir H\u00fcseyin Musavi, \u0130ran sokaklar\u0131nda estirdi\u011fi f\u0131rt\u0131nay\u0131 sand\u0131\u011fa tedav\u00fcl edebilirse, Ahmedinecad, 1979&#8217;dan bu yana ikinci kez se\u00e7ilmeyi ba\u015faramayan ilk cumhurba\u015fkan\u0131 olabilir. Bunu \u0130ranl\u0131lar\u0131n sand\u0131\u011fa ilgisi belirleyecek. Se\u00e7imde Ahmedinecad ile Musavi d\u0131\u015f\u0131nda eski Meclis Ba\u015fkan\u0131 Mehdi Kerrubi ile eski Devrim Muhaf\u0131zlar\u0131 Komutan\u0131 Muhsin R\u0131zai de yar\u0131\u015f\u0131yor. Gel g\u00f6r ki, ikiliye \u015fans tan\u0131yan yokken, alacaklar\u0131 oyla biraz da birinci turda se\u00e7ilmek i\u00e7in gereken y\u00fczde 50&#8217;lik oy oran\u0131n\u0131n tutturup tutturulamayaca\u011f\u0131n\u0131 belirleyecek. Aksi halde ufukta 19 Haziran&#8217;da ikinci turun yolu g\u00f6z\u00fckecek. <!--more--><\/p>\n<p style=\"text-align: justify;\">\n \u0130slam Devrimi&#8217;nden bu yana 10. cumhurba\u015fkanl\u0131\u011f\u0131 se\u00e7imi bu. 2005&#8217;te kat\u0131l\u0131m oran\u0131 se\u00e7im d\u00f6nemlerinde siyasal enerjiyle y\u00fcklenen b\u00f6yle bir \u00fclkede y\u00fczde 60&#8217;de kalm\u0131\u015ft\u0131. Bu kez 12 y\u0131l \u00f6nce reform cephesinde f\u0131rt\u0131nalar estirmi\u015f eski Cumhurba\u015fkan\u0131 Muhammed Hatemi&#8217;nin k\u0131rd\u0131\u011f\u0131 rekorda herkesin g\u00f6z\u00fc. Hatemi se\u00e7ildi\u011finde kat\u0131l\u0131m oran\u0131 y\u00fczde 80&#8217;i bulmu\u015ftu. Gel g\u00f6r ki reformlar hayata ge\u00e7memesi reformcu cepheye pahal\u0131ya maloldu. De\u011fi\u015fimin sand\u0131ktan gelmedi\u011fini g\u00f6ren k\u00fcsk\u00fcn se\u00e7men sand\u0131\u011fa k\u00fcst\u00fc. \u0130\u015fte bu se\u00e7im e\u011filimi tersine \u00e7evirme \u00e7abas\u0131. 46.2 milyon se\u00e7men kitlesinin yar\u0131s\u0131n\u0131 1979 devrimini g\u00f6rmemi\u015f gen\u00e7ler olu\u015fturuyor. Kampanyan\u0131n son \u00fc\u00e7 g\u00fcn\u00fc Tahran&#8217;da Fars\u00e7a pop ve rap m\u00fczikli sokak g\u00f6sterileri, &#8216;Ahmedi bye bye&#8217; sloganlar\u0131yla g\u00f6r\u00fclmemi\u015f bir ortam yaratan da i\u015fte bu gen\u00e7ler. \u00c7ar\u015famba gecesi doru\u011fa \u00e7\u0131kan co\u015fkunun ard\u0131ndan Tahran sokaklar\u0131 bir gecede tertemiz edilirken, per\u015fembeyi se\u00e7im olmayacakm\u0131\u015fcas\u0131na sakin ge\u00e7iren bu gen\u00e7lerin fire vermemesi halinde ibrenin Musavi&#8217;den yana d\u00f6nece\u011finde hem fikirdi herkes. Hatta Musavi&#8217;nin ilk turda Ahmedinecad&#8217;\u0131n bile\u011fini b\u00fckebilece\u011fini s\u00f6yleyenler bile vard\u0131. Musavi&#8217;yi destekleyen Hatemi de &#8220;B\u00fct\u00fcn g\u00f6stergeler Musavi&#8217;nin kazand\u0131\u011f\u0131na i\u015faret ediyor&#8221; derken Musavi&#8217;nin yard\u0131mc\u0131s\u0131 Sad\u0131k Harazi, &#8220;G\u00f6zlemlerimizi g\u00f6re Musavi y\u00fczde 58-60 oyla kazan\u0131yor&#8221; diye konu\u015ftu.<\/p>\n<p style=\"text-align: justify;\">\n Sabah yerel saatle saat 08.00&#8217;de (TS\u0130 06.30) sand\u0131klar\u0131n a\u00e7\u0131lmas\u0131yla birlikte kat\u0131l\u0131m\u0131n Hatemi d\u00f6nemindeki y\u00fczde 80&#8217;i yakalayaca\u011f\u0131 fikri peki\u015fti. \u0130RNA TV&#8217;ye bak\u0131l\u0131rsa ilk bir saat i\u00e7inde 5 milyon se\u00e7men tercihini yapm\u0131\u015ft\u0131. Se\u00e7im Komisyonu Ba\u015fkan\u0131 Kerman Dani\u015fcu bu durumu &#8220;Kat\u0131l\u0131m inan\u0131lmaz&#8221; diye \u00f6zetlerken bir ba\u015fka yetkili &#8220;Bence kat\u0131l\u0131m oran\u0131 y\u00fczde 80&#8217;i 90&#8217;\u0131 bulacak&#8221; dedi. Sand\u0131klar kapanmaya yak\u0131n uzun kuyruklar yerli yerinde dururken \u00e7are oylama uzat\u0131larak bulundu.<\/p>\n<p style=\"text-align: justify;\">\n \u00d6\u011fle saatlerinden itibaren Tahran&#8217;da reformcular\u0131n kalesi olan Kuzey&#8217;den Ahmedinecad taraftarlar\u0131n\u0131n a\u011f\u0131rl\u0131kl\u0131 ya\u015fad\u0131\u011f\u0131 daha yoksul g\u00fcney kesimlerine kadar her yerinde kat\u0131l\u0131m\u0131n y\u00fcksek \u00e7\u0131kaca\u011f\u0131n\u0131n i\u015faretleri mevcuttu. Okullar, mescitler ve h\u00fck\u00fcmet dairelerinde kurulan sand\u0131klar\u0131n \u00f6n\u00fcnde uzun kuyruklar olu\u015ftu. \u0130nsanlar oylar\u0131n\u0131 kullanabilmek i\u00e7in haziran s\u0131ca\u011f\u0131nda kimi yerde 45 dakika kimi yerde iki saat beklediler. <br \/>\n Sand\u0131k ba\u015flar\u0131nda suk\u00fcnet ve sab\u0131rl\u0131 bir bekleyi\u015f hakimdi. Tahran&#8217;\u0131n kuzeyiyle g\u00fcneyi aras\u0131nda kalan merkezinde yer alan Fatemi Caddesi&#8217;ndeki se\u00e7im merkezinde oylar\u0131n\u0131 kullanmaya gelmi\u015f 20&#8217;li ya\u015flardaki Azade, Mercan, Meryem ve Meh\u015fi &#8220;Bir \u015feylerin de\u011fi\u015fmesini umuyoruz&#8221; diye dile getirdiler beklentilerini. Meh\u015fi, &#8220;\u00d6zg\u00fcrl\u00fcklere dair s\u0131n\u0131rlamalar\u0131n kalkmas\u0131 i\u00e7in oy kullan\u0131yoruz. Gen\u00e7ler art\u0131k daha fazla \u00f6zg\u00fcrl\u00fck istiyor derken, 27 ya\u015f\u0131ndaki \u0130mad, &#8220;H\u00fck\u00fcmetin toplumdaki de\u011fi\u015fim ihtiyac\u0131na yan\u0131t vermesi gerek&#8221; vurgusu yap\u0131yordu. Salt gen\u00e7ler de\u011fil orta ya\u015fl\u0131lar da Musavi&#8217;den umutlu g\u00f6r\u00fcn\u00fcyordu. 59 ya\u015f\u0131ndaki i\u015fadam\u0131 Cafer, Ahmedinecad h\u00fck\u00fcmetinin \u00f6zel sekt\u00f6r\u00fc k\u00f6\u015feye s\u0131k\u0131\u015ft\u0131rd\u0131\u011f\u0131n\u0131, zay\u0131f bir devlet ekonomisi yaratt\u0131\u011f\u0131n\u0131 belirtip ekledi: &#8220;Umar\u0131m reformcular kazan\u0131r.&#8221; 27 ya\u015f\u0131ndaki \u015eahin de ayn\u0131 fikirde ancak Musavi&#8217;nin tam bir de\u011fi\u015fim getirebilece\u011fine inanm\u0131yor, &#8220;\u00d6zg\u00fcrl\u00fck \u0130ran&#8217;da \u00e7ok fark etmez, \u00e7o\u00fcnk\u00fc dini bir h\u00fck\u00fcmet var. Bunu tamamen de\u011fi\u015ftiremezsiniz, Musavi de de\u011fi\u015ftiremez&#8221; dese de &#8220;Az\u0131c\u0131k de\u011fi\u015fim bile iyi&#8221; diye ekledi. <br \/>\n Bu g\u00f6r\u00fc\u015fler d\u00fcnyaya a\u00e7\u0131lma arzusu ta\u015f\u0131yan kesimin g\u00f6r\u00fc\u015fleri. Bir de Ahmedinecad cephesi var. G\u00fcney kesimde yer alan Humeyni Meydan\u0131 yak\u0131nlar\u0131ndaki bir se\u00e7im merkezinde oyunu kullanan 22 ya\u015f\u0131ndaki Merziye ile Hediye kar\u015f\u0131t g\u00f6r\u00fc\u015fte. &#8220;Biz Doktor Ahmedinecad&#8217;\u0131 destekliyoruz&#8221; diyorlar. &#8216;Neden&#8217; sorusuna yan\u0131t\u0131, &#8220;D\u0131\u015f politikas\u0131&#8221; yan\u0131t\u0131n\u0131 veriyor Merziye. &#8220;N\u00fckleer g\u00fc\u00e7 olma yolundaki politika \u0130ran&#8217;\u0131n d\u00fcnyadaki konumunu y\u00fckseltti&#8221; diyor. Kendisine bunun gerilim yaratt\u0131\u011f\u0131n\u0131, \u0130ran&#8217;\u0131n yapt\u0131r\u0131mlarla ekonomik olarak s\u0131k\u0131\u015ft\u0131\u011f\u0131 g\u00f6r\u00fc\u015f\u00fcn\u00fc aktar\u0131nca, s\u0131k\u0131nt\u0131l\u0131 bir y\u00fcz ifadesiyle, &#8220;Do\u011fru ekonomi \u00e7ok iyi de\u011fil&#8221; deyip ekliyor: &#8220;\u00c7\u00fcnk\u00fc perde arkas\u0131nda ba\u015fkalar\u0131 izin vermedi&#8221;. Kimi kast etti\u011fini sorunca da &#8220;Rafsancani ile Hatemi&#8221; yan\u0131t\u0131n\u0131 veriyor. Musavi&#8217;in \u00f6zg\u00fcrl\u00fc\u011f\u00fcn s\u0131n\u0131rlar\u0131n\u0131 geni\u015fletece\u011fi beklentisi bulundu\u011fu an\u0131msat\u0131l\u0131nca ise &#8220;Biz halimizden memnunuz. Zaten \u00f6zg\u00fcr\u00fcz&#8221; diyor. Zehra Rahnavard&#8217;\u0131n ise se\u00e7im kampanyas\u0131na g\u00f6z boyamak i\u00e7in kat\u0131ld\u0131\u011f\u0131n\u0131 d\u00fc\u015f\u00fcnse de &#8220;\u0130yi konu\u015fuyor, iyi \u015feyler konu\u015fuyor&#8221; demeden edemiyor. Yine de &#8220;Biz doktor Ahmedinecad&#8217;a oyumuzu verdik&#8221; diyor.<\/p>\n<p style=\"text-align: justify;\"><span style=\"color: #888888;\">Kaynak : Ceyda Karan Ar\u015fivi &#8211; Radikal<\/span><\/p>\n","protected":false},"excerpt":{"rendered":"<p style=\"text-align: center;\">\n<p style=\"text-align: justify;\">\u0130ranl\u0131lar, 7&#8217;den 77&#8217;ye toplumu siyasete kanalize edip b\u00fcy\u00fck kentleri \u00fc\u00e7 hafta boyunca panay\u0131r yerine \u00e7eviren \u00fc\u00e7 haftal\u0131k se\u00e7im kampanyas\u0131n\u0131n ard\u0131ndan solu\u011fu sand\u0131k ba\u015f\u0131nda ald\u0131.<\/p>\n<p style=\"text-align: justify;\">TAHRAN &#8211; 2005&#8217;te bir s\u00fcrprize imza atarak sand\u0131ktan \u00e7\u0131kan ve bu s\u00fcre zarf\u0131nda kimilerine g\u00f6re \u0130ran&#8217;\u0131n d\u0131\u015f d\u00fcnyayla ili\u015fkilerini geren, kimilerine g\u00f6re ise &#8216;dik <\/p>\n","protected":false},"author":1,"featured_media":0,"comment_status":"open","ping_status":"closed","sticky":false,"template":"","format":"standard","meta":{"footnotes":""},"categories":[3],"tags":[],"class_list":["post-35761","post","type-post","status-publish","format-standard","hentry","category-dunya","odd"],"_links":{"self":[{"href":"http:\/\/www.korhanyilmaz.com\/index.php?rest_route=\/wp\/v2\/posts\/35761","targetHints":{"allow":["GET"]}}],"collection":[{"href":"http:\/\/www.korhanyilmaz.com\/index.php?rest_route=\/wp\/v2\/posts"}],"about":[{"href":"http:\/\/www.korhanyilmaz.com\/index.php?rest_route=\/wp\/v2\/types\/post"}],"author":[{"embeddable":true,"href":"http:\/\/www.korhanyilmaz.com\/index.php?rest_route=\/wp\/v2\/users\/1"}],"replies":[{"embeddable":true,"href":"http:\/\/www.korhanyilmaz.com\/index.php?rest_route=%2Fwp%2Fv2%2Fcomments&post=35761"}],"version-history":[{"count":0,"href":"http:\/\/www.korhanyilmaz.com\/index.php?rest_route=\/wp\/v2\/posts\/35761\/revisions"}],"wp:attachment":[{"href":"http:\/\/www.korhanyilmaz.com\/index.php?rest_route=%2Fwp%2Fv2%2Fmedia&parent=35761"}],"wp:term":[{"taxonomy":"category","embeddable":true,"href":"http:\/\/www.korhanyilmaz.com\/index.php?rest_route=%2Fwp%2Fv2%2Fcategories&post=35761"},{"taxonomy":"post_tag","embeddable":true,"href":"http:\/\/www.korhanyilmaz.com\/index.php?rest_route=%2Fwp%2Fv2%2Ftags&post=35761"}],"curies":[{"name":"wp","href":"https:\/\/api.w.org\/{rel}","templated":true}]}}