{"id":35759,"date":"2009-06-11T18:18:25","date_gmt":"2009-06-11T15:18:25","guid":{"rendered":"http:\/\/www.korhanyilmaz.com\/?p=9972"},"modified":"2009-06-11T18:18:25","modified_gmt":"2009-06-11T15:18:25","slug":"iranda-e-muhtira-2","status":"publish","type":"post","link":"http:\/\/www.korhanyilmaz.com\/?p=35759","title":{"rendered":"\u0130ran&#039;da e-muht\u0131ra!"},"content":{"rendered":"<p style=\"text-align: center;\"><a href=\"http:\/\/www.korhanyilmaz.com\/wp-content\/uploads\/2009\/06\/120620090220203740129_3.jpg\"  class=\"lightview\"><img loading=\"lazy\" decoding=\"async\" class=\"aligncenter size-full wp-image-9973\" src=\"http:\/\/www.korhanyilmaz.com\/wp-content\/uploads\/2009\/06\/120620090220203740129_3.jpg\" alt=\"\" width=\"336\" height=\"166\" \/><\/a><\/p>\n<p style=\"text-align: justify;\">\u0130ran ordusu reformculara \u2018e-muht\u0131ra\u2019 verdi: Ezeriz!<\/p>\n<p style=\"text-align: justify;\">\u0130ran\u2019da bug\u00fcn yap\u0131lacak se\u00e7imler \u00f6ncesinde Devrim Muhaf\u0131zlar\u0131 Ordusu, beklenmedik bir \u00e7\u0131k\u0131\u015f yaparak internet sitesinden bir bildiri yay\u0131nlad\u0131. Muhalefete y\u00f6nelik bildiride, \u201cE\u011fer bir Kadife Devrim yapma \u00e7abas\u0131 i\u00e7ine girerseniz sizi ezeriz. B\u00f6yle bir hareketi yok ederiz\u201d ifadesi kullan\u0131ld\u0131.<\/p>\n<p style=\"text-align: justify;\">\u0130ran\u2019da \u0130slam Devrimi\u2019nin ard\u0131ndan yap\u0131lacak 10\u2019uncu Cumhurba\u015fkanl\u0131\u011f\u0131 se\u00e7imleri i\u00e7in 46 milyon \u0130ranl\u0131 bug\u00fcn sand\u0131k ba\u015f\u0131na gidiyor. Koltu\u011funu korumak isteyen Mahmud Ahmedinecad, se\u00e7im kampanyas\u0131n\u0131n bitmesine saatler kala se\u00e7meni \u201crakiplerinin yalanlar\u0131na kanmamaya\u201d \u00e7a\u011f\u0131rd\u0131 ve \u201c\u0130slam Devrimi ilkelerini y\u0131kmaya \u00e7al\u0131\u015f\u0131yorlar\u201d dedi. Reformcular\u0131n aday\u0131 Mir H\u00fcseyin Musavi ise, Tahran\u2019daki Azadi (\u00d6zg\u00fcrl\u00fck) An\u0131t\u0131 \u00f6n\u00fcnde d\u00fczenledi\u011fi mitingde, \u201c\u00d6zg\u00fcrl\u00fck ve bar\u0131\u015f i\u00e7in\u201d oy istedi. Ba\u015fta \u00fclkenin dini lideri Ali Hamaney olmak \u00fczere \u0130ran\u2019da her t\u00fcr kararda son s\u00f6z\u00fc s\u00f6yleyen din adamlar\u0131 daha \u00f6nce Ahmedinecad\u2019\u0131n arkas\u0131nda olduklar\u0131n\u0131 dolayl\u0131 yollardan a\u00e7\u0131klam\u0131\u015flard\u0131. Ordunun da \u0130ran Cumhurba\u015fkan\u0131\u2019na sad\u0131k oldu\u011fu biliniyordu. Ancak askerler herhangi bir a\u00e7\u0131klama yapmaktan ka\u00e7\u0131nd\u0131lar&#8230; Ta ki d\u00fcne kadar&#8230; <!--more--><\/p>\n<p style=\"text-align: justify;\"><strong>Reformcu=Radikal <\/strong><\/p>\n<p style=\"text-align: justify;\">T\u00fcrkiye\u2019de ya\u015fanan \u201ce-muht\u0131ra\u201d olay\u0131n\u0131n bir benzeri d\u00fcn \u0130ran\u2019da ger\u00e7ekle\u015fti. \u0130ran Silahl\u0131 Kuvvetleri\u2019nin en b\u00fcy\u00fck par\u00e7as\u0131n\u0131 olu\u015fturan Devrim Muhaf\u0131zlar\u0131 Ordusu internet sitesinden yay\u0131nlad\u0131\u011f\u0131 bildiri ile reformcu muhalefete muht\u0131ra verdi. \u0130slam Devrimi\u2019nin ard\u0131ndan Ayetullah Humeyni taraf\u0131ndan devrimi korumak i\u00e7in kurulan Devrim Muhaf\u0131zlar\u0131\u2019n\u0131n siyasi kol ba\u015fkan\u0131 Yadullah Javani, se\u00e7ime 24 saat kala \u00e7ok sert bir uyar\u0131 yapt\u0131. T\u00fcm d\u00fcnya bas\u0131n\u0131n\u0131n reformcu olarak tan\u0131d\u0131\u011f\u0131 Musavi ve yanda\u015flar\u0131 i\u00e7in \u201cradikaller\u201d ifadesini kullanan Javani\u2019nin bildirisinde \u015fu ifadeler yer ald\u0131:<\/p>\n<p style=\"text-align: justify;\"><strong>\u201cSizi yok ederiz\u201d<\/strong><\/p>\n<p style=\"text-align: justify;\">Kendilerine daha \u00f6nce hi\u00e7 g\u00f6r\u00fclmemi\u015f \u015fekilde bir renk (ye\u015fil) se\u00e7ip se\u00e7im kampanyas\u0131 yapan radikaller (Reformcular) e\u011fer \u0130ran\u2019da bir \u201cKadife Devrim\u201d (\u00c7ekoslovakya\u2019da 1989\u2019da ger\u00e7ekle\u015fen sivil darbe) yapabileceklerini zannediyorlarsa \u00e7ok yan\u0131l\u0131yorlar. B\u00f6yle bir giri\u015fimi palazlanmadan yok ederiz&#8230; \u0130ran\u2019da devrim yapmaya \u00e7al\u0131\u015fanlar\u0131 ezeriz. Elimizde radikallerin (Reformcular\u0131n) kazanmalar\u0131 durumunda caddelerde bir Kadife Devrim \u00e7abas\u0131 i\u00e7ine girecekleri, kaybetmeleri durumunda da \u201cse\u00e7ime hile kar\u0131\u015ft\u0131\u201d diye yine caddelere inme planlar\u0131 oldu\u011fu y\u00f6n\u00fcnde istihbarat var. Psikolojik bir sava\u015f ba\u015flatan radikaller (Reformcular) medyaya kendilerini bu se\u00e7imin galibi gibi sunuyorlar.<\/p>\n<p style=\"text-align: justify;\"><strong>Yar\u0131\u015f ba\u015fa ba\u015f, \u00e7ok ince hesaplar var<\/strong><\/p>\n<p style=\"text-align: justify;\">SE\u00c7\u0130ME kat\u0131l\u0131m t\u00fcm adaylar i\u00e7in hayati \u00f6nem ta\u015f\u0131yor. Uzmanlara g\u00f6re kat\u0131l\u0131m oran\u0131 y\u00fczde 80\u2019lerde olursa reformcular\u0131n aday\u0131 Musavi ipi \u00f6nde g\u00f6\u011f\u00fcsleyecek. 2005\u2019teki se\u00e7imlerde kat\u0131l\u0131m y\u00fczde 60\u2019larda kalm\u0131\u015ft\u0131. Ancak ilk kez adaylar\u0131n TV tart\u0131\u015fmas\u0131nda kar\u015f\u0131 kar\u015f\u0131ya gelmesinin ve g\u00f6r\u00fclmemi\u015f d\u00fczeyde bir se\u00e7im kampanyas\u0131 yap\u0131lmas\u0131n\u0131n bu kez se\u00e7imlere kat\u0131l\u0131m\u0131 art\u0131rmas\u0131na kesin g\u00f6z\u00fcyle bak\u0131l\u0131yor. 30 milyonun \u00fczerindeki se\u00e7men say\u0131s\u0131 reformculara zafer getirebilir.<\/p>\n<p style=\"text-align: justify;\">Yar\u0131\u015f\u0131n Ahmedinecad ile Musavi aras\u0131nda ge\u00e7ece\u011fi art\u0131k bir ger\u00e7ek. \u0130lk turda y\u00fczde 50 oy alan aday yar\u0131\u015f\u0131 kazanacak. Reformcular\u0131n oylar\u0131n\u0131n Musavi ve Karrubi aras\u0131nda b\u00f6l\u00fcnmesi Ahmedinecad\u2019\u0131n i\u015fine yarayabilir. Ancak ilk turda \u0130ran lideri y\u00fczde 50\u2019nin alt\u0131nda kal\u0131rsa ikinci turda Musavi ile yar\u0131\u015fmak zorunda kalacak, ki bu durumda da Karrubi\u2019nin oylar\u0131na konacak olan Musavi\u2019nin kazanma \u015fans\u0131 y\u00fcksek.<\/p>\n<p style=\"text-align: justify;\"><strong>T\u00fcrkiye\u2019de oy at\u0131lacak<\/strong><\/p>\n<p style=\"text-align: justify;\">\u0130ran\u2019da bug\u00fcn yap\u0131lacak 10\u2019uncu d\u00f6nem Cumhurba\u015fkanl\u0131\u011f\u0131 se\u00e7iminde \u00fclke genelinde se\u00e7im g\u00fcvenli\u011fini sa\u011flamak i\u00e7in 200 bin polis g\u00f6rev alacak. Yakla\u015f\u0131k 46.2 milyon kay\u0131tl\u0131 se\u00e7men, saat 08.00-18.00 aras\u0131nda 45 bin 713 sand\u0131kta oy kullanabilecek. Yurt d\u0131\u015f\u0131nda ya\u015fayan \u0130ranl\u0131lar ise, aralar\u0131nda T\u00fcrkiye\u2019nin de bulundu\u011fu 130 \u00fclkede kurulacak sand\u0131klarda oy kullanabilecek.<\/p>\n<p style=\"text-align: justify;\"><strong>\u0130kinci tura kalabilir<\/strong><\/p>\n<p style=\"text-align: justify;\">Nihai se\u00e7im sonu\u00e7lar\u0131n\u0131n, sand\u0131klar\u0131n kapanmas\u0131ndan 24 saat sonra a\u00e7\u0131klanmas\u0131 bekleniyor. Y\u00fczde 50\u2019nin \u00fczerinde oy alan aday se\u00e7imi kazanm\u0131\u015f say\u0131lacak. Bu orana ula\u015f\u0131lamamas\u0131 durumunda en \u00e7ok oy alan iki aday, 19 Haziran\u2019da yap\u0131lacak ikinci turda yar\u0131\u015facak.<\/p>\n<p style=\"text-align: justify;\"><strong>110 milyon SMS<\/strong><\/p>\n<p style=\"text-align: justify;\">\u0130RAN Telekom\u00fcnikasyon \u015eirketi halkla ili\u015fkiler m\u00fcd\u00fcr\u00fc Davut Zareian se\u00e7imler sebebiyle hareketli g\u00fcnler ge\u00e7iren \u0130ran\u2019da g\u00fcnl\u00fck at\u0131lan 55 ile 65 milyon aras\u0131ndaki SMS\u2019in Cumhurba\u015fkanl\u0131\u011f\u0131 se\u00e7im yar\u0131\u015f\u0131 s\u0131ras\u0131nda 110 milyona \u00e7\u0131kt\u0131\u011f\u0131n\u0131 a\u00e7\u0131klad\u0131. Se\u00e7im yasaklar\u0131na ra\u011fmen adaylar d\u00fcn de SMS g\u00f6ndermeyi s\u00fcrd\u00fcrd\u00fc.<\/p>\n<p style=\"text-align: justify;\"><span style=\"color: #888888;\">Kaynak : Vatan<\/span><\/p>\n","protected":false},"excerpt":{"rendered":"<p style=\"text-align: center;\">\n<p style=\"text-align: justify;\">\u0130ran ordusu reformculara \u2018e-muht\u0131ra\u2019 verdi: Ezeriz!<\/p>\n<p style=\"text-align: justify;\">\u0130ran\u2019da bug\u00fcn yap\u0131lacak se\u00e7imler \u00f6ncesinde Devrim Muhaf\u0131zlar\u0131 Ordusu, beklenmedik bir \u00e7\u0131k\u0131\u015f yaparak internet sitesinden bir bildiri yay\u0131nlad\u0131. Muhalefete y\u00f6nelik bildiride, \u201cE\u011fer bir Kadife Devrim yapma \u00e7abas\u0131 i\u00e7ine girerseniz sizi ezeriz. B\u00f6yle bir hareketi yok ederiz\u201d ifadesi kullan\u0131ld\u0131.<\/p>\n<p style=\"text-align: justify;\">\u0130ran\u2019da \u0130slam Devrimi\u2019nin <\/p>\n","protected":false},"author":1,"featured_media":0,"comment_status":"open","ping_status":"closed","sticky":false,"template":"","format":"standard","meta":{"footnotes":""},"categories":[3],"tags":[],"class_list":["post-35759","post","type-post","status-publish","format-standard","hentry","category-dunya","odd"],"_links":{"self":[{"href":"http:\/\/www.korhanyilmaz.com\/index.php?rest_route=\/wp\/v2\/posts\/35759","targetHints":{"allow":["GET"]}}],"collection":[{"href":"http:\/\/www.korhanyilmaz.com\/index.php?rest_route=\/wp\/v2\/posts"}],"about":[{"href":"http:\/\/www.korhanyilmaz.com\/index.php?rest_route=\/wp\/v2\/types\/post"}],"author":[{"embeddable":true,"href":"http:\/\/www.korhanyilmaz.com\/index.php?rest_route=\/wp\/v2\/users\/1"}],"replies":[{"embeddable":true,"href":"http:\/\/www.korhanyilmaz.com\/index.php?rest_route=%2Fwp%2Fv2%2Fcomments&post=35759"}],"version-history":[{"count":0,"href":"http:\/\/www.korhanyilmaz.com\/index.php?rest_route=\/wp\/v2\/posts\/35759\/revisions"}],"wp:attachment":[{"href":"http:\/\/www.korhanyilmaz.com\/index.php?rest_route=%2Fwp%2Fv2%2Fmedia&parent=35759"}],"wp:term":[{"taxonomy":"category","embeddable":true,"href":"http:\/\/www.korhanyilmaz.com\/index.php?rest_route=%2Fwp%2Fv2%2Fcategories&post=35759"},{"taxonomy":"post_tag","embeddable":true,"href":"http:\/\/www.korhanyilmaz.com\/index.php?rest_route=%2Fwp%2Fv2%2Ftags&post=35759"}],"curies":[{"name":"wp","href":"https:\/\/api.w.org\/{rel}","templated":true}]}}