{"id":35758,"date":"2009-06-08T15:03:52","date_gmt":"2009-06-08T12:03:52","guid":{"rendered":"http:\/\/www.korhanyilmaz.com\/?p=10207"},"modified":"2009-06-08T15:03:52","modified_gmt":"2009-06-08T12:03:52","slug":"yuzde-100-italyanim-2","status":"publish","type":"post","link":"http:\/\/www.korhanyilmaz.com\/?p=35758","title":{"rendered":"Y\u00fczde 100 \u0130talyan&#039;\u0131m"},"content":{"rendered":"<p style=\"text-align: center;\"><a href=\"http:\/\/www.korhanyilmaz.com\/wp-content\/uploads\/2009\/06\/ferzan_ozpetek1.jpg\"  class=\"lightview\"><img loading=\"lazy\" decoding=\"async\" class=\"aligncenter size-full wp-image-10208\" title=\"D\u00fcnyaca \u00fcnl\u00fc T\u00fcrk y\u00f6netmen Ferzan \u00d6zpedek\" src=\"http:\/\/www.korhanyilmaz.com\/wp-content\/uploads\/2009\/06\/ferzan_ozpetek1.jpg\" alt=\"D\u00fcnyaca \u00fcnl\u00fc T\u00fcrk y\u00f6netmen Ferzan \u00d6zpedek\" width=\"300\" height=\"200\" \/><\/a><\/p>\n<p style=\"text-align: justify;\">D\u00fcnyaca \u00fcnl\u00fc T\u00fcrk y\u00f6netmen Ferzan \u00d6zpedek, \u0130talya\u2019n\u0131n ayl\u0131k erkek dergisi FoxUomo\u2019nun Haziran say\u0131s\u0131nda yay\u0131nlanan r\u00f6portaj\u0131nda \u201cY\u00fczde y\u00fcz \u0130talyan\u2019\u0131m\u201d dedi. \u201cHerkes benden ho\u015flanmayabilir ama b\u00f6ylesi daha iyi\u201d ba\u015fl\u0131\u011f\u0131yla \u00fc\u00e7 sayfa ayr\u0131lan r\u00f6portajda \u201c50\u2019nci ya\u015f\u0131n\u0131 kutlayan T\u00fcrk as\u0131ll\u0131 y\u00f6netmen y\u00fczde 100 \u0130talyan. Ya\u015flanmaktan ve ele\u015ftirilerden korkmuyor\u201d yorumu yap\u0131l\u0131rken, \u00d6zpetek\u2019in \u201cBenim i\u00e7in sadece izleyici \u00f6nemli\u201d s\u00f6zleri \u00f6n plana \u00e7\u0131kar\u0131ld\u0131.<\/p>\n<p style=\"text-align: justify;\">A\u011fustos ay\u0131nda Puglia\u2019da ba\u015flayaca\u011f\u0131 yeni filmi \u2018Mine Vaganti&#8217;nin (Serseri May\u0131nlar) \u00e7ekimleri arifesinde Ferzan \u00d6zpetek, ge\u00e7irdi\u011fi yar\u0131m y\u00fczy\u0131l\u0131n de\u011ferlendirmesini yapt\u0131\u011f\u0131 r\u00f6portaj\u0131nda, ya\u015flanmaktan korkmad\u0131\u011f\u0131na vurgu yaparak, \u201cHarika bir ya\u015f oldu\u011funa inan\u0131yorum. <!--more-->Ya\u015flanmaktan korkmuyorum. \u00d6yle bir ya\u015f ki hayat\u0131n\u0131 do\u011fru zamanda ya\u015f\u0131yorsun, bir \u015feylerin arkas\u0131ndan ko\u015fmadan. \u00d6nceden ekti\u011fin tohumlar\u0131n d\u00f6k\u00fcm\u00fcn\u00fc ald\u0131\u011f\u0131n bir zaman dilimi. Kendimi benden gen\u00e7 olanlarla k\u0131yaslam\u0131yorum, fizik ve ak\u0131l sa\u011fl\u0131\u011f\u0131m\u0131 formda tutuyorum, onlardan bir eksi\u011fim yok. K\u0131r\u0131\u015f\u0131kl\u0131klardan da korkmuyorum. Zaten k\u0131r\u0131\u015f\u0131kl\u0131klar\u0131m yok\u201d dedi.<\/p>\n<p style=\"text-align: justify;\">Depremin hemen ard\u0131ndan y\u0131k\u0131lan y\u00fczlerce evi ve hayat\u0131 filme almak i\u00e7in Abruzzo\u2019ya ko\u015fan y\u00f6netmenlerden biri olan \u00d6zpetek, b\u00f6lgede tarifi zor bir s\u00fcrece tan\u0131kl\u0131k etti\u011fini belirterek, duygular\u0131n\u0131, \u201cB\u00fcy\u00fck bir umutsuzluk ve ac\u0131 g\u00f6rmeyi bekliyordum, ama \u00f6yle olmad\u0131. Atmosfer hala devam ediyordu ve takip etti\u011fim insanlar \u00e7ok \u00fczg\u00fcn g\u00f6r\u00fcnm\u00fcyordu. Ac\u0131lar\u0131na kar\u015f\u0131n g\u00fc\u00e7l\u00fcyd\u00fcler ve ben onlara sayg\u0131mdan g\u00f6zya\u015flar\u0131m\u0131 tutmaya \u00e7al\u0131\u015f\u0131yordum. E\u011fer onlar birbirlerinin cesaretini k\u0131rmamak i\u00e7in a\u011flamad\u0131ysa, ben de a\u011flamamal\u0131yd\u0131m. Paskalya\u2019dan \u00f6nceki Cuma, cenaze t\u00f6reninde g\u00f6rd\u00fc\u011f\u00fcm senaryo, ger\u00e7ekd\u0131\u015f\u0131yd\u0131; pencereden ka\u00e7mak i\u00e7in rulo yap\u0131l\u0131p sark\u0131t\u0131lm\u0131\u015f bir \u00e7ar\u015faf, g\u00f6\u00e7\u00fck alt\u0131nda bir yatak, yamyass\u0131 olmu\u015f otomobiller, kiri\u015flerinden \u00e7\u0131km\u0131\u015f kap\u0131lar, etrafa sa\u00e7\u0131lm\u0131\u015f tablolar ve foto\u011fraflar, her \u015fey yerle bir\u201d s\u00f6zleriyle dile getirdi.<\/p>\n<p style=\"text-align: justify;\"><strong>\u00d6ZPETEK Y\u00dcZDE 100 \u0130TALYAN<\/strong><\/p>\n<p style=\"text-align: justify;\">S\u00f6yle\u015fide, \u201c\u0130lgin\u00e7 olan g\u00fcn\u00fcm\u00fcz\u00fcn en \u00f6nemli \u0130talyan y\u00f6netmeninin T\u00fcrk as\u0131ll\u0131 olmas\u0131\u201d yorumuna \u00fcnl\u00fc y\u00f6netmenin yan\u0131t\u0131 ise, T\u00fcrkiye\u2019de biraz \u00fcz\u00fcnt\u00fc yaratacak nitelikte oldu. \u00d6zpetek, \u201cBen \u0130talyan\u2019\u0131m, vatanda\u015fl\u0131\u011f\u0131m var. Ayr\u0131ca benim tarz\u0131m \u0130talyan, derinlemesine Akdeniz k\u00fclt\u00fcr\u00fcne sahibim, tam anlam\u0131yla. Tabi ki, beni geli\u015ftiren, zihnimi a\u00e7an kar\u0131\u015f\u0131k k\u00fclt\u00fcr ve dinlerle b\u00fcy\u00fcd\u00fcm. Bu sayede ba\u015fkalar\u0131n\u0131n korkulacak d\u00fc\u015fmanlar de\u011fil, a\u011f\u0131rlanacak dostlar oldu\u011funu g\u00f6rd\u00fcm. \u00c7\u00fcnk\u00fc 30 y\u0131l \u00f6nce \u0130talya bana b\u00f6yle davrand\u0131\u201d dedi.<\/p>\n<p style=\"text-align: justify;\">\u00d6zpetek ayr\u0131ca, hayattan beklentisini, \u201cBenim \u00fclkem, \u0130talya\u2019da, yapt\u0131\u011f\u0131m i\u015fi; sinemay\u0131 devam ettirmek. Erkekler, kad\u0131nlar ve aileler hakk\u0131nda bizden olan hikayeler anlatmak\u201d \u015feklinde a\u00e7\u0131klarken, \u201cT\u00fcrkiye\u2019yi hi\u00e7 \u00f6zlemiyor musunuz?\u201d sorusunu da, \u201cYerlerden ziyade, baz\u0131 zaman dilimlerini, baz\u0131 anlar\u0131 \u00f6zl\u00fcyorum. Mesela 80\u2019li y\u0131llar\u0131n ba\u015flar\u0131n\u0131 \u00f6zl\u00fcyorum\u201d \u015feklinde yan\u0131tlad\u0131.<\/p>\n<p style=\"text-align: justify;\"><strong>YEN\u0130 F\u0130LM \u2018M\u0130NE VAGANT\u0130\u2019 YOLDA <\/strong><\/p>\n<p style=\"text-align: justify;\">\u00c7ekimlerine A\u011fustos ay\u0131nda Puglia b\u00f6lgesinde yer alan Salento\u2019da ba\u015flayaca\u011f\u0131 komedi t\u00fcr\u00fcndeki yeni filmi \u2018Mine Vaganti&#8217;nin (Serseri May\u0131nlar) hikayesinin geleneksel bir aileden yola \u00e7\u0131kaca\u011f\u0131n\u0131 belirten \u00d6zpetek, \u201cAma bu filmi sadece geleneksel aile filmi kategorisinde de\u011ferlendirmek a\u015f\u0131r\u0131 olur. Tabi ki hikaye geleneksel aile hikayesi olacak, Puglia\u2019dan makarna \u00fcreten, baba, anne, iki erkek ve bir k\u0131z karde\u015f, b\u00fcy\u00fckanne ile teyzelerden olu\u015fan geni\u015f bir ailenin hikayesi. Derinlemesine sevdi\u011fim makarna k\u00fclt\u00fcr\u00fc, hikayeyi ve i\u00e7indeki karakterleri anlatacak. Salento\u2019yu se\u00e7memin nedeni Roma ve \u0130stanbul\u2019dan sonra kendimi evimde hissetti\u011fim tek yer olmas\u0131\u201d dedi.<\/p>\n<p style=\"text-align: justify;\">Baz\u0131 ele\u015ftirmenlerin yeni filmin \u2018s\u0131radan duygusal bir film\u2019 olaca\u011f\u0131 y\u00f6n\u00fcndeki yorumlar\u0131 i\u00e7in ise \u00d6zpertek, \u201cNe kadar \u00e7ok \u015fey s\u00f6ylerlerse, o kadar mutlu oluyorum. Y\u00f6netmen olarak ula\u015fmak istedi\u011fim nokta, duygular\u0131m\u0131 izleyiciye aktarabilmek. Herkes benden ho\u015flanmayabilir. Ama b\u00f6ylesi daha iyi\u201d diye konu\u015ftu.<\/p>\n<p style=\"text-align: justify;\"><span style=\"color: #888888;\">Kaynak : Eda BERKBAYRAK\/M\u0130LANO, (DHA)<\/span><\/p>\n","protected":false},"excerpt":{"rendered":"<p style=\"text-align: center;\">\n<p style=\"text-align: justify;\">D\u00fcnyaca \u00fcnl\u00fc T\u00fcrk y\u00f6netmen Ferzan \u00d6zpedek, \u0130talya\u2019n\u0131n ayl\u0131k erkek dergisi FoxUomo\u2019nun Haziran say\u0131s\u0131nda yay\u0131nlanan r\u00f6portaj\u0131nda \u201cY\u00fczde y\u00fcz \u0130talyan\u2019\u0131m\u201d dedi. \u201cHerkes benden ho\u015flanmayabilir ama b\u00f6ylesi daha iyi\u201d ba\u015fl\u0131\u011f\u0131yla \u00fc\u00e7 sayfa ayr\u0131lan r\u00f6portajda \u201c50\u2019nci ya\u015f\u0131n\u0131 kutlayan T\u00fcrk as\u0131ll\u0131 y\u00f6netmen y\u00fczde 100 \u0130talyan. Ya\u015flanmaktan ve ele\u015ftirilerden korkmuyor\u201d yorumu yap\u0131l\u0131rken, \u00d6zpetek\u2019in \u201cBenim i\u00e7in sadece <\/p>\n","protected":false},"author":1,"featured_media":0,"comment_status":"open","ping_status":"closed","sticky":false,"template":"","format":"standard","meta":{"footnotes":""},"categories":[8],"tags":[],"class_list":["post-35758","post","type-post","status-publish","format-standard","hentry","category-kultur-sanat","odd"],"_links":{"self":[{"href":"http:\/\/www.korhanyilmaz.com\/index.php?rest_route=\/wp\/v2\/posts\/35758","targetHints":{"allow":["GET"]}}],"collection":[{"href":"http:\/\/www.korhanyilmaz.com\/index.php?rest_route=\/wp\/v2\/posts"}],"about":[{"href":"http:\/\/www.korhanyilmaz.com\/index.php?rest_route=\/wp\/v2\/types\/post"}],"author":[{"embeddable":true,"href":"http:\/\/www.korhanyilmaz.com\/index.php?rest_route=\/wp\/v2\/users\/1"}],"replies":[{"embeddable":true,"href":"http:\/\/www.korhanyilmaz.com\/index.php?rest_route=%2Fwp%2Fv2%2Fcomments&post=35758"}],"version-history":[{"count":0,"href":"http:\/\/www.korhanyilmaz.com\/index.php?rest_route=\/wp\/v2\/posts\/35758\/revisions"}],"wp:attachment":[{"href":"http:\/\/www.korhanyilmaz.com\/index.php?rest_route=%2Fwp%2Fv2%2Fmedia&parent=35758"}],"wp:term":[{"taxonomy":"category","embeddable":true,"href":"http:\/\/www.korhanyilmaz.com\/index.php?rest_route=%2Fwp%2Fv2%2Fcategories&post=35758"},{"taxonomy":"post_tag","embeddable":true,"href":"http:\/\/www.korhanyilmaz.com\/index.php?rest_route=%2Fwp%2Fv2%2Ftags&post=35758"}],"curies":[{"name":"wp","href":"https:\/\/api.w.org\/{rel}","templated":true}]}}