{"id":35757,"date":"2009-06-11T10:28:34","date_gmt":"2009-06-11T07:28:34","guid":{"rendered":"http:\/\/www.korhanyilmaz.com\/?p=9889"},"modified":"2009-06-11T10:28:34","modified_gmt":"2009-06-11T07:28:34","slug":"kaddafinin-italyanlara-surprizi-2","status":"publish","type":"post","link":"http:\/\/www.korhanyilmaz.com\/?p=35757","title":{"rendered":"Kaddafi&#039;nin \u0130talyanlara &#039;s\u00fcrprizi!&#039;"},"content":{"rendered":"<p style=\"text-align: center;\"><img loading=\"lazy\" decoding=\"async\" class=\"aligncenter size-full wp-image-9890\" src=\"http:\/\/www.korhanyilmaz.com\/wp-content\/uploads\/2009\/06\/fft28_mf188257.Jpeg\" alt=\"\" width=\"306\" height=\"204\" \/><\/p>\n<p style=\"text-align: justify;\">Libya&#8217;n\u0131n devrim lideri, Afrika Birli\u011fi&#8217;nin ise d\u00f6nem ba\u015fkan\u0131 olan Albay Muammer Kaddafi, \u0130talya&#8217;ya yapt\u0131\u011f\u0131 ilk ziyarette \u0130talyan s\u00f6m\u00fcrgecili\u011fine kar\u015f\u0131 Libyal\u0131lar\u0131n ger\u00e7ekle\u015ftirdi\u011fi direni\u015fin efsanevi ismi \u00d6mer El Muhtar&#8217;\u0131 hat\u0131rlatmaya da \u00f6zen g\u00f6sterdi.<\/p>\n<p style=\"text-align: justify;\">\n\u00dcniformas\u0131n\u0131n \u00fcst\u00fcne \u00d6mer El Muhtar\u2019\u0131n \u0130talyanlar taraf\u0131ndan idama mahkum edilmek \u00fczere tutukland\u0131\u011f\u0131 an\u0131 g\u00f6steren foto\u011fraf\u0131 asan Kaddafi, Quirinale Saray\u0131\u2019nda Cumhurba\u015fkan\u0131 Giorgio Napolitano\u2019yla yapt\u0131\u011f\u0131 g\u00f6r\u00fc\u015fme s\u0131ras\u0131nda, &#8220;\u0130talya, s\u00f6m\u00fcrgecilik ve fa\u015fizm d\u00f6neminden dolay\u0131 \u00f6z\u00fcr dilemi\u015f oldu\u011fu i\u00e7in buraday\u0131m. \u0130talya art\u0131k dost bir \u00fclkedir&#8221; dedi. <!--more--><br \/>\nKaddafi, \u0130talya ve Libya\u2019n\u0131n A\u011fustos 2008\u2019de imzalad\u0131klar\u0131 anla\u015fmayla ili\u015fkilerde yeni bir sayfa a\u00e7t\u0131klar\u0131na de\u011finerek, &#8220;\u0130li\u015fkilerimizdeki d\u00fc\u015fmanl\u0131\u011f\u0131n yerini dostluk ald\u0131. \u0130talya, kendisiyle bar\u0131\u015f, i\u015fbirli\u011fi ve dostluk i\u00e7inde oldu\u011fumuz bir \u00fclkedir. G\u00fcn\u00fcm\u00fczdeki \u0130talya, fa\u015fizm ve s\u00f6m\u00fcrgecilik ile ili\u015fkisini koparm\u0131\u015f bir \u00fclkedir&#8221; diye konu\u015ftu.<br \/>\nKonu\u015fmas\u0131 s\u0131ras\u0131nda Avrupa Birli\u011fi ve Afrika Birli\u011fi aras\u0131nda paralellikler kurmaya \u00e7al\u0131\u015fan Kaddafi\u2019nin, \u015fu ifadeleri kullanmas\u0131 da dikkati \u00e7ekti:<br \/>\n&#8220;\u0130talya ve Libya ayn\u0131 vizyona sahipler. Art\u0131k m\u00fcstakil devletlere yer yok. Ulus devletleri halen ayakta tutmaya \u00e7al\u0131\u015fanlar asl\u0131nda ak\u0131nt\u0131ya kar\u015f\u0131 k\u00fcrek \u00e7ekiyorlar. Birle\u015fme yanl\u0131s\u0131 olanlar kazanacak. \u0130talya\u2019n\u0131n Avrupa Birli\u011fi\u2019ni kurarken sergiledi\u011fi kararl\u0131l\u0131\u011f\u0131 \u015fimdi Afrika Birli\u011fi\u2019nde g\u00f6r\u00fcyoruz. \u0130talya, Avrupa Birli\u011fi\u2019nin d\u0131\u015f politika koordinat\u00f6r\u00fc yerine tek bir d\u0131\u015fi\u015fleri bakan\u0131 olmas\u0131n\u0131 temenni ediyor. Libya da Afrika Birli\u011fi i\u00e7in ayn\u0131 temenniye sahip. Afrika\u2019n\u0131n d\u0131\u015f d\u00fcnyayla 53 ses arac\u0131l\u0131\u011f\u0131yla konu\u015fmas\u0131n\u0131n hi\u00e7 bir yarar\u0131 yok, ayn\u0131 \u015fekilde Avrupa\u2019n\u0131n da 27 sesle konu\u015fmas\u0131n\u0131n hi\u00e7 bir yarar\u0131 yoktur.&#8221;<\/p>\n<p><strong>\u00d6MER EL MUHTAR\u2019IN O\u011eLU DA KADDAF\u0130\u2019YLE B\u0130RL\u0130KTE <\/strong><\/p>\n<p style=\"text-align: justify;\">\nKaddafi, \u00fcniformas\u0131na foto\u011fraf\u0131n\u0131 ili\u015ftirdi\u011fi \u00d6mer El Muhtar\u2019\u0131n o\u011flu Muhammed \u00d6mer El Muhtar\u2019\u0131 da Roma\u2019ya beraberinde getirdi. &#8220;\u00c7\u00f6l Arslan\u0131&#8221; lakab\u0131yla da tan\u0131nan efsanevi direni\u015f\u00e7inin art\u0131k tekerlekli sandalyede olan o\u011fluna Kaddafi taraf\u0131ndan b\u00fcy\u00fck sayg\u0131 g\u00f6sterilmesi de dikkati \u00e7ekti.<br \/>\nS\u00f6m\u00fcrgecilere kar\u015f\u0131 bir direni\u015f sonras\u0131nda \u0130talyanlar taraf\u0131ndan esir al\u0131nan ve 15 Eyl\u00fcl 1931\u2019de Mussolini\u2019nin emriyle idam edilmi\u015f olan \u00d6mer El Muhtar, Libya\u2019n\u0131n en \u00f6nemli milli kahraman\u0131 olarak tan\u0131n\u0131yor.\n<\/p>\n<p style=\"text-align: justify;\">Libya\u2019n\u0131n finansman\u0131yla seksenli y\u0131llarda \u00e7ekilen ve \u00d6mer El Muhtar\u2019\u0131n hayat\u0131n\u0131 konu alan &#8220;\u00c7\u00f6l Arslan\u0131&#8221; adl\u0131 film, \u0130talya\u2019n\u0131n tepkisine ve sans\u00fcr\u00fcne yol a\u00e7m\u0131\u015ft\u0131. \u0130talya\u2019da d\u00f6nemin ba\u015fbakan\u0131 Giulio Andreotti, \u0130talyan ordusunun imaj\u0131n\u0131n k\u00f6t\u00fclendi\u011fi gerek\u00e7esiyle filmin \u0130talya\u2019da g\u00f6sterilmemesini tercih etmi\u015fti. \u0130talyanlar sans\u00fcr karar\u0131yla o y\u0131llarda izleyemedikleri filmi, nihayet Kaddafi\u2019nin ziyareti s\u0131ras\u0131nda \u0130talyan Sty televizyonundan izleyebilecekler.&#8221;<\/p>\n<p style=\"text-align: justify;\"><span style=\"color: #888888;\">Kaynak : Radikal<\/span><\/p>\n","protected":false},"excerpt":{"rendered":"<p style=\"text-align: center;\">\n<p style=\"text-align: justify;\">Libya&#8217;n\u0131n devrim lideri, Afrika Birli\u011fi&#8217;nin ise d\u00f6nem ba\u015fkan\u0131 olan Albay Muammer Kaddafi, \u0130talya&#8217;ya yapt\u0131\u011f\u0131 ilk ziyarette \u0130talyan s\u00f6m\u00fcrgecili\u011fine kar\u015f\u0131 Libyal\u0131lar\u0131n ger\u00e7ekle\u015ftirdi\u011fi direni\u015fin efsanevi ismi \u00d6mer El Muhtar&#8217;\u0131 hat\u0131rlatmaya da \u00f6zen g\u00f6sterdi.<\/p>\n<p style=\"text-align: justify;\"> \u00dcniformas\u0131n\u0131n \u00fcst\u00fcne \u00d6mer El Muhtar\u2019\u0131n \u0130talyanlar taraf\u0131ndan idama mahkum edilmek \u00fczere tutukland\u0131\u011f\u0131 an\u0131 g\u00f6steren foto\u011fraf\u0131 asan <\/p>\n","protected":false},"author":1,"featured_media":0,"comment_status":"open","ping_status":"closed","sticky":false,"template":"","format":"standard","meta":{"footnotes":""},"categories":[3],"tags":[],"class_list":["post-35757","post","type-post","status-publish","format-standard","hentry","category-dunya","odd"],"_links":{"self":[{"href":"http:\/\/www.korhanyilmaz.com\/index.php?rest_route=\/wp\/v2\/posts\/35757","targetHints":{"allow":["GET"]}}],"collection":[{"href":"http:\/\/www.korhanyilmaz.com\/index.php?rest_route=\/wp\/v2\/posts"}],"about":[{"href":"http:\/\/www.korhanyilmaz.com\/index.php?rest_route=\/wp\/v2\/types\/post"}],"author":[{"embeddable":true,"href":"http:\/\/www.korhanyilmaz.com\/index.php?rest_route=\/wp\/v2\/users\/1"}],"replies":[{"embeddable":true,"href":"http:\/\/www.korhanyilmaz.com\/index.php?rest_route=%2Fwp%2Fv2%2Fcomments&post=35757"}],"version-history":[{"count":0,"href":"http:\/\/www.korhanyilmaz.com\/index.php?rest_route=\/wp\/v2\/posts\/35757\/revisions"}],"wp:attachment":[{"href":"http:\/\/www.korhanyilmaz.com\/index.php?rest_route=%2Fwp%2Fv2%2Fmedia&parent=35757"}],"wp:term":[{"taxonomy":"category","embeddable":true,"href":"http:\/\/www.korhanyilmaz.com\/index.php?rest_route=%2Fwp%2Fv2%2Fcategories&post=35757"},{"taxonomy":"post_tag","embeddable":true,"href":"http:\/\/www.korhanyilmaz.com\/index.php?rest_route=%2Fwp%2Fv2%2Ftags&post=35757"}],"curies":[{"name":"wp","href":"https:\/\/api.w.org\/{rel}","templated":true}]}}