{"id":35756,"date":"2009-06-08T10:35:01","date_gmt":"2009-06-08T07:35:01","guid":{"rendered":"http:\/\/www.korhanyilmaz.com\/?p=9814"},"modified":"2009-06-08T10:35:01","modified_gmt":"2009-06-08T07:35:01","slug":"iranin-bushu-ahmedinejad-2","status":"publish","type":"post","link":"http:\/\/www.korhanyilmaz.com\/?p=35756","title":{"rendered":"\u0130ran&#039;\u0131n Bush&#039;u Ahmedinejad"},"content":{"rendered":"<p style=\"text-align: center;\"><img loading=\"lazy\" decoding=\"async\" class=\"aligncenter size-full wp-image-9815\" src=\"http:\/\/www.korhanyilmaz.com\/wp-content\/uploads\/2009\/06\/080620091044209034612.jpg\" alt=\"\" width=\"329\" height=\"210\" \/><\/p>\n<p style=\"text-align: justify;\"><strong>\u00dclkenin imaj\u0131n\u0131n mahvoldu\u011funu s\u00f6yleyen K\u00fcsk\u00fcn \u0130ranl\u0131lar, \u0130ran liderini \u00e7\u0131ld\u0131rtacak bir benzetme yapt\u0131lar<\/strong><\/p>\n<p style=\"text-align: justify;\">\u0130ran liderinin \u00fclkeyi bir hay\u0131r kurumu gibi y\u00f6netmesi ve nakit para sa\u00e7mas\u0131, uluslararas\u0131 krizle birlikte ge\u00e7en y\u0131l \u0130ran\u2019da emsali g\u00f6r\u00fclmemi\u015f enflasyona yol a\u00e7t\u0131. Aralar\u0131nda Devrim Muhaf\u0131zlar\u0131 kadrolar\u0131n\u0131n da yer ald\u0131\u011f\u0131 bir\u00e7ok \u0130ranl\u0131, Bat\u0131 kar\u015f\u0131t\u0131 s\u00f6ylemleriyle \u00fclkenin imaj\u0131na zarar vermekle su\u00e7lad\u0131klar\u0131 Ahmedinejad\u2019a kar\u015f\u0131 reformcu aday Musavi\u2019ye oy vermeyi d\u00fc\u015f\u00fcn\u00fcyor.<\/p>\n<p style=\"text-align: justify;\">\u201c12 Haziran\u2019da Musavi\u2019ye oy verece\u011fim\u201d diyor Ali. E\u011fer o eylemci bir \u00f6\u011frenci veya reformist bir politikac\u0131 olsayd\u0131, bu deme\u00e7 \u015fa\u015f\u0131rt\u0131c\u0131 olmazd\u0131. Fakat 52 ya\u015f\u0131ndaki Ali, 1980\u2019lerden beri \u0130ran Devrim Muhaf\u0131zlar\u0131 Birlikleri\u2019nin \u00fcyesi.<!--more--><\/p>\n<p style=\"text-align: justify;\">Asl\u0131nda bas\u0131na konu\u015fmas\u0131 yasak, bu y\u00fczden soyad\u0131n\u0131n yay\u0131mlanmas\u0131n\u0131 istemiyor. Ama d\u00fcnyan\u0131n, ni\u00e7in g\u00f6revdeki Devlet Ba\u015fkan\u0131 Mahmud Ahmedinejad\u2019\u0131n kar\u015f\u0131s\u0131ndaki ba\u015fl\u0131ca muhalif aday Mir H\u00fcseyin Musavi\u2019ye oy verece\u011fini bilmesini istiyor. Ali, \u201cBu \u0130ran\u2019da devrimin ba\u015f\u0131ndan beri en k\u00f6t\u00fc h\u00fck\u00fcmet. Son 4 y\u0131lda Ahmedinejad kendi ba\u015f\u0131na \u00fclkenin d\u00fcnyadaki imaj\u0131n\u0131 mahvetti, ekonomiyi de \u00f6yle\u201d diyor.<\/p>\n<p style=\"text-align: justify;\">Devlet destekli gizli anketlere g\u00f6re, Ali son haftalarda 12 Haziran g\u00fcn\u00fc oyunu Musavi\u2019ye vermeye karar veren milyonlarca \u0130ranl\u0131dan biri. Newsweek\u2019in ula\u015ft\u0131\u011f\u0131 kamuoyu yoklamalar\u0131 ise bunlar aras\u0131nda Devrim Muhaf\u0131zlar\u0131 ve devasa istihbarat ayg\u0131t\u0131 \u00fcyelerinin \u00f6nemli bir b\u00f6l\u00fcm\u00fcn\u00fcn oldu\u011funu \u00f6ne s\u00fcr\u00fcyor.<\/p>\n<p style=\"text-align: justify;\">Bunlar\u0131n ya\u015fl\u0131 olanlar\u0131, Musavi\u2019nin 1980\u2019den 1988\u2019e kadar Irak\u2019la yap\u0131lan k\u0131yas\u0131ya sava\u015f d\u00f6nemindeki ba\u015fbakanl\u0131\u011f\u0131n\u0131 hat\u0131rl\u0131yor. Yine bu ki\u015filerin \u00e7o\u011funlu\u011fu, tekrar sava\u015f \u00e7\u0131karsa \u00fclkeyi savunmakla y\u00fck\u00fcml\u00fc olan ki\u015filer.<\/p>\n<p style=\"text-align: justify;\">Ali, 2004\u2019te di\u011fer aday olan ve ezelden beri rejimin tepelerinde yer alan eski Devlet Ba\u015fkan\u0131 Ali Ekber Ha\u015fimi Rafsancani\u2019ye kar\u015f\u0131 Ahmedinejad\u2019a oy verdi\u011fini belirtiyor. \u201cRafsancani, h\u00fck\u00fcmetimizin sunabilece\u011finin en k\u00f6t\u00fcs\u00fcn\u00fc sundu. Rafsancani ailesi uzun s\u00fcre iktidarda kalmaktan \u00e7ok nimet elde etti. En k\u00f6t\u00fcs\u00fc \u015fu ki, iktidarda kalman\u0131n do\u011fal haklar\u0131 oldu\u011funu d\u00fc\u015f\u00fcnd\u00fcler. Halka hizmet i\u00e7in iktidarda olduklar\u0131n\u0131 d\u00fc\u015f\u00fcnmediler\u201d diyor Ali. Di\u011fer 16 milyon \u0130ranl\u0131 gibi o da, Rafsancani ve ahbaplar\u0131n\u0131 yolsuzlukla su\u00e7layarak daha hesap verebilir, aya\u011f\u0131 yere basan bir h\u00fck\u00fcmet s\u00f6z\u00fc veren Tahran\u2019\u0131n eski belediye ba\u015fkan\u0131 Ahmedinejad\u2019a oy verdi.<\/p>\n<p style=\"text-align: justify;\">Ba\u015fkanl\u0131\u011f\u0131n\u0131n ilk 3 y\u0131l\u0131nda Ahmedinejad fazlas\u0131yla iyi i\u015f \u00e7\u0131kard\u0131. Varilini 150 dolara kadar satabildi\u011fi \u0130ran petrol\u00fcn\u00fcn getirdi\u011fi y\u00fcksek kazan\u00e7 i\u00e7in \u015f\u00fckrederek \u00fclkeyi dola\u015fmaya, yoksullarla ayn\u0131 sofray\u0131 payla\u015fmaya ve yar\u0131n\u0131 d\u00fc\u015f\u00fcnmeden nakit para sa\u00e7maya ba\u015flad\u0131. Ayn\u0131 zamanda, n\u00fckleer enerjinin \u0130ran\u2019\u0131n hakk\u0131 oldu\u011fu konusunda ulusalc\u0131 konu\u015fmalar yaparak ve \u201cAllah\u2019\u0131n verdi\u011fi bu hakk\u0131 engellemeye \u00e7al\u0131\u015fan Bat\u0131l\u0131 zalimleri\u201d yerden yere vurarak kamuoyu deste\u011fini canland\u0131rd\u0131.<\/p>\n<p style=\"text-align: justify;\"><strong>F\u0131rlayan enflasyon<\/strong><\/p>\n<p style=\"text-align: justify;\">Ali h\u00e2l\u00e2 Ahmedinejad\u2019\u0131n \u0130srail ve Bat\u0131 kar\u015f\u0131s\u0131ndaki genel duru\u015funu destekledi\u011fini s\u00f6yl\u00fcyor. Ayr\u0131ca, Ahmedinejad\u2019\u0131n Yahudi soyk\u0131r\u0131m\u0131n\u0131 reddetmesinin c\u00fcretli bir hareket oldu\u011funu d\u00fc\u015f\u00fcn\u00fcyor.<\/p>\n<p style=\"text-align: justify;\">\u0130ran\u2019\u0131n n\u00fckleer teknoloji hakk\u0131 oldu\u011fundan \u015f\u00fcphe duymayan Ali, Bat\u0131 \u00fclkelerine, \u00f6zellikle ABD\u2019ye g\u00fcvenmiyor ve \u015f\u00f6yle s\u00f6yl\u00fcyor:<\/p>\n<p style=\"text-align: justify;\">\u201cAmerikal\u0131lar (1979\u2019daki) devrimimizin ba\u015f\u0131ndan beri komplo pe\u015finde.\u201d Peki ni\u00e7in bir daha Ahmedinejad\u2019a oy vermeyecek? \u201cEkonomi ve halk\u0131 rezilce kand\u0131rmas\u0131 y\u00fcz\u00fcnden\u201d diyor. Ahmedinejad\u2019\u0131n \u00fclkeyi bir hay\u0131r kurumu gibi y\u00f6netmesi ve nakit para sa\u00e7mas\u0131, uluslararas\u0131 krizle birlikte ge\u00e7en y\u0131l \u0130ran\u2019da emsali g\u00f6r\u00fclmemi\u015f enflasyona yol a\u00e7t\u0131. H\u00fck\u00fcmetin artan mal ve hizmet fiyatlar\u0131na kar\u015f\u0131l\u0131\u011f\u0131, kamu \u00e7al\u0131\u015fanlar\u0131n\u0131n maa\u015flar\u0131n\u0131 artt\u0131rmak, teminats\u0131z bor\u00e7lar ve devlet ba\u015fkan\u0131n\u0131n \u00fclke genelindeki toplant\u0131lar\u0131na kat\u0131lan bir\u00e7ok ki\u015fiye para da\u011f\u0131tmak oldu.<\/p>\n<p style=\"text-align: justify;\">Ali, Devrim Muhaf\u0131zlar\u0131\u2019n\u0131n \u015fimdiye kadar ald\u0131\u011f\u0131 ikramiye ve yard\u0131mlar\u0131n enflasyonla ba\u015fa \u00e7\u0131kabilmesine yard\u0131mc\u0131 oldu\u011funu kabul ediyor. Ama bu onun veya arkada\u015flar\u0131n\u0131n Ahmedinejad\u2019a oy verece\u011fi anlam\u0131na gelmiyor.<\/p>\n<p style=\"text-align: justify;\">Nitekim, Ali\u2019ye g\u00f6re Ahmedinejad\u2019\u0131n ekonomi politikalar\u0131ndaki ba\u015fl\u0131ca sorun, halka s\u0131\u011f\u0131naklarda ya\u015fayan evsizler gibi davranmas\u0131, insanlara para ve ba\u011f\u0131\u015f da\u011f\u0131tmas\u0131. \u201cDevrim Muhaf\u0131zlar\u0131\u2019n\u0131n \u00e7o\u011fu \u00fclkedeki di\u011fer insanlar gibi ya\u015f\u0131yor\u201d diyen Ali ekliyor: \u201cAyn\u0131 ayl\u0131\u011f\u0131 al\u0131yoruz, pirin\u00e7 ve ya\u011f i\u00e7in ayn\u0131 tutar\u0131, ayn\u0131 kira paras\u0131n\u0131 veriyoruz. Yani enflasyondan \u00fclkenin geri kalan\u0131 gibi zarara u\u011fruyoruz.\u201d<\/p>\n<p style=\"text-align: justify;\">Yine de Ali, Ahmedinejad\u2019a oy vermemesindeki esas sebebin ekonomik olmad\u0131\u011f\u0131nda \u0131srar ediyor: \u201cGer\u00e7e\u011fi s\u00f6ylemek gerekirse fikrimi 2 hafta \u00f6nce Ahmedinejad, Musavi\u2019yi \u0130mam H\u00fcseyin\u2019e kar\u015f\u0131 sava\u015fanlarla k\u0131yaslad\u0131\u011f\u0131nda de\u011fi\u015ftirdim.\u201d Hz. Muhammed\u2019in torunu \u0130mam H\u00fcseyin\u2019in 72 taraftar\u0131 ile birlikte Halife Yezid\u2019in ordusunun elinde \u00f6l\u00fcm\u00fc, \u015eii \u00f6\u011fretisinin esas b\u00f6l\u00fcm\u00fcn\u00fc olu\u015fturuyor. Ahmedinejad son kampanya konu\u015fmalar\u0131nda kendisini, Yezid\u2019in \u0130mam H\u00fcseyin\u2019den kurtuldu\u011fu \u015fekilde kendisinden kurtulmak isteyen Musavi gibi \u0130slami Cumhuriyet\u2019in eski kadrolar\u0131n\u0131n ma\u011fduru gibi g\u00f6stermeye \u00e7abal\u0131yor. \u201cAma bilmeliler ki bizi \u0130mam H\u00fcseyin\u2019i \u015fehit ettikleri gibi helak edemezler\u201d dedi Ahmedinejad, 2 hafta \u00f6nce Tahran\u2019da yap\u0131lan bir dini toplant\u0131da.<\/p>\n<p style=\"text-align: justify;\">Ali, \u201cKendini \u0130mam H\u00fcseyin ile k\u0131yaslamaya nas\u0131l kalk\u0131\u015f\u0131rs\u0131n? Irak ile 8 y\u0131ll\u0131k sava\u015f\u0131m\u0131z boyunca ba\u015fbakanl\u0131k yapan ve \u0130mam Humeyni\u2019nin g\u00fcvenilir m\u00fcttefiki olan Musavi\u2019yi Yezid\u2019le k\u0131yaslamaya nas\u0131l kalk\u0131\u015f\u0131rs\u0131n?\u201d diyor. Art\u0131k Ahmedinejad\u2019\u0131n b\u00fct\u00fcn 4 y\u0131ll\u0131k sicilini, hatta Yahudi soyk\u0131r\u0131m\u0131n\u0131 reddetmesini sorgulad\u0131\u011f\u0131n\u0131 belirtiyor:<\/p>\n<p style=\"text-align: justify;\">\u201cEskiden Devrim Muhaf\u0131zlar\u0131 komutan\u0131 olan \u0130ran Parlamento Ba\u015fkan\u0131 Ali Laricani\u2019nin, d\u00fcnya ile gereksiz yere kar\u015f\u0131 kar\u015f\u0131ya gelmekten ka\u00e7\u0131nmak i\u00e7in Yahudi soyk\u0131r\u0131m\u0131ndan bahsetmememiz gerekti\u011fini s\u00f6ylemesine kulak kabartt\u0131m. Ama Ahmedinejad Cenevre\u2019de yine bu konuda konu\u015ftu.\u201d Ahmedinejad nisan ay\u0131nda yap\u0131lan, \u0131rk\u00e7\u0131l\u0131k konulu BM destekli konferansta Yahudi soyk\u0131r\u0131m\u0131n\u0131 sorgulad\u0131.<\/p>\n<p style=\"text-align: justify;\">Bat\u0131 \u00fclkeleri delegelerinin \u00e7o\u011fu salonu terk etti. \u201cAhmedinejad\u2019\u0131n yapt\u0131\u011f\u0131, tam da d\u00fc\u015fmanlar\u0131m\u0131z\u0131n bize sald\u0131rmak i\u00e7in bahane arad\u0131\u011f\u0131 bir zamanda insanlar\u0131n \u0130ran\u2019a kar\u015f\u0131 duygular\u0131n\u0131 k\u0131\u015fk\u0131rtmak\u201d diyor Ali: \u201c\u00dclkemize mant\u0131k ve bilgeli\u011fi geri getirecek bir devlet ba\u015fkan\u0131na ihtiyac\u0131m\u0131z var. Bunun i\u00e7in Musavi\u2019ye oy verece\u011fim.\u201d<\/p>\n<p style=\"text-align: justify;\"><span style=\"color: #888888;\">Yorum: Maziar Bahari<\/span> &#8211; <span style=\"color: #888888;\">\u00c7eviren: Engin Esen<\/span><\/p>\n<p style=\"text-align: justify;\"><span style=\"color: #888888;\">Kaynak : Vatan<\/span><\/p>\n","protected":false},"excerpt":{"rendered":"<p style=\"text-align: center;\">\n<p style=\"text-align: justify;\">\u00dclkenin imaj\u0131n\u0131n mahvoldu\u011funu s\u00f6yleyen K\u00fcsk\u00fcn \u0130ranl\u0131lar, \u0130ran liderini \u00e7\u0131ld\u0131rtacak bir benzetme yapt\u0131lar<\/p>\n<p style=\"text-align: justify;\">\u0130ran liderinin \u00fclkeyi bir hay\u0131r kurumu gibi y\u00f6netmesi ve nakit para sa\u00e7mas\u0131, uluslararas\u0131 krizle birlikte ge\u00e7en y\u0131l \u0130ran\u2019da emsali g\u00f6r\u00fclmemi\u015f enflasyona yol a\u00e7t\u0131. Aralar\u0131nda Devrim Muhaf\u0131zlar\u0131 kadrolar\u0131n\u0131n da yer ald\u0131\u011f\u0131 bir\u00e7ok \u0130ranl\u0131, Bat\u0131 kar\u015f\u0131t\u0131 s\u00f6ylemleriyle \u00fclkenin <\/p>\n","protected":false},"author":1,"featured_media":0,"comment_status":"open","ping_status":"closed","sticky":false,"template":"","format":"standard","meta":{"footnotes":""},"categories":[3],"tags":[],"class_list":["post-35756","post","type-post","status-publish","format-standard","hentry","category-dunya","odd"],"_links":{"self":[{"href":"http:\/\/www.korhanyilmaz.com\/index.php?rest_route=\/wp\/v2\/posts\/35756","targetHints":{"allow":["GET"]}}],"collection":[{"href":"http:\/\/www.korhanyilmaz.com\/index.php?rest_route=\/wp\/v2\/posts"}],"about":[{"href":"http:\/\/www.korhanyilmaz.com\/index.php?rest_route=\/wp\/v2\/types\/post"}],"author":[{"embeddable":true,"href":"http:\/\/www.korhanyilmaz.com\/index.php?rest_route=\/wp\/v2\/users\/1"}],"replies":[{"embeddable":true,"href":"http:\/\/www.korhanyilmaz.com\/index.php?rest_route=%2Fwp%2Fv2%2Fcomments&post=35756"}],"version-history":[{"count":0,"href":"http:\/\/www.korhanyilmaz.com\/index.php?rest_route=\/wp\/v2\/posts\/35756\/revisions"}],"wp:attachment":[{"href":"http:\/\/www.korhanyilmaz.com\/index.php?rest_route=%2Fwp%2Fv2%2Fmedia&parent=35756"}],"wp:term":[{"taxonomy":"category","embeddable":true,"href":"http:\/\/www.korhanyilmaz.com\/index.php?rest_route=%2Fwp%2Fv2%2Fcategories&post=35756"},{"taxonomy":"post_tag","embeddable":true,"href":"http:\/\/www.korhanyilmaz.com\/index.php?rest_route=%2Fwp%2Fv2%2Ftags&post=35756"}],"curies":[{"name":"wp","href":"https:\/\/api.w.org\/{rel}","templated":true}]}}