{"id":35746,"date":"2009-05-21T08:33:40","date_gmt":"2009-05-21T05:33:40","guid":{"rendered":"http:\/\/www.korhanyilmaz.com\/?p=9302"},"modified":"2009-05-21T08:33:40","modified_gmt":"2009-05-21T05:33:40","slug":"erdogana-oskanyandan-tepki-iliskiler-simdikinden-daha-da-kotuye-gidebilir-2","status":"publish","type":"post","link":"http:\/\/www.korhanyilmaz.com\/?p=35746","title":{"rendered":"Erdo\u011fan&#039;a Oskanyan&#039;dan tepki: \u0130li\u015fkiler \u015fimdikinden daha da k\u00f6t\u00fcye gidebilir"},"content":{"rendered":"<p style=\"text-align: center;\"><img loading=\"lazy\" decoding=\"async\" class=\"aligncenter size-full wp-image-9303\" src=\"http:\/\/www.korhanyilmaz.com\/wp-content\/uploads\/2009\/05\/fft28_mf176789.Jpeg\" alt=\"fft28_mf176789\" width=\"306\" height=\"204\" \/><\/p>\n<p class=\"bold\" style=\"text-align: justify;\"><strong>Eski Ermenistan D\u0131\u015fi\u015fleri Bakan\u0131, Erdo\u011fan&#8217;\u0131n &#8216;T\u00fcrkiye&#8217;ye gelen Ermenileri geri g\u00f6nderebiliriz&#8217; \u00e7\u0131k\u0131\u015f\u0131n\u0131 &#8216;talihsiz&#8217; diye niteledi.<\/strong><\/p>\n<p style=\"text-align: justify;\">ER\u0130VAN &#8211; Ermenistan\u2019\u0131n eski D\u0131\u015fi\u015fleri Bakan\u0131 Vartan Oskanyan, Ba\u015fbakan Recep Tayyip Erdo\u011fan\u2019\u0131n T\u00fcrkiye\u2019deki Ermenistanl\u0131 \u00e7al\u0131\u015fanlar\u0131n geri g\u00f6nderilebilece\u011fi y\u00f6n\u00fcndeki a\u00e7\u0131klamalar\u0131n\u0131 talihsiz olarak nitelendirdi. Oskanyan, T\u00fcrkiye-Ermenistan\u2019\u0131n bulundu\u011fu noktadan daha k\u00f6t\u00fcye gidebilece\u011fi endi\u015fesi ta\u015f\u0131d\u0131\u011f\u0131n\u0131 da s\u00f6yledi.<br \/>\nOskanyan, Uluslararas\u0131 Hrant Dink Vakf\u0131 ve Heinrich B\u00f6ll Stiftung Derne\u011fi\u2019nin d\u00fczenledi\u011fi \u2018T\u00fcrkiye-Ermenistan Gazeteci Diyalog Projesi\u2019 Erivan\u2019a gelen T\u00fcrk gazetecileri 2008\u2019de kurdu\u011fu Civilitas Vakf\u0131\u2019nda (The Civilitas Foundation) a\u011f\u0131rlad\u0131. Gazeteciler, Oskanyan\u2019a Erdo\u011fan\u2019\u0131n ge\u00e7en hafta Polonya\u2019da yapt\u0131\u011f\u0131, \u201c\u015eu anda benim \u00fclkemde 40 bin ka\u00e7ak Ermeni var. <!--more-->Niye bunlar bizim \u00fclkemize gelip girdiler. \u00c7\u00fcnk\u00fc Ermenistan\u2019da s\u0131k\u0131nt\u0131 b\u00fcy\u00fck, sefalet var. \u015eu anda bizim \u00fclkemizde bar\u0131nma m\u00fccadelesi veriyorlar. Gerekirse geri de g\u00f6ndeririz ama biz b\u00f6yle bir \u015feyi insani yakla\u015f\u0131m olarak do\u011fru bulmuyoruz\u201d a\u00e7\u0131klamas\u0131n\u0131 nas\u0131l de\u011ferlendirdi\u011fini sordu.<br \/>\nOskanyan bu soruya \u015fu yan\u0131t\u0131 verdi: \u201cBu konuda \u00e7ok a\u00e7\u0131klama olmu\u015ftu ama bu denlisi beklenmiyordu. Tabii bu 40 bin rakam\u0131 biraz b\u00fcy\u00fct\u00fcl\u00fcyor. Ama b\u00f6yle bir a\u00e7\u0131klama olmas\u0131, talihsizlik. Ben \u015fu anda endi\u015felenmeye ba\u015flad\u0131m. Daha iyiye gitmek yerine oldu\u011fumuz yerden geriye gitmeyelim. Endi\u015feleniyorum. T\u00fcrk-Ermeni ili\u015fkileri daha da k\u00f6t\u00fcye gidebilecekmi\u015f gibi geliyor. \u0130li\u015fkileri 10 y\u0131l boyunca bu seviyede tuttuk, s\u0131n\u0131r\u0131 a\u00e7amad\u0131k ya da bu konuda bir geli\u015fme sa\u011flayamad\u0131k, bir de aniden b\u00f6yle bir ifadeyi muhakeme edince aram\u0131zdaki ili\u015fkiler daha da k\u00f6t\u00fcye gidebilir.\u201d<br \/>\n\u0130ki \u00fclke liderlerinin \u00fczerinde mutab\u0131k kald\u0131\u011f\u0131 s\u00f6ylenen ancak i\u00e7eri\u011fi a\u00e7\u0131klanmayan yol haritas\u0131n\u0131n ne oldu\u011fu sorusuna ise \u201cBen de bilmiyorum. \u0130\u00e7eri\u011fi hakk\u0131nda hi\u00e7bir bilgim yok\u201d diyen Oskanyan, s\u0131n\u0131rlar\u0131n a\u00e7\u0131lmas\u0131 s\u00fcreci konusunda da \u015funlar\u0131 s\u00f6yledi:<br \/>\n\u201cT\u00fcrkiye, Karaba\u011f sorununu g\u00fcndeme getirdi\u011fi s\u00fcrece hi\u00e7bir yere varamay\u0131z. Karaba\u011f\u2019\u0131 denklemden \u00e7\u0131kar\u0131rsak T\u00fcrkiye-Ermeni ili\u015fkilerini geli\u015ftirebiliriz. Karaba\u011f\u2019\u0131 meselenin i\u00e7ine sokarsak bunun olmayaca\u011f\u0131n\u0131 hissediyorum. Karaba\u011f ayr\u0131 bir mesele. \u0130nan\u0131yorum ki, T\u00fcrkiye \u00f6nce Emenistan\u2019la ili\u015fkilerini normalle\u015ftirirse, Karaba\u011f sorununun \u00e7\u00f6z\u00fcm\u00fc \u00e7ok daha kolay olacak.\u201d\n<\/p>\n<p style=\"text-align: justify;\"><span style=\"color: #888888;\">Kaynak : DEMET B\u0130LGE ERG\u00dcN &#8211; Radikal<\/span><\/p>\n","protected":false},"excerpt":{"rendered":"<p style=\"text-align: center;\">\n<p class=\"bold\" style=\"text-align: justify;\">Eski Ermenistan D\u0131\u015fi\u015fleri Bakan\u0131, Erdo\u011fan&#8217;\u0131n &#8216;T\u00fcrkiye&#8217;ye gelen Ermenileri geri g\u00f6nderebiliriz&#8217; \u00e7\u0131k\u0131\u015f\u0131n\u0131 &#8216;talihsiz&#8217; diye niteledi.<\/p>\n<p style=\"text-align: justify;\">ER\u0130VAN &#8211; Ermenistan\u2019\u0131n eski D\u0131\u015fi\u015fleri Bakan\u0131 Vartan Oskanyan, Ba\u015fbakan Recep Tayyip Erdo\u011fan\u2019\u0131n T\u00fcrkiye\u2019deki Ermenistanl\u0131 \u00e7al\u0131\u015fanlar\u0131n geri g\u00f6nderilebilece\u011fi y\u00f6n\u00fcndeki a\u00e7\u0131klamalar\u0131n\u0131 talihsiz olarak nitelendirdi. Oskanyan, T\u00fcrkiye-Ermenistan\u2019\u0131n bulundu\u011fu noktadan daha k\u00f6t\u00fcye gidebilece\u011fi endi\u015fesi ta\u015f\u0131d\u0131\u011f\u0131n\u0131 da s\u00f6yledi. <\/p>\n","protected":false},"author":1,"featured_media":0,"comment_status":"open","ping_status":"closed","sticky":false,"template":"","format":"standard","meta":{"footnotes":""},"categories":[3],"tags":[],"class_list":["post-35746","post","type-post","status-publish","format-standard","hentry","category-dunya","odd"],"_links":{"self":[{"href":"http:\/\/www.korhanyilmaz.com\/index.php?rest_route=\/wp\/v2\/posts\/35746","targetHints":{"allow":["GET"]}}],"collection":[{"href":"http:\/\/www.korhanyilmaz.com\/index.php?rest_route=\/wp\/v2\/posts"}],"about":[{"href":"http:\/\/www.korhanyilmaz.com\/index.php?rest_route=\/wp\/v2\/types\/post"}],"author":[{"embeddable":true,"href":"http:\/\/www.korhanyilmaz.com\/index.php?rest_route=\/wp\/v2\/users\/1"}],"replies":[{"embeddable":true,"href":"http:\/\/www.korhanyilmaz.com\/index.php?rest_route=%2Fwp%2Fv2%2Fcomments&post=35746"}],"version-history":[{"count":0,"href":"http:\/\/www.korhanyilmaz.com\/index.php?rest_route=\/wp\/v2\/posts\/35746\/revisions"}],"wp:attachment":[{"href":"http:\/\/www.korhanyilmaz.com\/index.php?rest_route=%2Fwp%2Fv2%2Fmedia&parent=35746"}],"wp:term":[{"taxonomy":"category","embeddable":true,"href":"http:\/\/www.korhanyilmaz.com\/index.php?rest_route=%2Fwp%2Fv2%2Fcategories&post=35746"},{"taxonomy":"post_tag","embeddable":true,"href":"http:\/\/www.korhanyilmaz.com\/index.php?rest_route=%2Fwp%2Fv2%2Ftags&post=35746"}],"curies":[{"name":"wp","href":"https:\/\/api.w.org\/{rel}","templated":true}]}}