{"id":35743,"date":"2009-05-13T10:04:50","date_gmt":"2009-05-13T07:04:50","guid":{"rendered":"http:\/\/www.korhanyilmaz.com\/?p=9072"},"modified":"2009-05-13T10:04:50","modified_gmt":"2009-05-13T07:04:50","slug":"galatasarayda-adnan-polata-sok-kumpas-2","status":"publish","type":"post","link":"http:\/\/www.korhanyilmaz.com\/?p=35743","title":{"rendered":"Galatasaray&#039;da Adnan Polat&#039;a \u015fok kumpas"},"content":{"rendered":"<p style=\"text-align: center;\"><img loading=\"lazy\" decoding=\"async\" class=\"aligncenter size-full wp-image-9073\" title=\"Galatasaray'da Adnan Polat'a \u015fok kumpas\" src=\"http:\/\/www.korhanyilmaz.com\/wp-content\/uploads\/2009\/05\/68875_manset.jpg\" alt=\"Galatasaray'da Adnan Polat'a \u015fok kumpas\" width=\"329\" height=\"189\" \/><\/p>\n<div id=\"ctl00_ortayer_haberOzet\" class=\"haberOzet\" style=\"text-align: justify;\">Galatasaray Ba\u015fkan\u0131 Adnan Polat, &#8220;Riva arazisine 120 milyon dolar arsa pay\u0131 ve y\u00fczde 20-30 sat\u0131\u015f geliri vermeye haz\u0131r&#8221; m\u00fc\u015fteriyi buldu.<\/div>\n<p style=\"text-align: justify;\">Geli\u015fmeler ise adeta film gibi&#8230;Tam bir hafta \u00f6nce top sakall\u0131, uzun sa\u00e7l\u0131 bir i\u015fadam\u0131 elinde gri \u00e7antayla Florya\u2019daki Bahar Pastanesi\u2019ne geldi. Ama sonras\u0131nda \u015fok geli\u015fmeler ya\u015fand\u0131&#8230;<\/p>\n<p style=\"text-align: justify;\">&#8220;Bu anla\u015fma olursa Polat&#8217;\u0131n eli g\u00fc\u00e7lenir. Oysa biz onu g\u00f6ndermek istiyoruz&#8221; diyen muhaliflerin \u00f6n saflar\u0131nda eski bir ba\u015fbakan ve i\u015fadam\u0131 arkada\u015f\u0131, eski bir bakan ve eski bir ba\u015fkan\u0131n oldu\u011fu biliniyor. Bug\u00fcnk\u00fc Divan&#8217;da, Polat&#8217;a 2008&#8217;de yap\u0131lan 522 \u00fcyenin t\u00fcz\u00fc\u011fe uymad\u0131\u011f\u0131 da hat\u0131rlat\u0131l\u0131p hesap sorulacak. <!--more--><\/p>\n<p style=\"text-align: justify;\">Cim Bom&#8217;da son 10 g\u00fcn i\u00e7inde \u00e7ok ilgin\u00e7 geli\u015fmeler ya\u015fand\u0131. Mali a\u00e7\u0131dan s\u0131k\u0131nt\u0131l\u0131 g\u00fcnler ge\u00e7iren Galatasaray, tam d\u00fczl\u00fc\u011fe \u00e7\u0131karken beklenmedik bir engelle kar\u015f\u0131la\u015ft\u0131. Adnan Polat&#8217;\u0131n, mali sorunlar\u0131 \u00e7\u00f6zen ba\u015far\u0131l\u0131 bir ba\u015fkan olmas\u0131n\u0131 istemeyen muhalefet devreye girip Riva projesi konusunda yap\u0131lan anla\u015fmay\u0131 engelledi. Bu projeye ta\u015f koyanlar\u0131n aras\u0131nda eski bir ba\u015fbakanla i\u015fadam\u0131 arkada\u015f\u0131, eski bir bakan ve eski bir ba\u015fkan\u0131n oldu\u011fu iddia ediliyor. Son 10 g\u00fcnde ya\u015fanan geli\u015fmeler ise \u015f\u00f6yle:<\/p>\n<p style=\"text-align: justify;\"><strong>5 M\u0130LYON 200 B\u0130N EURO<\/strong><\/p>\n<p style=\"text-align: justify;\">Riva projesine talip olan \u00e7ok \u00fcnl\u00fc bir yerli firmayla, bunun \u0130talya&#8217;da ya\u015fayan T\u00fcrk orta\u011f\u0131 anla\u015fmaya son \u015feklini vermek i\u00e7in \u0130stanbul&#8217;a geldi. Tam bir hafta \u00f6nce Florya&#8217;daki Bahar Pastanesi\u2019nde Adnan Sezgin&#8217;in de aralar\u0131nda bulundu\u011fu bir grupla i\u015fadam\u0131 \u00f6n g\u00f6r\u00fc\u015fmeye oturdu. Bu s\u0131rada yan masada oturan di\u011fer m\u00fc\u015fteriler de diyaloglara tan\u0131k oluyordu.<\/p>\n<p style=\"text-align: justify;\">G\u00f6r\u00fc\u015fmeye 2 korumas\u0131yla birlikte gelen uzun sa\u00e7l\u0131, top sakall\u0131, iyi derecede \u0130talyanca konu\u015fan adam \u00e7antay\u0131 a\u00e7\u0131p paray\u0131 oradakilere g\u00f6sterdi. \u00c7antan\u0131n i\u00e7inde hepsi 500&#8217;erlik banknotlar halinde 5 milyon 200 bin euro vard\u0131. Konu\u015fulanlara g\u00f6re kaparo olarak 10 milyon Euro \u00fczerinde anla\u015fma sa\u011flanm\u0131\u015ft\u0131. Ancak banka bu paray\u0131 bir defada \u00f6deyemedi\u011fi i\u00e7in ancak yar\u0131s\u0131n\u0131 verebilmi\u015f, di\u011fer b\u00f6l\u00fcm\u00fcn\u00fc de daha sonra \u00f6demek i\u00e7in s\u00fcre istemi\u015fti.<\/p>\n<p style=\"text-align: justify;\"><strong>\u2018B\u00dcLENT AB\u0130\u2019 \u00c7A\u011eIRDI <\/strong><\/p>\n<p style=\"text-align: justify;\">Riva&#8217;ya talip olan i\u015fadam\u0131n\u0131n Adnan Sezgin&#8217;le yap\u0131lan bu g\u00f6r\u00fc\u015fmelerden Ba\u015fkan Adnan Polat&#8217;\u0131n haberi olmad\u0131\u011f\u0131n\u0131 \u00f6\u011frenmesi \u00fczerine ortam gerildi. Gen\u00e7 i\u015fadam\u0131, &#8220;Madem bundan ba\u015fkan\u0131n haberi yok, beni bu kadar parayla kelle koltukta neden dola\u015ft\u0131r\u0131yorsunuz&#8221; diye \u00e7ok sinirlendi. Tam bu s\u0131rada &#8220;B\u00fclent abi&#8221; diye hitap edilen birinden (Sonradan B\u00fclent Tulun oldu\u011fu anla\u015f\u0131lan), &#8220;Ba\u015fkan sizi kul\u00fcp binas\u0131nda bekliyor&#8221; diye telefon geldi.<\/p>\n<p style=\"text-align: justify;\">Bu tart\u0131\u015fman\u0131n ard\u0131ndan toplant\u0131y\u0131 terk eden adam, menajeri ve orta\u011f\u0131n\u0131 Bahar Pastanesi&#8217;nde b\u0131rak\u0131p Ali Sami Yen&#8217;in yan\u0131ndaki kul\u00fcp binas\u0131n\u0131n yolunu tuttu. Burada Ba\u015fkan Adnan Polat&#8217;la Riva arazisi \u00fczerine ayr\u0131nt\u0131l\u0131 bir g\u00f6r\u00fc\u015fme yap\u0131ld\u0131.<\/p>\n<p style=\"text-align: justify;\"><strong>D\u0130VAN\u2019DA HESAP G\u00dcN\u00dc <\/strong><\/p>\n<p style=\"text-align: justify;\">Taraflar arsa bedeli olarak 120 milyon dolar \u00fczerinde anla\u015f\u0131rken, \u00fczerine yap\u0131lacak 800 villadan al\u0131nacak pay konusunda pazarl\u0131klar s\u00fcrd\u00fc. M\u00fc\u015fteri y\u00fczde 20 vermeyi \u00f6nerirken, Ba\u015fkan Polat y\u00fczde 30&#8217;da \u0131srar etti. Ancak g\u00f6r\u00fc\u015fmeler sonu\u00e7lanmay\u0131nca adam yan\u0131ndaki nakit paray\u0131 kul\u00fcpte b\u0131rak\u0131p oradan ayr\u0131ld\u0131. B\u00fct\u00fcn bu geli\u015fmelerden haberdar olan ve Adnan Polat&#8217;\u0131 g\u00f6ndermek i\u00e7in imza toplayan muhalefet hemen harekete ge\u00e7ti.<\/p>\n<p style=\"text-align: justify;\">Bir s\u00fcredir Adnan Polat&#8217;\u0131n k\u00f6\u015feye s\u0131k\u0131\u015fmas\u0131n\u0131 bekleyen muhalefet, bu \u00e7\u0131k\u0131\u015f yolunu da t\u0131kamaya \u00e7al\u0131\u015ft\u0131. Bug\u00fcn yap\u0131lacak Divan Kurulu toplant\u0131s\u0131nda \u00f6zellikle kul\u00fcbe yeni yap\u0131lan \u00fcyeler konusunda sert tart\u0131\u015fmalar\u0131n ya\u015fanmas\u0131 bekleniyor. Ada&#8217;da 12:00&#8217;de yap\u0131lacak toplant\u0131da, y\u00f6netimden 2008&#8217;de kul\u00fcbe yap\u0131lan 522 \u00fcyenin hesab\u0131 sorulacak. Bu \u00fcye say\u0131s\u0131 t\u00fcz\u00fckte \u00f6ng\u00f6r\u00fclen &#8220;\u00dcye say\u0131s\u0131n\u0131n y\u00fczde 3&#8217;l\u00fck&#8221; b\u00f6l\u00fcm\u00fcn\u00fc ge\u00e7iyor.<\/p>\n<p style=\"text-align: justify;\"><strong>FORLAN&#8217;I DA ALACAKTI<\/strong><\/p>\n<p style=\"text-align: justify;\">Y\u00f6neticilerle, i\u015fadam\u0131 aras\u0131ndaki g\u00f6r\u00fc\u015fmede soyad\u0131 Kaya olan bir de menajer vard\u0131. Anla\u015fmaya g\u00f6re Riva&#8217;y\u0131 alacak olan i\u015fadam\u0131, \u0130spanya&#8217;n\u0131n Atletico Madrid tak\u0131m\u0131nda oynayan Diego Forlan&#8217;\u0131 da al\u0131p kul\u00fcbe hediye edecekti. \u0130\u015fadam\u0131 bu oyuncunun 20 milyon dolar\u0131 bulan y\u00fcksek maliyetini de kar\u015f\u0131lamaya haz\u0131rd\u0131. Ancak anla\u015fman\u0131n ask\u0131ya al\u0131nmas\u0131 nedeniyle transfer de \u015fimdilik \u00e7\u0131kmaza girdi.<\/p>\n<p style=\"text-align: justify;\"><strong>DiEGO FORLAN K\u0130MD\u0130R?<\/strong><\/p>\n<p style=\"text-align: justify;\">19 May\u0131s 1979 tarihinde Uruguay&#8217;\u0131n ba\u015fkenti olan Montevideo&#8217;da do\u011fan Diego Forlan, \u015fu anda Atletico Madrid&#8217;in forveti olarak g\u00f6rev yap\u0131yor. Kariyerine Uruguay&#8217;\u0131n Club Atletico Independiente ba\u015flayan Forlan, Manchester United teknik direkt\u00f6r\u00fc Alex Ferguson&#8217;un dikkatini \u00e7ekip 2002 y\u0131l\u0131nda Ada&#8217;n\u0131n yolunu tutmu\u015ftu. Ancak M.United&#8217;da Nistelrooy&#8217;un g\u00f6lgesinde kalan Forlan, \u0130spanya&#8217;n\u0131n Villarreal ekibine transfer olup burada ge\u00e7irdi\u011fi \u00e7ok ba\u015far\u0131l\u0131 3 sezonun ard\u0131ndan Atletico Madrid&#8217;e transfer oldu.<\/p>\n<p style=\"text-align: justify;\"><span style=\"color: #808080;\">Kaynak : Kenan Karc\u0131 &#8211; Bug\u00fcn<\/span><\/p>\n","protected":false},"excerpt":{"rendered":"<p style=\"text-align: center;\">\n<p> Galatasaray Ba\u015fkan\u0131 Adnan Polat, &#8220;Riva arazisine 120 milyon dolar arsa pay\u0131 ve y\u00fczde 20-30 sat\u0131\u015f geliri vermeye haz\u0131r&#8221; m\u00fc\u015fteriyi buldu. <\/p>\n<p style=\"text-align: justify;\">Geli\u015fmeler ise adeta film gibi&#8230;Tam bir hafta \u00f6nce top sakall\u0131, uzun sa\u00e7l\u0131 bir i\u015fadam\u0131 elinde gri \u00e7antayla Florya\u2019daki Bahar Pastanesi\u2019ne geldi. Ama sonras\u0131nda \u015fok geli\u015fmeler ya\u015fand\u0131&#8230;<\/p>\n<p style=\"text-align: justify;\">&#8220;Bu anla\u015fma <\/p>\n","protected":false},"author":1,"featured_media":0,"comment_status":"open","ping_status":"closed","sticky":false,"template":"","format":"standard","meta":{"footnotes":""},"categories":[42],"tags":[],"class_list":["post-35743","post","type-post","status-publish","format-standard","hentry","category-spor","odd"],"_links":{"self":[{"href":"http:\/\/www.korhanyilmaz.com\/index.php?rest_route=\/wp\/v2\/posts\/35743","targetHints":{"allow":["GET"]}}],"collection":[{"href":"http:\/\/www.korhanyilmaz.com\/index.php?rest_route=\/wp\/v2\/posts"}],"about":[{"href":"http:\/\/www.korhanyilmaz.com\/index.php?rest_route=\/wp\/v2\/types\/post"}],"author":[{"embeddable":true,"href":"http:\/\/www.korhanyilmaz.com\/index.php?rest_route=\/wp\/v2\/users\/1"}],"replies":[{"embeddable":true,"href":"http:\/\/www.korhanyilmaz.com\/index.php?rest_route=%2Fwp%2Fv2%2Fcomments&post=35743"}],"version-history":[{"count":0,"href":"http:\/\/www.korhanyilmaz.com\/index.php?rest_route=\/wp\/v2\/posts\/35743\/revisions"}],"wp:attachment":[{"href":"http:\/\/www.korhanyilmaz.com\/index.php?rest_route=%2Fwp%2Fv2%2Fmedia&parent=35743"}],"wp:term":[{"taxonomy":"category","embeddable":true,"href":"http:\/\/www.korhanyilmaz.com\/index.php?rest_route=%2Fwp%2Fv2%2Fcategories&post=35743"},{"taxonomy":"post_tag","embeddable":true,"href":"http:\/\/www.korhanyilmaz.com\/index.php?rest_route=%2Fwp%2Fv2%2Ftags&post=35743"}],"curies":[{"name":"wp","href":"https:\/\/api.w.org\/{rel}","templated":true}]}}