{"id":35742,"date":"2009-05-12T11:01:35","date_gmt":"2009-05-12T08:01:35","guid":{"rendered":"http:\/\/www.korhanyilmaz.com\/?p=9031"},"modified":"2009-05-12T11:01:35","modified_gmt":"2009-05-12T08:01:35","slug":"gunes-trabzona-mi-donuyor-2","status":"publish","type":"post","link":"http:\/\/www.korhanyilmaz.com\/?p=35742","title":{"rendered":"G\u00fcne\u015f, Trabzon&#039;a m\u0131 d\u00f6n\u00fcyor?"},"content":{"rendered":"<p style=\"text-align: center;\"><img loading=\"lazy\" decoding=\"async\" class=\"aligncenter size-full wp-image-9032\" src=\"http:\/\/www.korhanyilmaz.com\/wp-content\/uploads\/2009\/05\/68795_manset.jpg\" alt=\"\" width=\"329\" height=\"189\" \/><\/p>\n<div id=\"ctl00_ortayer_haberOzet\" class=\"haberOzet\" style=\"text-align: justify;\">Trabzonspor Ba\u015fkan\u0131 \u015eener, \u201c\u015eenol G\u00fcne\u015f de d\u00fc\u015f\u00fcnd\u00fc\u011f\u00fcm\u00fcz teknik adamlar aras\u0131nda. Ama \u00f6ncelikle kalan 3 ma\u00e7a odaklanmal\u0131y\u0131z\u201d dedi.<\/div>\n<div id=\"ctl00_ortayer_haberMetni\" class=\"haberMetni\" style=\"text-align: justify;\">Son 3 haftada \u015fampiyonlu\u011fun en \u00f6nemli adaylar\u0131ndan biri haline gelen Trabzonspor&#8217;da hoca konusu ikinci plana at\u0131ld\u0131. Ba\u015fkan Sadri \u015eener, \u015fu anda \u00f6ncelikli i\u015flerinin hoca olmad\u0131\u011f\u0131n\u0131 belirterek, &#8220;\u015eenol hoca d\u00fc\u015f\u00fcnd\u00fc\u011f\u00fcm\u00fcz isimlerden biri. Gelir g\u00f6r\u00fc\u015f\u00fcr\u00fcz. Ben yerli hoca konusunda \u0131srar\u0131m\u0131 s\u00fcrd\u00fcr\u00fcyorum. Ama \u00f6ncelikle kalan 3 ma\u00e7\u0131m\u0131z\u0131 al\u0131p ligi en iyi yerde bitirmek amac\u0131nday\u0131z&#8221; \u015feklinde konu\u015ftu. <!--more--><\/p>\n<p><strong>YANAL\u2019A TE\u015eEKK\u00dcR<\/strong><\/p>\n<p>Alanzinho&#8217;nun \u00e7ok az oynamas\u0131na ra\u011fmen Kocaelispor ma\u00e7\u0131nda \u00e7ok isabetli ve do\u011fru transfer oldu\u011funu ispatlad\u0131\u011f\u0131n\u0131 anlatan \u015eener, &#8220;\u0130lk geldi\u011finde bu oyuncuyu ele\u015ftirenler nas\u0131l cevap verecek? \u015eimdi niye bunun cevab\u0131n\u0131 vermiyorlar. M\u00fchim olan da Trabzonspor i\u00e7in bir kazan\u00e7 olmas\u0131. \u00d6nemli bir transfer. Alanzinho&#8217;yu ald\u0131ran Ersun Yanal ile alan y\u00f6neticimiz Mahmut Aksu&#8217;ya te\u015fekk\u00fcr ediyorum&#8221; dedi.<\/p><\/div>\n<div class=\"haberMetni\" style=\"text-align: justify;\"><\/div>\n<div class=\"haberMetni\" style=\"text-align: justify;\"><span style=\"color: #888888;\">Kaynak : Bug\u00fcn<\/span><\/div>\n","protected":false},"excerpt":{"rendered":"<p style=\"text-align: center;\">\n<p> Trabzonspor Ba\u015fkan\u0131 \u015eener, \u201c\u015eenol G\u00fcne\u015f de d\u00fc\u015f\u00fcnd\u00fc\u011f\u00fcm\u00fcz teknik adamlar aras\u0131nda. Ama \u00f6ncelikle kalan 3 ma\u00e7a odaklanmal\u0131y\u0131z\u201d dedi. Son 3 haftada \u015fampiyonlu\u011fun en \u00f6nemli adaylar\u0131ndan biri haline gelen Trabzonspor&#8217;da hoca konusu ikinci plana at\u0131ld\u0131. Ba\u015fkan Sadri \u015eener, \u015fu anda \u00f6ncelikli i\u015flerinin hoca olmad\u0131\u011f\u0131n\u0131 belirterek, &#8220;\u015eenol hoca d\u00fc\u015f\u00fcnd\u00fc\u011f\u00fcm\u00fcz isimlerden biri. Gelir g\u00f6r\u00fc\u015f\u00fcr\u00fcz. Ben yerli <\/p>\n","protected":false},"author":1,"featured_media":0,"comment_status":"open","ping_status":"closed","sticky":false,"template":"","format":"standard","meta":{"footnotes":""},"categories":[42],"tags":[],"class_list":["post-35742","post","type-post","status-publish","format-standard","hentry","category-spor","odd"],"_links":{"self":[{"href":"http:\/\/www.korhanyilmaz.com\/index.php?rest_route=\/wp\/v2\/posts\/35742","targetHints":{"allow":["GET"]}}],"collection":[{"href":"http:\/\/www.korhanyilmaz.com\/index.php?rest_route=\/wp\/v2\/posts"}],"about":[{"href":"http:\/\/www.korhanyilmaz.com\/index.php?rest_route=\/wp\/v2\/types\/post"}],"author":[{"embeddable":true,"href":"http:\/\/www.korhanyilmaz.com\/index.php?rest_route=\/wp\/v2\/users\/1"}],"replies":[{"embeddable":true,"href":"http:\/\/www.korhanyilmaz.com\/index.php?rest_route=%2Fwp%2Fv2%2Fcomments&post=35742"}],"version-history":[{"count":0,"href":"http:\/\/www.korhanyilmaz.com\/index.php?rest_route=\/wp\/v2\/posts\/35742\/revisions"}],"wp:attachment":[{"href":"http:\/\/www.korhanyilmaz.com\/index.php?rest_route=%2Fwp%2Fv2%2Fmedia&parent=35742"}],"wp:term":[{"taxonomy":"category","embeddable":true,"href":"http:\/\/www.korhanyilmaz.com\/index.php?rest_route=%2Fwp%2Fv2%2Fcategories&post=35742"},{"taxonomy":"post_tag","embeddable":true,"href":"http:\/\/www.korhanyilmaz.com\/index.php?rest_route=%2Fwp%2Fv2%2Ftags&post=35742"}],"curies":[{"name":"wp","href":"https:\/\/api.w.org\/{rel}","templated":true}]}}