{"id":35737,"date":"2009-05-09T09:13:43","date_gmt":"2009-05-09T06:13:43","guid":{"rendered":"http:\/\/www.korhanyilmaz.com\/?p=8929"},"modified":"2009-05-09T09:13:43","modified_gmt":"2009-05-09T06:13:43","slug":"seneye-de-burdayim-2","status":"publish","type":"post","link":"http:\/\/www.korhanyilmaz.com\/?p=35737","title":{"rendered":"&#039;Seneye de burday\u0131m&#039;"},"content":{"rendered":"<p><img loading=\"lazy\" decoding=\"async\" class=\"aligncenter size-full wp-image-8930\" src=\"http:\/\/www.korhanyilmaz.com\/wp-content\/uploads\/2009\/05\/090520090323467408099.jpg\" alt=\"\" width=\"320\" height=\"100\" \/><\/p>\n<p style=\"text-align: justify;\"><strong>T\u00fcrkiye\u2019yi \u00e7ok seviyorum. \u0130nsanlar\u0131n\u0131z da bizim gibi s\u0131cakkanl\u0131. F.Bah\u00e7e ile anla\u015fmakla do\u011fru bir karar verdi\u011fimi d\u00fc\u015f\u00fcn\u00fcyorum.<\/strong><\/p>\n<p style=\"text-align: justify;\">F.BAH\u00c7E\u2019N\u0130N en b\u00fcy\u00fck d\u00fcnya markas\u0131 Roberto Carlos, yaz\u0131lanlar\u0131n aksine hi\u00e7bir yere gitmeyece\u011fini belirterek \u201cT\u00fcrkiye\u2019yi \u00e7ok seviyorum seneye de buraday\u0131m\u201d dedi. T\u00fcrkiye\u2019ye geldi\u011finden bu yana bir televizyon kanal\u0131na ilk kez uzun soluklu r\u00f6portaj veren Carlos, pazar g\u00fcn\u00fc saat 13.45\u2019te TRT1\u2019de yay\u0131nlanacak olan \u2019Limit Yok\u2019 program\u0131 i\u00e7in ni\u015fanl\u0131s\u0131 Mariana ile kameralar\u0131n kar\u015f\u0131s\u0131na ge\u00e7ti. Serhan Asker\u2019in sorular\u0131na i\u00e7tenlikle yan\u0131t veren Brezilyal\u0131 oyuncu, futbolculuk kariyerinde att\u0131\u011f\u0131 goller i\u00e7inde en be\u011fendi\u011fi ikisini de yine bu programda kamuoyuyla payla\u015ft\u0131. <!--more--><\/p>\n<p style=\"text-align: justify;\"><strong>ROMANT\u0130K Y\u00dcR\u00dcY\u00dc\u015e<\/strong><\/p>\n<p style=\"text-align: justify;\">SAMBACI, \u00fcnl\u00fc eldiven Fabian Barthez\u2019in korudu\u011fu Fransa kalesine att\u0131\u011f\u0131 gol\u00fc ilk s\u0131raya, Tenerife a\u011flar\u0131na s\u0131f\u0131rdan yollad\u0131\u011f\u0131 topu ise ikinci s\u0131raya koydu. \u0130stanbul Park\u2019ta yap\u0131lan \u00e7ekimler s\u0131ras\u0131nda Ferrari ile pistte bir ka\u00e7 defa tur atan ve y\u00fcksek h\u0131zlara ula\u015fan 36 ya\u015f\u0131ndaki sol bek, yan\u0131nda oturan program sunucusu Serhan Asker\u2019e de korkulu dakikalar ya\u015fatt\u0131. Ayn\u0131 asfalt zemin \u00fczerinde ni\u015fanl\u0131s\u0131yla bir s\u00fcre de romantik y\u00fcr\u00fcy\u00fc\u015f yapan Roberto Carlos\u2019un T\u00fcrkiye\u2019deki ya\u015fant\u0131s\u0131, futbol hayat\u0131nda unutamad\u0131klar\u0131, araba sevdas\u0131 ve F.Bah\u00e7e\u2019deki gelece\u011fiyle ilgili olarak yapt\u0131\u011f\u0131 a\u00e7\u0131klamalar\u0131 \u015f\u00f6yle:<\/p>\n<p style=\"text-align: justify;\"><strong>\u2018BURASI RIO\u2019YA BENZ\u0130YOR\u2019 <\/strong><\/p>\n<p style=\"text-align: justify;\">\u201cT\u00dcRK\u0130YE\u2019Y\u0130 \u00e7ok seviyorum. F.Bah\u00e7e ile anla\u015fmak ve \u0130stanbul\u2019a gelmekle \u00e7ok do\u011fru bir karar verdi\u011fime inan\u0131yorum. Burada \u00e7ok mutluyum. F.Bah\u00e7e\u2019nin yeri bende \u00e7ok farkl\u0131. B\u00f6yle b\u00fcy\u00fck bir kul\u00fcpte olmaktan mutluyum ve seneye de buraday\u0131m. Real Madrid ile F.Bah\u00e7e\u2019yi k\u0131yaslamak do\u011fru olmaz. Real bir d\u00fcnya markas\u0131. Orada \u00e7ok \u00f6nemli ba\u015far\u0131lar ya\u015fad\u0131m.<\/p>\n<p style=\"text-align: justify;\">ANCAK, F.Bah\u00e7e de \u00e7ok b\u00fcy\u00fck bir kul\u00fcp. Ve benim i\u00e7in \u00e7ok farkl\u0131 bir konumda. T\u00fcrkiye\u2019ye gelince; \u00e7ok \u00f6zel bir \u00fclke. Bug\u00fcne dek hi\u00e7 yabanc\u0131l\u0131k \u00e7ekmedim, s\u0131k\u0131lmad\u0131m. T\u00fcrk insan\u0131 Brezilyal\u0131lar\u2019a \u00e7ok benziyor. Biz de sizin gibi sempatik, mutlu ve s\u0131cak insanlar\u0131z. \u0130stanbul harika bir \u015fehir. T\u0131pk\u0131 Rio\u2019ya benziyor. Hayat hi\u00e7 durmuyor. \u0130stedi\u011fim her \u015feyi bulabiliyorum. Futbol hayat\u0131m \u00f6zel an\u0131larla dolu.<\/p>\n<p style=\"text-align: justify;\">B\u0130RB\u0130R\u0130NDEN anlaml\u0131 goller att\u0131m. Ama iki tanesi var ki onlar \u00e7ok \u00f6ne \u00e7\u0131k\u0131yor. \u0130lki 1997 y\u0131l\u0131nda Fransa Milli Tak\u0131m\u0131\u2019na kar\u015f\u0131 oynad\u0131\u011f\u0131m\u0131z ma\u00e7ta Barthez\u2019e att\u0131\u011f\u0131m gol. Di\u011feri ise Real Madrid\u2019de oynarken La Liga\u2019da Tenerife a\u011flar\u0131na g\u00f6nderdi\u011fim m\u00fcthi\u015f \u015fut. Futbol d\u0131\u015f\u0131ndaki en b\u00fcy\u00fck tutkum spor arabalar. H\u0131zl\u0131 araba kullanmay\u0131, h\u0131z yapmay\u0131 seviyorum. A\u00e7\u0131kcas\u0131 \u015fu anda say deseniz sahip oldu\u011fum arabalar\u0131m\u0131n say\u0131s\u0131n\u0131 bilemem. Ama bir oto galerisine sahibim diyebilirim\u201d<\/p>\n<p style=\"text-align: justify;\"><strong>\u2018FC RC\u2019Y\u0130 TUTUYORUM\u2019<\/strong><\/p>\n<p style=\"text-align: justify;\">\u00c7EK\u0130MLERE Roberto Carlos ile birlikte kat\u0131lan Mariana, \u00fcnl\u00fc Brezilyal\u0131 F1 pilotu Massa\u2019n\u0131n kuzeni. \u0130stanbul\u2019da yap\u0131lacak yar\u0131\u015flar\u0131 b\u00fcy\u00fck bir heyecanla bekledi\u011fini belirten Mariana, \u201cBelki Ferrari bu sezon iyi gitmiyor olabilir ama gelenek bozulmaz ve \u0130stanbul\u2019da yine Massa kazan\u0131r\u201d dedi. Mariana tuttu\u011fu tak\u0131mla ilgili soruya ise \u201cFCRC yani Futbol Club Roberto Carlos\u201d yan\u0131t\u0131 verdi.<\/p>\n<p style=\"text-align: justify;\"><span style=\"color: #888888;\">Kaynak : Ali Can &#8211; Vatan<\/span><\/p>\n","protected":false},"excerpt":{"rendered":"<\/p>\n<p style=\"text-align: justify;\">T\u00fcrkiye\u2019yi \u00e7ok seviyorum. \u0130nsanlar\u0131n\u0131z da bizim gibi s\u0131cakkanl\u0131. F.Bah\u00e7e ile anla\u015fmakla do\u011fru bir karar verdi\u011fimi d\u00fc\u015f\u00fcn\u00fcyorum.<\/p>\n<p style=\"text-align: justify;\">F.BAH\u00c7E\u2019N\u0130N en b\u00fcy\u00fck d\u00fcnya markas\u0131 Roberto Carlos, yaz\u0131lanlar\u0131n aksine hi\u00e7bir yere gitmeyece\u011fini belirterek \u201cT\u00fcrkiye\u2019yi \u00e7ok seviyorum seneye de buraday\u0131m\u201d dedi. T\u00fcrkiye\u2019ye geldi\u011finden bu yana bir televizyon kanal\u0131na ilk kez uzun soluklu r\u00f6portaj veren Carlos, <\/p>\n","protected":false},"author":1,"featured_media":0,"comment_status":"open","ping_status":"closed","sticky":false,"template":"","format":"standard","meta":{"footnotes":""},"categories":[42],"tags":[],"class_list":["post-35737","post","type-post","status-publish","format-standard","hentry","category-spor","odd"],"_links":{"self":[{"href":"http:\/\/www.korhanyilmaz.com\/index.php?rest_route=\/wp\/v2\/posts\/35737","targetHints":{"allow":["GET"]}}],"collection":[{"href":"http:\/\/www.korhanyilmaz.com\/index.php?rest_route=\/wp\/v2\/posts"}],"about":[{"href":"http:\/\/www.korhanyilmaz.com\/index.php?rest_route=\/wp\/v2\/types\/post"}],"author":[{"embeddable":true,"href":"http:\/\/www.korhanyilmaz.com\/index.php?rest_route=\/wp\/v2\/users\/1"}],"replies":[{"embeddable":true,"href":"http:\/\/www.korhanyilmaz.com\/index.php?rest_route=%2Fwp%2Fv2%2Fcomments&post=35737"}],"version-history":[{"count":0,"href":"http:\/\/www.korhanyilmaz.com\/index.php?rest_route=\/wp\/v2\/posts\/35737\/revisions"}],"wp:attachment":[{"href":"http:\/\/www.korhanyilmaz.com\/index.php?rest_route=%2Fwp%2Fv2%2Fmedia&parent=35737"}],"wp:term":[{"taxonomy":"category","embeddable":true,"href":"http:\/\/www.korhanyilmaz.com\/index.php?rest_route=%2Fwp%2Fv2%2Fcategories&post=35737"},{"taxonomy":"post_tag","embeddable":true,"href":"http:\/\/www.korhanyilmaz.com\/index.php?rest_route=%2Fwp%2Fv2%2Ftags&post=35737"}],"curies":[{"name":"wp","href":"https:\/\/api.w.org\/{rel}","templated":true}]}}