{"id":35736,"date":"2009-04-20T10:01:02","date_gmt":"2009-04-20T07:01:02","guid":{"rendered":"http:\/\/www.korhanyilmaz.com\/?p=8533"},"modified":"2009-04-20T10:01:02","modified_gmt":"2009-04-20T07:01:02","slug":"penaltiyi-atladim-kusura-bakmayin-2","status":"publish","type":"post","link":"http:\/\/www.korhanyilmaz.com\/?p=35736","title":{"rendered":"&#039;Penalt\u0131y\u0131 atlad\u0131m kusura bakmay\u0131n&#039;"},"content":{"rendered":"<p style=\"text-align: center;\"><img loading=\"lazy\" decoding=\"async\" class=\"size-full wp-image-8534 aligncenter\" title=\"'Penalt\u0131y\u0131 atlad\u0131m kusura bakmay\u0131n' \" src=\"http:\/\/www.korhanyilmaz.com\/wp-content\/uploads\/2009\/04\/200420091010360708892.jpg\" alt=\"'Penalt\u0131y\u0131 atlad\u0131m kusura bakmay\u0131n' \" width=\"329\" height=\"210\" \/><\/p>\n<p style=\"text-align: justify;\"><strong>Be\u015fikta\u015f-Bursaspor ma\u00e7\u0131n\u0131n hakemi Deniz \u00c7oban hakk\u0131nda \u015fok iddia.<\/strong><\/p>\n<p style=\"text-align: justify;\">D\u00fcn ak\u015fam oynanan Be\u015fikta\u015f &#8211; Bursaspor kar\u015f\u0131la\u015fmas\u0131 gols\u00fcz berabere bitti. M\u00fccadelenin hakemi Deniz \u00c7oban&#8217;\u0131n ise &#8216;penalt\u0131y\u0131 atlad\u0131m&#8217; dedi\u011fi iddia edildi.<\/p>\n<p style=\"text-align: justify;\">Bursaspor ma\u00e7\u0131ndaki y\u00f6netimiyle Be\u015fikta\u015f taraftar\u0131n\u0131n tepkisini \u00e7eken hakem Deniz \u00c7oban&#8217;la ilgili \u015fok bir iddia ortaya at\u0131ld\u0131.<br \/>\n\u0130ddiaya g\u00f6re \u00c7oban, ma\u00e7tan sonra g\u00f6zlemci Ahmet Ak\u00e7ay&#8217;a, &#8220;Hocam, Be\u015fikta\u015f&#8217;\u0131n bir penalt\u0131s\u0131n\u0131 atlad\u0131m, kusura bakmay\u0131n&#8221; dedi.\n<\/p>\n<p style=\"text-align: justify;\"><span style=\"color: #888888;\">Kaynak : H\u00fcrriyet<\/span><\/p>\n","protected":false},"excerpt":{"rendered":"<p style=\"text-align: center;\">\n<p style=\"text-align: justify;\">Be\u015fikta\u015f-Bursaspor ma\u00e7\u0131n\u0131n hakemi Deniz \u00c7oban hakk\u0131nda \u015fok iddia.<\/p>\n<p style=\"text-align: justify;\">D\u00fcn ak\u015fam oynanan Be\u015fikta\u015f &#8211; Bursaspor kar\u015f\u0131la\u015fmas\u0131 gols\u00fcz berabere bitti. M\u00fccadelenin hakemi Deniz \u00c7oban&#8217;\u0131n ise &#8216;penalt\u0131y\u0131 atlad\u0131m&#8217; dedi\u011fi iddia edildi.<\/p>\n<p style=\"text-align: justify;\">Bursaspor ma\u00e7\u0131ndaki y\u00f6netimiyle Be\u015fikta\u015f taraftar\u0131n\u0131n tepkisini \u00e7eken hakem Deniz \u00c7oban&#8217;la ilgili \u015fok bir iddia ortaya at\u0131ld\u0131. \u0130ddiaya g\u00f6re <\/p>\n","protected":false},"author":1,"featured_media":0,"comment_status":"open","ping_status":"closed","sticky":false,"template":"","format":"standard","meta":{"footnotes":""},"categories":[42],"tags":[],"class_list":["post-35736","post","type-post","status-publish","format-standard","hentry","category-spor","odd"],"_links":{"self":[{"href":"http:\/\/www.korhanyilmaz.com\/index.php?rest_route=\/wp\/v2\/posts\/35736","targetHints":{"allow":["GET"]}}],"collection":[{"href":"http:\/\/www.korhanyilmaz.com\/index.php?rest_route=\/wp\/v2\/posts"}],"about":[{"href":"http:\/\/www.korhanyilmaz.com\/index.php?rest_route=\/wp\/v2\/types\/post"}],"author":[{"embeddable":true,"href":"http:\/\/www.korhanyilmaz.com\/index.php?rest_route=\/wp\/v2\/users\/1"}],"replies":[{"embeddable":true,"href":"http:\/\/www.korhanyilmaz.com\/index.php?rest_route=%2Fwp%2Fv2%2Fcomments&post=35736"}],"version-history":[{"count":0,"href":"http:\/\/www.korhanyilmaz.com\/index.php?rest_route=\/wp\/v2\/posts\/35736\/revisions"}],"wp:attachment":[{"href":"http:\/\/www.korhanyilmaz.com\/index.php?rest_route=%2Fwp%2Fv2%2Fmedia&parent=35736"}],"wp:term":[{"taxonomy":"category","embeddable":true,"href":"http:\/\/www.korhanyilmaz.com\/index.php?rest_route=%2Fwp%2Fv2%2Fcategories&post=35736"},{"taxonomy":"post_tag","embeddable":true,"href":"http:\/\/www.korhanyilmaz.com\/index.php?rest_route=%2Fwp%2Fv2%2Ftags&post=35736"}],"curies":[{"name":"wp","href":"https:\/\/api.w.org\/{rel}","templated":true}]}}