{"id":35732,"date":"2009-04-17T09:53:08","date_gmt":"2009-04-17T06:53:08","guid":{"rendered":"http:\/\/www.korhanyilmaz.com\/?p=8345"},"modified":"2009-04-17T09:53:08","modified_gmt":"2009-04-17T06:53:08","slug":"size-mommo-diyebilir-miyim-2","status":"publish","type":"post","link":"http:\/\/www.korhanyilmaz.com\/?p=35732","title":{"rendered":"Size &#039;Mommo&#039; diyebilir miyim?"},"content":{"rendered":"<p><img loading=\"lazy\" decoding=\"async\" class=\"aligncenter size-full wp-image-8347\" src=\"http:\/\/www.korhanyilmaz.com\/wp-content\/uploads\/2009\/04\/fft5_mf1577771.jpeg\" alt=\"\" width=\"400\" height=\"221\" \/><\/p>\n<p style=\"text-align: center;\"><span style=\"color: #808080;\"><em>\u00d6yk\u00fcn\u00fcn kahramanlar\u0131n\u0131, soyadlar\u0131 ayn\u0131 ama akraba olmayan Elif ve Mehmet B\u00fclb\u00fcl canland\u0131r\u0131yor. \u0130ki k\u00fc\u00e7\u00fck amat\u00f6r yetenek, \u00e7ok ba\u015far\u0131l\u0131 bir performans sergiliyor. \u00d6zellikle Elif B\u00fclb\u00fcl muhte\u015fem.<\/em><\/span><\/p>\n<p style=\"text-align: justify;\">Annelerinin \u00f6l\u00fcm\u00fcyle hayatlar\u0131nda s\u0131\u011f\u0131n\u0131lacak bir liman kalmayan iki \u00f6ks\u00fcz\u00fcn birbirleri sayesinde ya\u015fama tutunma \u00e7abas\u0131n\u0131 anlatan &#8216;K\u0131z Karde\u015fim-Mommo&#8217; sadeli\u011fi ve y\u00fcrek par\u00e7alyan hik\u00e2yesiyle dikkat \u00e7ekiyor. Atalay Ta\u015fdiken&#8217;in filmi Berlin ve N\u00fcrnberg Film Festivalleri&#8217;nde be\u011fenilmi\u015fti.<\/p>\n<p style=\"text-align: justify;\">T\u00fcrk sinemas\u0131n\u0131n iki yak\u0131n d\u00f6nem filmi \u2018Be\u015f Vakit&#8217; ve \u2018Tatil Kitab\u0131&#8217;, ta\u015fran\u0131n s\u0131k\u0131c\u0131l\u0131\u011f\u0131nda ve orada, zaman\u0131n ge\u00e7mezli\u011finde bizi dola\u015ft\u0131rm\u0131\u015ft\u0131. Atalay Ta\u015fdiken&#8217;in \u2018K\u0131z Karde\u015fim-Mommo&#8217;su ise b\u00fct\u00fcn bu unsurlara yoksullu\u011fu ve \u00e7aresizli\u011fi de ekliyor. Hem \u2018Be\u015f Vakit&#8217;in, hem de \u2018Tatil Kitab\u0131&#8217;n\u0131n kahramanlar\u0131n\u0131n aileleriyle \u00e7at\u0131\u015fmalar\u0131n\u0131n alt\u0131nda, b\u00fcy\u00fcme problemleri ve biraz da ebeveyne kar\u015f\u0131 kendi varolu\u015flar\u0131n\u0131 ortaya koyma \u00e7abalar\u0131 vard\u0131. \u2018K\u0131z Karde\u015fim-Mommo&#8217;da ise aile, \u00e7at\u0131\u015f\u0131lacak bir kavramdan \u00f6te s\u0131\u011f\u0131n\u0131lacak bir liman ama ne yaz\u0131k ki \u00f6yle bir yer yok.<!--more--><br \/>\nGer\u00e7ek bir hik\u00e2yeden \u2018r\u00f6tu\u015flanarak&#8217; \u00e7ekilen filmin temel karakterleri Ahmet ve Ay\u015fe, \u00f6ks\u00fcz iki karde\u015ftir. Annelerinin \u00f6l\u00fcm\u00fcnden sonra ba\u015fka bir kad\u0131nla evlenen babalar\u0131 Kaz\u0131m, yeni e\u015fi D\u00f6nd\u00fc&#8217;den korkarak onlar\u0131 yan\u0131na almam\u0131\u015ft\u0131r. \u0130ki karde\u015f dedeleri Hasan&#8217;\u0131n yan\u0131nda kalmakta ve Almanya&#8217;daki teyzeleri Fatma&#8217;n\u0131n, onlar\u0131 yan\u0131na alaca\u011f\u0131 g\u00fcnlerin \u00f6zlemiyle ya\u015fay\u0131p gitmektedir.<\/p>\n<p style=\"text-align: justify;\">\nY\u00f6netmen Ta\u015fdiken, \u00f6rt\u00fcl\u00fc bir bi\u00e7imde yak\u0131ndan bildi\u011fini ifade etti\u011fi ve baz\u0131 noktalarda kendi hayal d\u00fcnyas\u0131n\u0131 ekledi\u011fi ger\u00e7ek bir \u00f6yk\u00fcden uyarlad\u0131\u011f\u0131 filminde, son derece sakin, tane tane ilerleyen, g\u00f6r\u00fcnt\u00fc anlam\u0131nda da etkili ve temiz bir \u00e7al\u0131\u015fma ortaya koymu\u015f. Filmin g\u00fczelli\u011fi asl\u0131nda \u00f6yk\u00fcn\u00fcn ait oldu\u011fu topraklardaki insan ili\u015fkileri ve bu ili\u015fkilerin detaylar\u0131nda. \u00c7ocuklar aras\u0131ndaki \u2018demokrasi&#8217;de, kom\u015fu kad\u0131nlar\u0131n bak\u0131\u015flar\u0131nda ve kendi aralar\u0131ndaki konu\u015fmalarda, kahvehane muhabbetlerinde vs. minik karakterlerin durumlar\u0131na ve geleceklerini ili\u015fkin \u00e7ok \u015feyi g\u00f6rmek ve \u00e7\u00f6zmek m\u00fcmk\u00fcn. Film bu yanlar\u0131yla \u00e7ok ger\u00e7ek\u00e7i ve de anlatt\u0131\u011f\u0131 hik\u00e2ye itibar\u0131yla da do\u011frusu y\u00fcrek par\u00e7alay\u0131c\u0131. Ta\u015fdiken, iki karde\u015fin biraz da ko\u015fullar\u0131n zorlamas\u0131yla birbirine kenetlenmelerini ve ya\u015fatt\u0131klar\u0131 dayan\u0131\u015fma ruhunu \u00e7ok iyi yans\u0131tm\u0131\u015f. Bu arada o y\u00f6rede \u2018\u00d6c\u00fc&#8217; anlam\u0131nda kullan\u0131lan \u2018Mommo&#8217; betimlemesi, filme ismini verdi\u011fi \u00f6l\u00e7\u00fcde \u00f6yk\u00fcye u\u011fram\u0131yor ve vurgusu beklenildi\u011fi oranda g\u00fc\u00e7l\u00fc de\u011fil. Bu tabii bir problem te\u015fkil etmiyor, ama istense (mesela bu bir Japon ya da ondan dev\u015firilmi\u015f Hollywood korku filmi olsa) ciddi anlamda bir gerilim \u00f6\u011fesine d\u00f6n\u00fc\u015febilirmi\u015f. Ama bu haliyle de be\u011fenilmeyi hak eden film, asl\u0131nda uzaktan uza\u011fa Kemalettin Tu\u011fcu gelene\u011fini de \u00e7a\u011fr\u0131\u015ft\u0131r\u0131yor, Ama bir farkla; Tu\u011fcu&#8217;nun romanlar\u0131 \u00e7ekilen onca ac\u0131dan sonra mutlulu\u011fa a\u00e7\u0131lan kap\u0131larla sona ererdi.<\/p>\n<p style=\"text-align: justify;\">\n\u00d6yk\u00fcn\u00fcn bir ba\u015fka alt\u0131 \u00e7izilmesi gereken yan\u0131 da san\u0131r\u0131m zamans\u0131zl\u0131\u011f\u0131. Cep telefonu yok, renkli te-levizyon yok ama bakkalda sat\u0131lan gofretler ve dondurmalar \u2018\u015fimdiki zaman&#8217;\u0131n \u00fcr\u00fcn\u00fc. Kasabadaki park etmi\u015f kimi arabalar da&#8230; Ama bu tavr\u0131n bilin\u00e7li oldu\u011fu a\u015fik\u00e2r. B\u00f6ylelikle film bir d\u00f6nem \u00e7al\u0131\u015fmas\u0131 olmaktan \u00e7\u0131kar\u0131l\u0131p bu t\u00fcr \u00f6yk\u00fclerin, her t\u00fcrl\u00fc zamana ait olabilece\u011fi vurgusu yap\u0131lm\u0131\u015f. \u00d6te yandan ta\u015frada bisiklet sahibi olman\u0131n \u00f6nemi ve bunun, s\u0131n\u0131fsal anlam\u0131, bir anne foto\u011fraf\u0131n\u0131n \u00e7a\u011fr\u0131\u015ft\u0131rd\u0131klar\u0131, dedenin s\u0131k s\u0131k yapt\u0131\u011f\u0131 ahlaki g\u00f6ndermeler de filmdeki h\u00fczn\u00fcn yo\u011funlu\u011funu art\u0131ran unsurlar.\n<\/p>\n<p style=\"text-align: justify;\">D\u00f6nmezer&#8217;i hat\u0131rlamak i\u00e7in Oyunculuklara gelince; soyadlar\u0131 benzemesine ra\u011fmen karde\u015f olmayan Mehmet B\u00fclb\u00fcl ve Elif B\u00fclb\u00fcl, hayatlar\u0131nda hi\u00e7 sinemaya gitme deneyimi bile olmadan son derece ba\u015far\u0131l\u0131 bir performans \u00e7\u0131kar\u0131yorlar. \u00d6zellikle minik Elif, \u00e7ok \u00e7ok iyi. Masumiyeti, b\u00fct\u00fcn o hayat kar\u015f\u0131s\u0131ndaki korkular\u0131 ve \u015fa\u015fk\u0131nl\u0131\u011f\u0131, m\u00fcthi\u015f bir sadelikle ve inand\u0131r\u0131c\u0131l\u0131kla yans\u0131tmay\u0131 bilmi\u015f. Ara rollerin unutulmaz oyuncusu Mustafa Uzuny\u0131lmaz, umursamaz ve korkak baba Kaz\u0131m&#8217;da neredeyse \u2018Her \u015eey G\u00fczel Olacak&#8217;taki \u2018Nusret abi&#8217; kompozisyonuna benzer t\u00fcrden iz b\u0131rakacak bir performans ortaya koyuyor. \u00d6zellikle kahvede \u2018okey&#8217; oynarken, kendisine y\u00f6nelik ele\u015ftirilere kar\u015f\u0131 savunmaya giri\u015firken v\u00fccut diliyle yeterince etkili oluyor. Ve Mete D\u00f6nmezer&#8230; \u00c7ok eskilerden, \u2018Kaynanalar&#8217; dizisiyle hat\u0131rlanan ama sinemada bence yeterince k\u0131ymeti bilinemeyen bu emektar isme, \u2018K\u0131z Karde\u015fim-Mommo&#8217; bir anlamda iade-i itibar f\u0131rsat\u0131 sunuyor. 62 ya\u015f\u0131ndaki usta oyuncu, \u2018Hasan dede&#8217;de bazen esprili ama \u00e7ok kez trajik bir karaktere hayat veriyor. Vicdan sahibi \u2018\u0130stanbullu bakkal&#8217; rol\u00fcndeki Mehmet Usta da, filmde iz b\u0131rakmay\u0131 ba\u015faran isimlerden.<\/p>\n<p style=\"text-align: justify;\"><strong>Mini mini \u2018minimalist&#8217;<\/strong><\/p>\n<p style=\"text-align: justify;\">\nO \u00e7ok moda deyimiyle \u2018minimalist bir sinema&#8217; \u00f6rne\u011fi olan \u2018K\u0131z Karde\u015fim-Mommo&#8217;nun ilk g\u00f6sterimi Berlin Film Festivali&#8217;nde yap\u0131lm\u0131\u015f ve film, daha sonra N\u00fcrnberg&#8217;de hem \u2018En iyi film&#8217;, hem de \u2018Seyirci \u00d6d\u00fcl\u00fc&#8217;n\u00fc alm\u0131\u015ft\u0131. B\u00f6ylece de filmin iki minik kahraman\u0131n\u0131n Almanya&#8217;ya gitme \u00f6zlemleri, bir anlamda ger\u00e7e\u011fe d\u00f6n\u00fc\u015fm\u00fc\u015ft\u00fc. Dolay\u0131s\u0131yla \u2018gurbet elde&#8217; g\u00f6r\u00fclen bunca ilginin ard\u0131ndan s\u0131ra, filmin ait oldu\u011fu topraklarda g\u00f6rece\u011fi ilgide. Umar\u0131z son derece ba\u015far\u0131l\u0131 bir ilk film olan \u2018K\u0131z Karde\u015fim-Mommo&#8217;, i\u00e7eride de ilgiye de\u011fer bulunur.\n<\/p>\n<p style=\"text-align: justify;\"><span style=\"color: #808080;\">Kaynak : Radikal<\/span><\/p>\n<p style=\"text-align: justify;\">\n<p style=\"text-align: justify;\">\n","protected":false},"excerpt":{"rendered":"<\/p>\n<p style=\"text-align: center;\">\u00d6yk\u00fcn\u00fcn kahramanlar\u0131n\u0131, soyadlar\u0131 ayn\u0131 ama akraba olmayan Elif ve Mehmet B\u00fclb\u00fcl canland\u0131r\u0131yor. \u0130ki k\u00fc\u00e7\u00fck amat\u00f6r yetenek, \u00e7ok ba\u015far\u0131l\u0131 bir performans sergiliyor. \u00d6zellikle Elif B\u00fclb\u00fcl muhte\u015fem.<\/p>\n<p style=\"text-align: justify;\">Annelerinin \u00f6l\u00fcm\u00fcyle hayatlar\u0131nda s\u0131\u011f\u0131n\u0131lacak bir liman kalmayan iki \u00f6ks\u00fcz\u00fcn birbirleri sayesinde ya\u015fama tutunma \u00e7abas\u0131n\u0131 anlatan &#8216;K\u0131z Karde\u015fim-Mommo&#8217; sadeli\u011fi ve y\u00fcrek par\u00e7alyan hik\u00e2yesiyle dikkat \u00e7ekiyor. Atalay <\/p>\n","protected":false},"author":1,"featured_media":0,"comment_status":"open","ping_status":"closed","sticky":false,"template":"","format":"standard","meta":{"footnotes":""},"categories":[8],"tags":[],"class_list":["post-35732","post","type-post","status-publish","format-standard","hentry","category-kultur-sanat","odd"],"_links":{"self":[{"href":"http:\/\/www.korhanyilmaz.com\/index.php?rest_route=\/wp\/v2\/posts\/35732","targetHints":{"allow":["GET"]}}],"collection":[{"href":"http:\/\/www.korhanyilmaz.com\/index.php?rest_route=\/wp\/v2\/posts"}],"about":[{"href":"http:\/\/www.korhanyilmaz.com\/index.php?rest_route=\/wp\/v2\/types\/post"}],"author":[{"embeddable":true,"href":"http:\/\/www.korhanyilmaz.com\/index.php?rest_route=\/wp\/v2\/users\/1"}],"replies":[{"embeddable":true,"href":"http:\/\/www.korhanyilmaz.com\/index.php?rest_route=%2Fwp%2Fv2%2Fcomments&post=35732"}],"version-history":[{"count":0,"href":"http:\/\/www.korhanyilmaz.com\/index.php?rest_route=\/wp\/v2\/posts\/35732\/revisions"}],"wp:attachment":[{"href":"http:\/\/www.korhanyilmaz.com\/index.php?rest_route=%2Fwp%2Fv2%2Fmedia&parent=35732"}],"wp:term":[{"taxonomy":"category","embeddable":true,"href":"http:\/\/www.korhanyilmaz.com\/index.php?rest_route=%2Fwp%2Fv2%2Fcategories&post=35732"},{"taxonomy":"post_tag","embeddable":true,"href":"http:\/\/www.korhanyilmaz.com\/index.php?rest_route=%2Fwp%2Fv2%2Ftags&post=35732"}],"curies":[{"name":"wp","href":"https:\/\/api.w.org\/{rel}","templated":true}]}}