{"id":35731,"date":"2009-04-15T11:28:25","date_gmt":"2009-04-15T08:28:25","guid":{"rendered":"http:\/\/www.korhanyilmaz.com\/?p=8270"},"modified":"2009-04-15T11:28:25","modified_gmt":"2009-04-15T08:28:25","slug":"af-orgutunden-kurtlere-sert-uyari-2","status":"publish","type":"post","link":"http:\/\/www.korhanyilmaz.com\/?p=35731","title":{"rendered":"Af \u00d6rg\u00fct\u00fc&#039;nden K\u00fcrtlere sert uyar\u0131"},"content":{"rendered":"<p style=\"text-align: center;\"><img loading=\"lazy\" decoding=\"async\" class=\"aligncenter size-full wp-image-8271\" title=\"Af \u00d6rg\u00fct\u00fc'nden K\u00fcrtlere sert uyar\u0131\" src=\"http:\/\/www.korhanyilmaz.com\/wp-content\/uploads\/2009\/04\/fft28_mf156259.jpeg\" alt=\"Af \u00d6rg\u00fct\u00fc'nden K\u00fcrtlere sert uyar\u0131\" width=\"306\" height=\"204\" \/><\/p>\n<p style=\"text-align: center;\">\n<p style=\"text-align: justify;\"><strong>Uluslararas\u0131 Af \u00d6rg\u00fct\u00fc, Kuzey Irak&#8217;taki b\u00f6lgesel K\u00fcrt y\u00f6netimine feci bir insan haklar\u0131 karnesi \u00e7\u0131kard\u0131.<\/strong><\/p>\n<p style=\"text-align: justify;\">\n\u00d6rg\u00fct, &#8216;Asay\u0131\u015f&#8217; diye an\u0131lan yerel g\u00fcvenlik g\u00fc\u00e7lerinin yani pe\u015fmergelerin keyfi tutuklama, i\u015fkence ve adam ka\u00e7\u0131rma olaylar\u0131na kar\u0131\u015ft\u0131klar\u0131n\u0131 belirtip b\u00f6lgesel y\u00f6netime &#8216;G\u00fcvenlik g\u00fc\u00e7lerini kontrol alt\u0131na al&#8217; \u00e7a\u011fr\u0131s\u0131 yapt\u0131.\n<\/p>\n<p style=\"text-align: justify;\">Af \u00d6rg\u00fct\u00fc&#8217;n\u00fcn Ortado\u011fu ve Kuzey Afrika sorumlusu Malcolm Smart, Irak&#8217;\u0131n kuzeyinin \u00fclkenin geri kalan\u0131n\u0131 sarsan \u015fiddetten kurtulup insan haklar\u0131nda \u00f6nemli geli\u015fmeler kaydetti\u011fini s\u00f6ylese de &#8220;Ancak keyfi tutuklamalar ve i\u015fkence, gazetecilere sald\u0131r\u0131lar ve ifade \u00f6zg\u00fcrl\u00fc\u011f\u00fc, kad\u0131nlara kar\u015f\u0131 \u015fiddet gibi ger\u00e7ek sorunlar h\u00e2l\u00e2 var&#8221; \u015ferhini d\u00fc\u015ft\u00fc. <!--more-->&#8220;Y\u00f6netim bunlara derhal kar\u015f\u0131 koymal\u0131&#8221; diyen Smart, su\u00e7lama olmaks\u0131z\u0131n y\u0131llarca tutuklu kalan y\u00fczlerce ki\u015finin yeni b\u0131rak\u0131ld\u0131\u011f\u0131n\u0131 an\u0131msatt\u0131. Namus cinayetlerine de dikkat \u00e7eken Smart &#8220;Bu t\u00fcr su\u00e7lar\u0131 i\u015fleyenlerin adaletten ka\u00e7amayaca\u011f\u0131 a\u00e7\u0131k\u00e7a g\u00f6r\u00fclmeli&#8221; diye ekledi.<\/p>\n<p style=\"text-align: justify;\"><span style=\"color: #888888;\">Kaynak : Radikal<\/span><\/p>\n","protected":false},"excerpt":{"rendered":"<p style=\"text-align: center;\">\n<p style=\"text-align: center;\">\n<p style=\"text-align: justify;\">Uluslararas\u0131 Af \u00d6rg\u00fct\u00fc, Kuzey Irak&#8217;taki b\u00f6lgesel K\u00fcrt y\u00f6netimine feci bir insan haklar\u0131 karnesi \u00e7\u0131kard\u0131.<\/p>\n<p style=\"text-align: justify;\"> \u00d6rg\u00fct, &#8216;Asay\u0131\u015f&#8217; diye an\u0131lan yerel g\u00fcvenlik g\u00fc\u00e7lerinin yani pe\u015fmergelerin keyfi tutuklama, i\u015fkence ve adam ka\u00e7\u0131rma olaylar\u0131na kar\u0131\u015ft\u0131klar\u0131n\u0131 belirtip b\u00f6lgesel y\u00f6netime &#8216;G\u00fcvenlik g\u00fc\u00e7lerini kontrol alt\u0131na al&#8217; \u00e7a\u011fr\u0131s\u0131 yapt\u0131. <\/p>\n<p style=\"text-align:  \n\n","protected":false},"author":1,"featured_media":0,"comment_status":"open","ping_status":"closed","sticky":false,"template":"","format":"standard","meta":{"footnotes":""},"categories":[3],"tags":[],"class_list":["post-35731","post","type-post","status-publish","format-standard","hentry","category-dunya","odd"],"_links":{"self":[{"href":"http:\/\/www.korhanyilmaz.com\/index.php?rest_route=\/wp\/v2\/posts\/35731","targetHints":{"allow":["GET"]}}],"collection":[{"href":"http:\/\/www.korhanyilmaz.com\/index.php?rest_route=\/wp\/v2\/posts"}],"about":[{"href":"http:\/\/www.korhanyilmaz.com\/index.php?rest_route=\/wp\/v2\/types\/post"}],"author":[{"embeddable":true,"href":"http:\/\/www.korhanyilmaz.com\/index.php?rest_route=\/wp\/v2\/users\/1"}],"replies":[{"embeddable":true,"href":"http:\/\/www.korhanyilmaz.com\/index.php?rest_route=%2Fwp%2Fv2%2Fcomments&post=35731"}],"version-history":[{"count":0,"href":"http:\/\/www.korhanyilmaz.com\/index.php?rest_route=\/wp\/v2\/posts\/35731\/revisions"}],"wp:attachment":[{"href":"http:\/\/www.korhanyilmaz.com\/index.php?rest_route=%2Fwp%2Fv2%2Fmedia&parent=35731"}],"wp:term":[{"taxonomy":"category","embeddable":true,"href":"http:\/\/www.korhanyilmaz.com\/index.php?rest_route=%2Fwp%2Fv2%2Fcategories&post=35731"},{"taxonomy":"post_tag","embeddable":true,"href":"http:\/\/www.korhanyilmaz.com\/index.php?rest_route=%2Fwp%2Fv2%2Ftags&post=35731"}],"curies":[{"name":"wp","href":"https:\/\/api.w.org\/{rel}","templated":true}]}}