{"id":3573,"date":"2009-02-23T16:25:49","date_gmt":"2009-02-23T14:25:49","guid":{"rendered":"http:\/\/www.korhanyilmaz.com\/?p=3573"},"modified":"2009-02-23T16:25:49","modified_gmt":"2009-02-23T14:25:49","slug":"kus-kafasindan-kavurma-olmaz","status":"publish","type":"post","link":"http:\/\/www.korhanyilmaz.com\/?p=3573","title":{"rendered":"Ku\u015f kafas\u0131ndan kavurma olmaz!&#039;"},"content":{"rendered":"<p style=\"text-align: center;\"><img loading=\"lazy\" decoding=\"async\" class=\"aligncenter size-full wp-image-3574\" title=\"Ku\u015f kafas\u0131ndan kavurma olmaz!' \" src=\"http:\/\/www.korhanyilmaz.com\/wp-content\/uploads\/2009\/02\/230220091633351799933.jpg\" alt=\"Ku\u015f kafas\u0131ndan kavurma olmaz!' \" width=\"376\" height=\"240\" \/><\/p>\n<p style=\"text-align: justify;\"><strong>Erdo\u011fan&#8217;dan Mardin mitinginde yine CHP&#8217;yi hedef ald\u0131<\/strong><\/p>\n<p style=\"text-align: justify;\">AK Parti Genel Ba\u015fkan\u0131 ve Ba\u015fbakan Recep Tayyip Erdo\u011fan, &#8220;Mardin&#8217;in g\u00fczel bir atas\u00f6z\u00fc var; nedir o, &#8216;Ku\u015f kafas\u0131ndan kavurma olmaz&#8217;. \u00d6yle mi? Bunlardan da iktidar olmaz.Milletim bunlara tek ba\u015f\u0131na iktidar verdi mi, vermedi, vermez. \u00c7\u00fcnk\u00fc milletim bunlar\u0131 \u00e7ok iyi tan\u0131yor&#8221; dedi.<\/p>\n<p style=\"text-align: justify;\">Erdo\u011fan, Mardin Cumhuriyet Meydan\u0131&#8217;nda d\u00fczenlenen mitingde yapt\u0131\u011f\u0131 konu\u015fmada, Mardin&#8217;in tarihi zenginli\u011fine sahip \u00e7\u0131k\u0131lmas\u0131 gerekti\u011fini s\u00f6yledi.<\/p>\n<p style=\"text-align: justify;\">Eliyle alanda bulunan tarihi eserlere i\u015faret eden Erdo\u011fan, &#8220;Tarih bu, zenginlik bu. Bu zenginli\u011fe sahip \u00e7\u0131kmaya mecburuz. Bunlar\u0131\u00a0 g\u00f6lgelemeye, lekelemeye kimsenin hakk\u0131 yok. Bunu yerine getirmeye mecburuz&#8221; diye konu\u015ftu.<!--more--><br \/>\nK\u00fcresel finansal krize de\u011finen Erdo\u011fan, ABD, Japonya, Avrupa \u00fclkeleri ve di\u011fer bir\u00e7ok \u00fclkenin bu krizden etkilendi\u011fine i\u015faret etti. T\u00fcrkiye&#8217;nin de bu krizden etkilendi\u011fini ancak krizin etkilerini asgari seviyede tutmak, T\u00fcrkiye&#8217;nin krizden en az derecede etkilenmesini sa\u011flamak i\u00e7in \u00d6nlemler ald\u0131klar\u0131n\u0131 anlatan Erdo\u011fan, \u015fu ana kadar 30&#8217;a yak\u0131n k\u00f6kl\u00fc \u00f6nlemi uygulamaya ba\u015flad\u0131klar\u0131n\u0131 belirtti.\n<\/p>\n<p style=\"text-align: justify;\">Erdo\u011fan, &#8220;\u00d6zellikle i\u015fsizlik en \u00f6nemli sorumunuz. Bunu a\u015fabilmek i\u00e7in t\u00fcm gayretimizle \u00e7al\u0131\u015f\u0131yoruz. Baz\u0131 destekleri i\u015fverene veriyoruz ki \u00e7al\u0131\u015ft\u0131rd\u0131\u011f\u0131 elamanlar\u0131n\u0131 \u00e7\u0131karmas\u0131n&#8221; dedi.<\/p>\n<p style=\"text-align: justify;\">Meslek kurslar\u0131yla Mardin&#8217;de oldu\u011fu gibi t\u00fcm T\u00fcrkiye&#8217;de i\u015fsizleri e\u011fittiklerini, kalifiye eleman haline getirdiklerini ifade eden Erdo\u011fan, bu<br \/>\nkursiyerlerin sigortas\u0131n\u0131n yap\u0131ld\u0131\u011f\u0131n\u0131, ayl\u0131k 360 lira burs verildi\u011fini belirtti.\n<\/p>\n<p style=\"text-align: justify;\">K\u0131sa \u00e7al\u0131\u015fma \u00f6dene\u011fi \u00e7\u0131kard\u0131klar\u0131n\u0131, i\u015fverene destek olduklar\u0131n\u0131 dile getiren Erdo\u011fan, &#8220;\u0130\u015fsizli\u011fin \u00f6n\u00fcn\u00fc kesiyoruz&#8221; diye konu\u015ftu.<\/p>\n<p style=\"text-align: justify;\"><strong>-DOSYACI MUHALEFET-<\/strong><\/p>\n<p style=\"text-align: justify;\">&#8220;\u015eimdi \u015furaya dikkatinizi \u00e7ekmek istiyorum; muhalefet nihayet Ankara&#8217;danba\u015f\u0131n\u0131 uzatt\u0131, nihayet tezgahlar\u0131n\u0131 a\u00e7t\u0131lar&#8221; diye devam eden Erdo\u011fan, \u015funlar\u0131kaydetti:<br \/>\n&#8220;Ne var ki bu tezgahlarda yalan, iftira pazarl\u0131yorlar, ger\u00e7ek d\u0131\u015f\u0131 rakamlar pazarl\u0131yorlar. Son g\u00fcnlerde nereden bulduysa Say\u0131n Baykal&#8217;\u0131n eline bir k\u0131rtasiyeci d\u00fckkan\u0131ndan k\u0131rm\u0131z\u0131 bir dosya vermi\u015fler. Bu dosyac\u0131 muhalefetin dosyalar\u0131nda i\u015f yok, hizmet yok, proje yok, icraat yok. Muhalefetin dosyalar\u0131nda iftira var, yalan var, karalama var. Yalan\u0131n, iftiran\u0131n, aldatman\u0131n bini bir paraya kadar d\u00fc\u015ft\u00fc. Bol keseden da\u011f\u0131t\u0131yor, ak\u0131llar\u0131na geleni tezgaha s\u00fcr\u00fcyorlar.<\/p>\n<p style=\"text-align: justify;\">Aynen ge\u00e7mi\u015fin kom\u00fcnist rejimlerinde oldu\u011fu gibi &#8216;iftira at, tutmazsa da iz b\u0131rak\u0131r&#8217;, mant\u0131k bu. G\u00fcne\u015fi bal\u00e7\u0131kla s\u0131vayamayacaks\u0131n Say\u0131n Baykal, bo\u015funa u\u011fra\u015f\u0131yorsun. E\u011fer benim belediye ba\u015fkanlar\u0131mla bu kadar u\u011fra\u015f\u0131yorsan, varsa elinde bir bilgi, belge, git yarg\u0131ya, niye yarg\u0131ya gitmiyorsun? Yarg\u0131n\u0131n yolu sana a\u00e7\u0131k, git yarg\u0131ya. \u015eu anda m\u00fcracaat edip de yanl\u0131\u015fl\u0131klar\u0131n\u0131 duydu\u011fumuz belediye ba\u015fkanlar\u0131n\u0131 partimizden ihra\u00e7 ettik, acaba sen ka\u00e7 tane ihra\u00e7 ettin bunu s\u00f6yle. Say\u0131n Baykal, biz \u00e7ok fazla \u00f6yle dosyac\u0131l\u0131k pe\u015finde de\u011filiz ama bir tanesini s\u00f6yleyeyim ki bu \u00e7ok \u00f6nemli; Hazine&#8217;nin CHP&#8217;ye yapt\u0131\u011f\u0131 yard\u0131mdan 1 trilyon paray\u0131 nereye g\u00f6t\u00fcrd\u00fcn\u00fcz? Anayasa Mahkemesi bu mahkumiyeti verdi, ondan<br \/>\nsonra da 1 trilyonu sizden tahsil etti. \u00d6nce bunun hesab\u0131n\u0131 verin, tescillisiniz, tescilli.&#8221;\n<\/p>\n<p style=\"text-align: justify;\"><strong>-&#8220;B\u0130RAZ DA EKONOM\u0130 \u00d6\u011eREN&#8221;-<\/strong><\/p>\n<p style=\"text-align: justify;\">Erdo\u011fan, T\u00fcrkiye&#8217;nin bor\u00e7lar\u0131 konusunda CHP ve MHP&#8217;nin do\u011fruyu s\u00f6ylemedi\u011fini, DSP-MHP-ANAP iktidar\u0131 d\u00f6neminde T\u00fcrkiye&#8217;nin kamu net bor\u00e7 stokunun 71 milyar TL oldu\u011funu, bu rakam\u0131n \u00f6nce 160, ard\u0131ndan 210 milyar TL&#8217;ye \u00e7\u0131kt\u0131\u011f\u0131n\u0131 anlatt\u0131.<\/p>\n<p style=\"text-align: justify;\">Kamu net bor\u00e7 stokunun 2005&#8217;ten itibaren gerilemeye ba\u015flad\u0131\u011f\u0131n\u0131 vurgulayan Erdo\u011fan, 2008 y\u0131l\u0131 \u00fc\u00e7\u00fcnc\u00fc \u00e7eyrek sonu itibariyle T\u00fcrkiye&#8217;nin borcunun 242 milyar TL oldu\u011funu ifade etti. Kamu net bor\u00e7 stokunu y\u00fczde 65 oran\u0131yla ald\u0131klar\u0131n\u0131 belirten Erdo\u011fan, \u015fu anda bu oran\u0131n y\u00fczde 25 d\u00fczeyinde bulundu\u011funu kaydetti. Erdo\u011fan, &#8220;D\u00fcr\u00fcst davranal\u0131m, do\u011fru olal\u0131m. Say\u0131n Baykal bunlar\u0131 bil, mesle\u011fin avukatl\u0131k ama biraz da ekonomi \u00f6\u011fren. Say\u0131n Bah\u00e7eli sen de bil. Ba\u015fka yere i\u015fi sapt\u0131rmay\u0131n, do\u011fru olun, d\u00fcr\u00fcst olun. Siyasette as\u0131l olan d\u00fcr\u00fcstl\u00fckt\u00fcr.<\/p>\n<p style=\"text-align: justify;\">Biz g\u00f6reve geldi\u011fimizde T\u00fcrkiye&#8217;nin Gayri Safi Yurti\u00e7i Has\u0131las\u0131 232 milyar dolard\u0131. \u015eimdi bu rakam 750 milyar dolar&#8221; diye konu\u015ftu.Erdo\u011fan, &#8220;Devletin bor\u00e7lanma faizi neydi buluyor musunuz, y\u00fczde 63.\u015eimdi 11.5&#8217;e d\u00fc\u015ft\u00fc gecelik faiz. \u015eu anda devletin gecelik bor\u00e7lanma faizi y\u00fczde 13-14. O bankalar\u0131n da d\u00fc\u015f\u00fcrmesini bekliyoruz&#8221; dedi. Alandakilerin &#8220;D\u00fc\u015fmedi mi&#8221; diye sormas\u0131 \u00fczerine Erdo\u011fan, &#8220;D\u00fc\u015fecek, ba\u015fka \u00e7aresi yok&#8221; diye konu\u015ftu.<\/p>\n<p style=\"text-align: justify;\">\u0130ktidara geldiklerinde enflasyonun y\u00fczde 30 oldu\u011funu kaydeden Erdo\u011fan, &#8220;Say\u0131n Bah\u00e7eli, senin ba\u015f\u0131nda oldu\u011fun h\u00fck\u00fcmette ald\u0131k bunu y\u00fczde 30. \u015eimdi nerede enflasyon, tek haneli rakam, y\u00fczde 9.5. Say\u0131n Baykal 30, 9.5&#8217;ten daha k\u00fc\u00e7\u00fck de\u011fil, daha b\u00fcy\u00fck. Bak nereden nereye d\u00fc\u015f\u00fcrd\u00fck. Benim vatanda\u015f\u0131m\u0131 enflasyona ezdirenler bunu g\u00f6rmeli&#8221; dedi.<\/p>\n<p style=\"text-align: justify;\"><strong>-&#8220;CHP Z\u0130HN\u0130YET\u0130 YOKLUK DEMEKT\u0130R&#8221;-<\/strong><\/p>\n<p style=\"text-align: justify;\">CHP Genel Ba\u015fkan\u0131 Deniz Baykal&#8217;a bir daha seslendi\u011fini belirten Erdo\u011fan, \u015f\u00f6yle devam etti:<br \/>\n&#8220;Eski Hazine M\u00fcste\u015far\u0131, \u015fu anda senin milletvekilin. O sana g\u00f6stersin, nas\u0131l internete girilir, Hazine&#8217;nin web sayfas\u0131n\u0131 \u015f\u00f6yle bir a\u00e7s\u0131n, nas\u0131l girilir,bor\u00e7 verilerine nas\u0131l ula\u015f\u0131l\u0131r, o veriler nas\u0131l okunur? Sana bir g\u00f6stersin. Ondan sonra \u00e7\u0131k halk\u0131n kar\u015f\u0131s\u0131na ve l\u00fctfen do\u011fruyu s\u00f6yle.\n<\/p>\n<p style=\"text-align: justify;\">Mardin&#8217;in g\u00fczel bir atas\u00f6z\u00fc var; nedir o, &#8216;Ku\u015f kafas\u0131ndan kavurma olmaz&#8217;. \u00d6yle mi? Bunlardan da iktidar olmaz. Milletim bunlara tek ba\u015f\u0131na iktidar verdi mi, vermedi, vermez. \u00c7\u00fcnk\u00fc milletim bunlar\u0131 \u00e7ok iyi tan\u0131yor.<\/p>\n<p style=\"text-align: justify;\">Say\u0131n Baykal, bu \u00fclkede bakanl\u0131k yapt\u0131\u011f\u0131 zaman, hep beraber benim \u00e7ift\u00e7i karde\u015fim mazot kuyruklar\u0131nda ne kadar bekledik? \u0130stasyonlarda benzin kuyruklar\u0131nda, gaz ya\u011f\u0131 kuyruklar\u0131nda az m\u0131 bekledik? Bunlar\u0131n cemaziyel evvelini \u00e7ok iyi biliyoruz. Ben babam\u0131n elindeki karneyi, n\u00fcfus ka\u011f\u0131d\u0131n\u0131 bilirim. Onlar\u0131 nas\u0131l karneyle ald\u0131klar\u0131n\u0131 biliriz. Burada da ayn\u0131 jenerasyondan olanlar, bizim b\u00fcy\u00fcklerimiz de \u00e7ok iyi bilir. Onun i\u00e7in CHP zihniyeti yokluk demektir, orada bereket yoktur. \u015eimdi ne yapt\u0131lar; muhalefet etmeyi yanda\u015f medyalar\u0131na havale ettiler. \u015eimdi siyaseti de medya \u00fczerinden yapmaya \u00e7al\u0131\u015f\u0131yorlar. Biz medya siyaseti yapm\u0131yoruz, millet siyaseti yap\u0131yoruz. Diyarbak\u0131r&#8217;da da s\u00f6yledim;<br \/>\nY\u00fcre\u011fin varsa Diyarbak\u0131r&#8217;a, Mardin&#8217;e, Batman&#8217;a gel, meydanlarda konu\u015f. Kameralara bakarak de\u011fil, bu milletin g\u00f6z\u00fcn\u00fcn i\u00e7ine bakarak konu\u015f.&#8221;\n<\/p>\n<p style=\"text-align: justify;\"><strong>-&#8220;G\u00dcN, B\u0130RL\u0130K VE BERABERL\u0130K G\u00dcN\u00dcD\u00dcR&#8221;-<\/strong><\/p>\n<p style=\"text-align: justify;\">&#8220;Tek bayrak, tek vatan, tek millet, tek devlet&#8221; diyen Erdo\u011fan, &#8220;Bu noktada hep birlikte bir \u015feyi birle\u015ftirmemiz laz\u0131m, \u00e7\u00fcnk\u00fc bizi birle\u015ftirecek olan bu. Tek bayrak diyece\u011fiz, tek millet diyece\u011fiz, tek vatan diyece\u011fiz ki bizi b\u00f6lmek, par\u00e7alamak isteyenler burada kurduklar\u0131 tuza\u011fa kendileri d\u00fc\u015fs\u00fcn. Bunu ba\u015farmam\u0131z laz\u0131m. \u00c7\u00fcnk\u00fc birilerinin bu yakla\u015f\u0131m tarz\u0131 bizim i\u00e7in ne yaz\u0131k ki olumlu de\u011fildir. G\u00fcn, birlik ve beraberlik g\u00fcn\u00fcd\u00fcr. Son s\u00f6z sizin, karar sizin, \u00fclke hepimizin&#8221; \u015feklinde konu\u015ftu.<\/p>\n<p style=\"text-align: justify;\">Erdo\u011fan, 22 bin 600 aileye k\u00f6m\u00fcr yard\u0131m\u0131n\u0131 s\u00fcrd\u00fcreceklerini belirterek, &#8220;Fakir fukaran\u0131n, garip gureban\u0131n yan\u0131nda olaca\u011f\u0131z, k\u00f6m\u00fcr\u00fcn\u00fc, sobas\u0131n\u0131 verece\u011fiz&#8221; dedi.<\/p>\n<p style=\"text-align: justify;\">Mitingde Erdo\u011fan&#8217;a Mardinspor ka\u015fkolu hediye edildi. Erdo\u011fan da Mardinspor&#8217;a ba\u015far\u0131 diledi.\u00d6te yandan, Erdo\u011fan&#8217;\u0131n mitingdeki konu\u015fmas\u0131 s\u0131ras\u0131nda alandaki baz\u0131 ki\u015filerin \u0130srail aleyhine slogan att\u0131klar\u0131 duyuldu.Erdo\u011fan, miting alan\u0131ndan sonraki program\u0131na ge\u00e7erken, bir vatanda\u015f\u0131n daveti \u00fczerine k\u0131sa s\u00fcre evine misafir oldu.<\/p>\n<p style=\"text-align: justify;\"><span style=\"color: #888888;\">Kaynak : Vatan Gazetesi<\/span><\/p>\n","protected":false},"excerpt":{"rendered":"<p style=\"text-align: center;\">\n<p style=\"text-align: justify;\">Erdo\u011fan&#8217;dan Mardin mitinginde yine CHP&#8217;yi hedef ald\u0131<\/p>\n<p style=\"text-align: justify;\">AK Parti Genel Ba\u015fkan\u0131 ve Ba\u015fbakan Recep Tayyip Erdo\u011fan, &#8220;Mardin&#8217;in g\u00fczel bir atas\u00f6z\u00fc var; nedir o, &#8216;Ku\u015f kafas\u0131ndan kavurma olmaz&#8217;. \u00d6yle mi? Bunlardan da iktidar olmaz.Milletim bunlara tek ba\u015f\u0131na iktidar verdi mi, vermedi, vermez. \u00c7\u00fcnk\u00fc milletim bunlar\u0131 \u00e7ok iyi tan\u0131yor&#8221; dedi.<\/p>\n","protected":false},"author":1,"featured_media":0,"comment_status":"open","ping_status":"closed","sticky":false,"template":"","format":"standard","meta":{"footnotes":""},"categories":[105],"tags":[],"class_list":["post-3573","post","type-post","status-publish","format-standard","hentry","category-gundem","odd"],"_links":{"self":[{"href":"http:\/\/www.korhanyilmaz.com\/index.php?rest_route=\/wp\/v2\/posts\/3573","targetHints":{"allow":["GET"]}}],"collection":[{"href":"http:\/\/www.korhanyilmaz.com\/index.php?rest_route=\/wp\/v2\/posts"}],"about":[{"href":"http:\/\/www.korhanyilmaz.com\/index.php?rest_route=\/wp\/v2\/types\/post"}],"author":[{"embeddable":true,"href":"http:\/\/www.korhanyilmaz.com\/index.php?rest_route=\/wp\/v2\/users\/1"}],"replies":[{"embeddable":true,"href":"http:\/\/www.korhanyilmaz.com\/index.php?rest_route=%2Fwp%2Fv2%2Fcomments&post=3573"}],"version-history":[{"count":0,"href":"http:\/\/www.korhanyilmaz.com\/index.php?rest_route=\/wp\/v2\/posts\/3573\/revisions"}],"wp:attachment":[{"href":"http:\/\/www.korhanyilmaz.com\/index.php?rest_route=%2Fwp%2Fv2%2Fmedia&parent=3573"}],"wp:term":[{"taxonomy":"category","embeddable":true,"href":"http:\/\/www.korhanyilmaz.com\/index.php?rest_route=%2Fwp%2Fv2%2Fcategories&post=3573"},{"taxonomy":"post_tag","embeddable":true,"href":"http:\/\/www.korhanyilmaz.com\/index.php?rest_route=%2Fwp%2Fv2%2Ftags&post=3573"}],"curies":[{"name":"wp","href":"https:\/\/api.w.org\/{rel}","templated":true}]}}