{"id":35727,"date":"2009-04-09T12:08:11","date_gmt":"2009-04-09T09:08:11","guid":{"rendered":"http:\/\/www.korhanyilmaz.com\/?p=7942"},"modified":"2009-04-09T12:08:11","modified_gmt":"2009-04-09T09:08:11","slug":"simsek-hem-toz-pembe-tablo-ciziyor-hem-2009da-gelirimiz-dusecek-diyor-2","status":"publish","type":"post","link":"http:\/\/www.korhanyilmaz.com\/?p=35727","title":{"rendered":"\u015eim\u015fek hem toz pembe tablo \u00e7iziyor, hem &#039;2009&#039;da gelirimiz d\u00fc\u015fecek&#039; diyor"},"content":{"rendered":"<p style=\"text-align: center;\"><img loading=\"lazy\" decoding=\"async\" class=\"aligncenter size-full wp-image-7943\" title=\"Devlet Bakan\u0131 Mehmet \u015eim\u015fek,\" src=\"http:\/\/www.korhanyilmaz.com\/wp-content\/uploads\/2009\/04\/fft28_mf152572.jpeg\" alt=\"Devlet Bakan\u0131 Mehmet \u015eim\u015fek,\" width=\"306\" height=\"204\" \/><\/p>\n<p style=\"text-align: center;\">\n<p style=\"text-align: justify;\"><strong>\u015eim\u015fek bir yandan, &#8216;Hane halk\u0131n\u0131n durumu iyi. Bankalar\u0131n durumu iyi. \u00d6zel sekt\u00f6r\u00fcn durumundan da korkulacak bir durum yok&#8217; derken, \u00f6te taraftan, &#8216;Reel ekonomideki k\u00f6t\u00fcle\u015fme uzun s\u00fcrerse finans sekt\u00f6r\u00fc de etkilenir diyor.<\/strong><\/p>\n<p style=\"text-align: justify;\">\nDevlet Bakan\u0131 Mehmet \u015eim\u015fek, ekonomide gelinen son noktaya ili\u015fkin yapt\u0131\u011f\u0131 a\u00e7\u0131klamalarda \u00e7eli\u015fkili ifadelerle \u015fa\u015f\u0131rtmaya devam ediyor. \u015eim\u015fek bir yandan, &#8220;Hane halk\u0131n\u0131n durumu iyi. Bankalar\u0131n durumu iyi. \u00d6zel sekt\u00f6r\u00fcn durumundan da o kadar \u00e7ok korkulacak bir \u015fey yok&#8230; Birtak\u0131m k\u0131r\u0131lganl\u0131klar var. O kadar \u00e7ok k\u00f6t\u00fc bir durum yok&#8221; derken, \u00f6te taraftan, &#8220;Reel ekonomideki k\u00f6t\u00fcle\u015fme uzun bir s\u00fcre devam ederse finans sekt\u00f6r\u00fcn\u00fc de etkiler&#8221; a\u00e7\u0131klamas\u0131 yap\u0131yor.<br \/>\n\u015eim\u015fek, ortal\u0131k toz dumanken, hangi tedbir al\u0131n\u0131rsa al\u0131ns\u0131n \u00e7ok fazla etkili olmad\u0131\u011f\u0131n\u0131 ifade ederek de d\u00fcnyadaki genel g\u00f6r\u00fc\u015f\u00fcn d\u0131\u015f\u0131na \u00e7\u0131km\u0131\u015f oluyor. <!--more--><\/p>\n<p><strong>&#8216;Ke\u015fke paket deseydik&#8217; <\/strong><\/p>\n<p style=\"text-align: justify;\">\nMehmet \u015eim\u015fek, ge\u00e7en y\u0131l\u0131n ikinci \u00e7eyre\u011finden itibaren kamu harcamalar\u0131nda ciddi bir art\u0131\u015f sa\u011flad\u0131klar\u0131n\u0131, krize kar\u015f\u0131 \u00e7ok erken \u00f6nlem almaya ba\u015flad\u0131klar\u0131n\u0131 ifade ederek, &#8220;Eyl\u00fcl ay\u0131ndan sonra da \u00e7ok ciddi birtak\u0131m tedbirler ortaya koyduk. Ad\u0131n\u0131 paket koymad\u0131k. Herhalde bizim o d\u00f6nemdeki eksi\u011fimiz&#8230; Bunlar\u0131 numaraland\u0131rsayd\u0131k, paket diye, belki alg\u0131lama farkl\u0131 olurdu&#8221; diye konu\u015ftu.<br \/>\nT\u00fcrkiye&#8217;de bankalar\u0131n kar etmeyi s\u00fcrd\u00fcrd\u00fc\u011f\u00fcn\u00fc, ge\u00e7en y\u0131l bankalar\u0131n sermayelerinin yakla\u015f\u0131k y\u00fczde 19&#8217;u kadar k\u00e2r ettiklerini belirten \u015eim\u015fek, bankalar\u0131n takipteki alacaklar\u0131n\u0131n d\u00fc\u015f\u00fck ve likidite imk\u00e2nlar\u0131n\u0131n iyi oldu\u011funu, d\u00f6viz a\u00e7\u0131k pozisyonlar\u0131n\u0131n bulunmad\u0131\u011f\u0131n\u0131 kaydetti. Kriz \u00f6ncesi yakla\u015f\u0131k 100-150 bin olan i\u015fsizlik \u00f6dene\u011finden yararlananlar\u0131n say\u0131s\u0131n\u0131n krizin derinle\u015fmesiyle birlikte 250-300 bine \u00e7\u0131kt\u0131\u011f\u0131n\u0131 bildiren \u015eim\u015fek, \u015funlar\u0131 kaydetti: &#8220;\u00d6nceden geliri olup da birdenbire gelir kayb\u0131na u\u011frayan kesimlerin say\u0131s\u0131 azd\u0131r. Ama i\u015fsizlik oran\u0131nda \u00f6nemli bir art\u0131\u015f var. Bunu nas\u0131l a\u00e7\u0131kl\u0131yorsunuz? T\u00fcrkiye&#8217;nin n\u00fcfusu gen\u00e7. Her y\u0131l \u00e7al\u0131\u015fma \u00e7a\u011f\u0131ndaki n\u00fcfus 700 bin art\u0131\u015f g\u00f6steriyor. Herkes i\u015fini korusa dahi, istihdamda hi\u00e7 azalma olmasa dahi piyasaya yeni girenler i\u015f bulmazsa i\u015fsizlik oran\u0131 artar. Bunu s\u00f6yledim diye bir ara beni man\u015fete (gazetelerde) \u00e7ektiler. Kriz d\u00f6nemlerinde i\u015f arayanlar art\u0131yor. Aral\u0131k 2007&#8217;de ev i\u015fleriyle u\u011fra\u015f\u0131p da i\u015f aramayanlar\u0131n say\u0131s\u0131 12.5 milyon ki\u015fi. Aral\u0131k 2008&#8217;de ev i\u015fleriyle u\u011fra\u015f\u0131p da i\u015f aramayanlar\u0131n say\u0131s\u0131 709 bin ki\u015fi azalm\u0131\u015f. Yani 709 bin ki\u015fi i\u015fg\u00fcc\u00fc piyasas\u0131na gelmi\u015f ve ben de &#8216;i\u015fsizim, i\u015f ar\u0131yorum&#8217; demi\u015f. \u0130\u015finiz varken i\u015finizi kaybederseniz, o gelir ortadan kalkt\u0131\u011f\u0131 i\u00e7in talebi, dolay\u0131s\u0131yla ekonomiyi etkiliyor.&#8221;<br \/>\nMehmet \u015eim\u015fek, ABD Ba\u015fkan\u0131 Barack Obama ile g\u00f6r\u00fc\u015fmelerinin i\u00e7eri\u011fine ili\u015fkin bir soru \u00fczerine fazla bilgi vermedi:<\/p>\n<p><strong>&#8216;Ben mihmandard\u0131m&#8217; <\/strong><\/p>\n<p style=\"text-align: justify;\">\n&#8220;Ben mihmandar bakand\u0131m. Ama bu konularla ilgili hi\u00e7 g\u00f6r\u00fc\u015fme f\u0131rsat\u0131m olmad\u0131. Sadece G20 Zirvesi&#8217;nde ABD ekonomisiyle ilgili \u00f6nemli de\u011ferlendirmeler yap\u0131ld\u0131. Asl\u0131nda ortaya konulan \u00e7\u00f6z\u00fcmler, programlar do\u011fru. Hen\u00fcz uygulamada birtak\u0131m eksiklikler var&#8221; diye konu\u015ftu. (aa)<\/p>\n<p><strong>IMF i\u00e7in iki farkl\u0131 yorum <\/strong><\/p>\n<p style=\"text-align: justify;\">\nMehmet \u015eim\u015fek, IMF konusuna de\u011finirken de, &#8220;T\u00fcrkiye&#8217;de \u00f6zel sekt\u00f6r\u00fcn olsun, her kesimin d\u00f6viz likiditesine ili\u015fkin kayg\u0131lar\u0131n\u0131 azaltmak i\u00e7in b\u00f6yle bir program\u0131n faydal\u0131 olaca\u011f\u0131n\u0131 her zaman d\u00fc\u015f\u00fcnd\u00fck. Tabii ki o \u00e7er\u00e7evede m\u00fczakereleri y\u00fcr\u00fctt\u00fck.&#8221; Bunu s\u00f6yleyen \u015eim\u015fek bir soru \u00fczerine bu kez IMF anla\u015fmas\u0131n\u0131n\u0131n pek de \u00f6nemli olmad\u0131\u011f\u0131n\u0131 belirtti. Mehmet \u015eim\u015fek, &#8220;Niye IMF ile daha \u00f6nce bir program yapmad\u0131n\u0131z?&#8221; sorusuna da, \u015fu kar\u015f\u0131l\u0131\u011f\u0131 verdi: &#8220;Zaten 2007&#8217;de IMF ile bir program\u0131m\u0131z vard\u0131. 2008May\u0131s&#8217;\u0131ndan sonra hemen bir program yap\u0131lsayd\u0131 fark eder miydi? Eyl\u00fclden sonra program yapan bir\u00e7ok \u00fclke var. Bu \u00fclkelerde sanayi \u00fcretimindeki, ihracattaki d\u00fc\u015f\u00fc\u015f, borsas\u0131ndaki, para birimindeki ini\u015f-\u00e7\u0131k\u0131\u015flar T\u00fcrkiye&#8217;den \u00e7ok mu farkl\u0131? Ben o kadar \u00e7ok temelden bir farkl\u0131l\u0131k g\u00f6rm\u00fcyorum. IMF program\u0131 oldu\u011funda Almanlar bizden daha fazla ticari ara\u00e7 m\u0131 alacakt\u0131? D\u00f6viz likiditesine ili\u015fkin baz\u0131 kayg\u0131lar\u0131 azalt\u0131r ama sonu\u00e7ta \u00e7ok keskin hatlar\u0131yla, \u00e7ok a\u00e7\u0131k bir \u015fekilde \u015fu olur, bu olur diyemem.&#8221;<\/p>\n<p><strong>Krizin etkisi yok gibi konu\u015fuyor <\/strong><\/p>\n<p style=\"text-align: justify;\">\n\u0130\u015fte Mehmet \u015eim\u015fek&#8217;in ekonomide gelinen son noktay\u0131 anlatan &#8216;toz pembe&#8217; tespitleri:<br \/>\n* Hane halk\u0131n\u0131n durumu iyi. Bankalar\u0131n durumu iyi. \u00d6zel sekt\u00f6r\u00fcn durumundan da o kadar \u00e7ok korkulacak&#8230; Birtak\u0131m k\u0131r\u0131lganl\u0131klar var. O kadar \u00e7ok k\u00f6t\u00fc bir durum yok.<br \/>\n* Devletin durumuna gelince; biz son y\u0131llarda evimizi d\u00fczene koyduk. B\u00fct\u00e7e a\u00e7\u0131klar\u0131n\u0131 azaltt\u0131k. Kamu bor\u00e7lanma ihtiyac\u0131n\u0131 azaltt\u0131k. Bir kriz y\u0131l\u0131nda dahi, k\u00fcresel krizin derinle\u015fti\u011fi 2008 y\u0131l\u0131nda dahi, AB tan\u0131ml\u0131 kamu bor\u00e7 stoku sabit kald\u0131. Ciddi bir art\u0131\u015f olmad\u0131.<br \/>\n* Ciddi bir \u015fekilde gerek alt\u0131n gerek d\u00f6viz gerekse bono alanlar bu krizden kazan\u00e7l\u0131 \u00e7\u0131kt\u0131. T\u00fcrkiye&#8217;de hane halk\u0131n\u0131n durumu o kadar k\u00f6t\u00fc de\u011fil. E\u011fer hakikaten hane halk\u0131 \u00e7ok fazla bor\u00e7lu de\u011filse, faizler d\u00fc\u015f\u00fcyorsa ve servette bir erime yoksa normalle\u015fme d\u00f6nemi ba\u015flay\u0131nca hane halk\u0131 tekrar eski g\u00fcnlerine d\u00f6ner, ekonomiyi destekleyici olur.<br \/>\n* T\u00fcrkiye&#8217;de hane halk\u0131n\u0131n temeli sa\u011flam. ABD&#8217;de hane halk\u0131 borsada ve konut piyasas\u0131nda 20 trilyon dolar kaybetti. T\u00fcrkiye&#8217;de ise b\u00f6yle bir erime s\u00f6z konusu olmad\u0131.<br \/>\n* Bir\u00e7ok d\u00fcnya \u00fclkesi b\u00fcy\u00fck paketler a\u00e7\u0131klad\u0131. O paketlerin arkas\u0131nda bankalar\u0131n kurtar\u0131lmas\u0131, bankalar\u0131n y\u00fck\u00fcml\u00fcl\u00fcklerinin garantisi vard\u0131. Ama T\u00fcrkiye&#8217;de \u00f6yle bir sorun yoktu ki biz \u00f6yle bir paket a\u00e7\u0131klayal\u0131m. Bizim a\u00e7\u0131klad\u0131\u011f\u0131m\u0131z paket farkl\u0131.<br \/>\n* E\u011fer bankalar\u0131n\u0131z sa\u011flamsa krizden \u00e7\u0131k\u0131\u015fla birlikte kredi mekanizmas\u0131 h\u0131zl\u0131 bir \u015fekilde \u00e7al\u0131\u015f\u0131r ve T\u00fcrkiye i\u00e7in \u00f6nemli bir art\u0131d\u0131r. E\u011fer T\u00fcrkiye&#8217;de bankalar zapturapt alt\u0131nda tutulmu\u015fsa, iyi denetlenip iyi g\u00f6zetlenmi\u015fse, bankalar sa\u011flam durmu\u015fsa bu T\u00fcrkiye i\u00e7in ba\u015fl\u0131 ba\u015f\u0131na bir kazan\u00e7t\u0131r. O anlamda T\u00fcrkiye&#8217;nin krizden az etkilendi\u011finin bir g\u00f6stergesidir.&#8221;<\/p>\n<p><strong>Sonra i\u015fin ciddiyetini anlat\u0131yor <\/strong><\/p>\n<p style=\"text-align: justify;\">\nDevlet Bakan\u0131 Mehmet \u015eim\u015fek&#8217;in &#8216;toz pembe&#8217; \u00e7izdi\u011fi tablonun tam tersini anlatan ifadeleri:<br \/>\n* Bankalara &#8216;toplad\u0131\u011f\u0131n\u0131z paralar\u0131 \u015fu fiyattan satacaks\u0131n, \u015fu adama satacaks\u0131n&#8217; diyemeyiz. Bu d\u00f6nem zor bir d\u00f6nem. Bankalar temkinli davran\u0131yor. Biz elimizden geldi\u011fince bankalar\u0131n elini rahatlat\u0131p bankalar size daha fazla destek olsun diye \u00e7al\u0131\u015f\u0131yoruz.<br \/>\n* 2009 y\u0131l\u0131nda tabii ki kamu finansman dengeleri biraz bozulacak. Neden? Ekonomik faaliyetlerde bir daralma ya\u015fand\u0131\u011f\u0131 i\u00e7in bizim gelirlerimizde bir azalma olacak. Bunun da bir kereli\u011fine k\u00fcresel \u015fokun etkisi olarak de\u011ferlendirilmesi gerekiyor. Nitekim de \u00f6yle&#8230; Bizim i\u00e7in burada \u00f6nemli olan orta vadeli mali disiplini korumak, mali s\u00fcrd\u00fcr\u00fclebilirli\u011fi \u00f6n planda tutmak. Ama ayn\u0131 zamanda b\u00f6ylesine bir kriz ortam\u0131nda da m\u00fcmk\u00fcn oldu\u011funca reel sekt\u00f6r\u00fc destekleyici olmak&#8230;<br \/>\n* K\u00fcresel kriz, di\u011fer \u00fclkelerde finans ve reel sekt\u00f6r aras\u0131nda kar\u015f\u0131l\u0131kl\u0131 bir etkile\u015fime neden olurken, T\u00fcrkiye gibi \u00fclkelerde d\u0131\u015f ticaret ve beklentiler kanal\u0131yla do\u011frudan do\u011fruya reel ekonomiyi etkilemeye ba\u015flad\u0131.<br \/>\n* Reel ekonomideki k\u00f6t\u00fcle\u015fme uzun bir s\u00fcre devam ederse finans sekt\u00f6r\u00fcn\u00fc de etkiler.<br \/>\n* B\u00fct\u00fcn d\u00fcnyada ticarette, ekonomide bir daralma var. Kriz \u00f6ncesinde risk i\u015ftah\u0131 \u00e7ok y\u00fcksekti k\u00fcresel krizle birlikte bu i\u015ftahta daralma ya\u015fand\u0131. Kriz T\u00fcrkiye&#8217;yi d\u0131\u015f ticaret, finansman ve beklentiler kanal\u0131ndan etkiledi.<br \/>\n* Kriz derinle\u015fince T\u00fcrkiye&#8217;nin riskinde bir d\u00fc\u015f\u00fc\u015f oldu.<br \/>\n* E\u011fer biz enflasyondaki d\u00fc\u015f\u00fc\u015f\u00fc sa\u011flay\u0131p kal\u0131c\u0131 bir \u015fekilde faizleri bu seviyelerde tutabilirsek mutlaka eninde sonunda bu reel sekt\u00f6re yans\u0131yacak. Yans\u0131malar\u0131 da mutlaka ba\u015flam\u0131\u015ft\u0131r&#8221; g\u00f6r\u00fc\u015f\u00fcn\u00fc dile getirdi.\n<\/p>\n<p style=\"text-align: justify;\"><span style=\"color: #888888;\">Kaynak : Radikal<\/span><\/p>\n<p style=\"text-align: justify;\">\n","protected":false},"excerpt":{"rendered":"<p style=\"text-align: center;\">\n<p style=\"text-align: center;\">\n<p style=\"text-align: justify;\">\u015eim\u015fek bir yandan, &#8216;Hane halk\u0131n\u0131n durumu iyi. Bankalar\u0131n durumu iyi. \u00d6zel sekt\u00f6r\u00fcn durumundan da korkulacak bir durum yok&#8217; derken, \u00f6te taraftan, &#8216;Reel ekonomideki k\u00f6t\u00fcle\u015fme uzun s\u00fcrerse finans sekt\u00f6r\u00fc de etkilenir diyor.<\/p>\n<p style=\"text-align: justify;\"> Devlet Bakan\u0131 Mehmet \u015eim\u015fek, ekonomide gelinen son noktaya ili\u015fkin yapt\u0131\u011f\u0131 a\u00e7\u0131klamalarda \u00e7eli\u015fkili ifadelerle <\/p>\n","protected":false},"author":1,"featured_media":0,"comment_status":"open","ping_status":"closed","sticky":false,"template":"","format":"standard","meta":{"footnotes":""},"categories":[7],"tags":[],"class_list":["post-35727","post","type-post","status-publish","format-standard","hentry","category-ekonomi","odd"],"_links":{"self":[{"href":"http:\/\/www.korhanyilmaz.com\/index.php?rest_route=\/wp\/v2\/posts\/35727","targetHints":{"allow":["GET"]}}],"collection":[{"href":"http:\/\/www.korhanyilmaz.com\/index.php?rest_route=\/wp\/v2\/posts"}],"about":[{"href":"http:\/\/www.korhanyilmaz.com\/index.php?rest_route=\/wp\/v2\/types\/post"}],"author":[{"embeddable":true,"href":"http:\/\/www.korhanyilmaz.com\/index.php?rest_route=\/wp\/v2\/users\/1"}],"replies":[{"embeddable":true,"href":"http:\/\/www.korhanyilmaz.com\/index.php?rest_route=%2Fwp%2Fv2%2Fcomments&post=35727"}],"version-history":[{"count":0,"href":"http:\/\/www.korhanyilmaz.com\/index.php?rest_route=\/wp\/v2\/posts\/35727\/revisions"}],"wp:attachment":[{"href":"http:\/\/www.korhanyilmaz.com\/index.php?rest_route=%2Fwp%2Fv2%2Fmedia&parent=35727"}],"wp:term":[{"taxonomy":"category","embeddable":true,"href":"http:\/\/www.korhanyilmaz.com\/index.php?rest_route=%2Fwp%2Fv2%2Fcategories&post=35727"},{"taxonomy":"post_tag","embeddable":true,"href":"http:\/\/www.korhanyilmaz.com\/index.php?rest_route=%2Fwp%2Fv2%2Ftags&post=35727"}],"curies":[{"name":"wp","href":"https:\/\/api.w.org\/{rel}","templated":true}]}}