{"id":35725,"date":"2009-04-06T21:39:10","date_gmt":"2009-04-06T18:39:10","guid":{"rendered":"http:\/\/www.korhanyilmaz.com\/?p=7881"},"modified":"2009-04-06T21:39:10","modified_gmt":"2009-04-06T18:39:10","slug":"ahmedinejad-obamaya-yanit-verdi-2","status":"publish","type":"post","link":"http:\/\/www.korhanyilmaz.com\/?p=35725","title":{"rendered":"Ahmedinejad Obama&#039;ya yan\u0131t verdi"},"content":{"rendered":"<p style=\"text-align: center;\"><img loading=\"lazy\" decoding=\"async\" class=\"aligncenter size-full wp-image-7882\" title=\"Ahmedinejad Obama'ya yan\u0131t verdi\" src=\"http:\/\/www.korhanyilmaz.com\/wp-content\/uploads\/2009\/04\/ahmedinejad.jpg\" alt=\"Ahmedinejad Obama'ya yan\u0131t verdi\" width=\"352\" height=\"184\" \/><\/p>\n<p style=\"text-align: justify;\"><strong>\u0130ran lideri Obama&#8217;n\u0131n T\u00fcrkiye ziyaretindeki mesajlar\u0131n\u0131 de\u011ferlendirdi.<\/strong><\/p>\n<p style=\"text-align: justify;\">\u0130ran Cumhurba\u015fkan\u0131 Mahmud Ahmedinejad, t\u00fcm d\u00fcnyan\u0131n de\u011fi\u015fim s\u00fcrecini ya\u015fad\u0131\u011f\u0131n\u0131 s\u00f6yledi ve ABD&#8217;nin de\u011fi\u015fim politikalar\u0131na olumlu yakla\u015facaklar\u0131n\u0131 bildirdi.<\/p>\n<p style=\"text-align: justify;\">\u0130ran Devlet Televizyonu&#8217;nun haberine g\u00f6re Mahmud Ahmedinejad, Kazakistan ziyareti s\u0131ras\u0131nda gazetecilere yapt\u0131\u011f\u0131 a\u00e7\u0131klamada, ABD Ba\u015fkan\u0131 Barack Obama&#8217;n\u0131n T\u00fcrkiye&#8217;deki konu\u015fmas\u0131nda \u0130ran&#8217;a verdi\u011fi mesaja de\u011findi.<!--more--><\/p>\n<p style=\"text-align: justify;\">Obama&#8217;n\u0131n, &#8221;dostluk elini \u0130ran&#8217;a uzatmas\u0131n\u0131&#8221; de\u011ferlendiren Ahmedinejad, &#8221;Politikalardaki de\u011fi\u015fiklikler h\u0131zl\u0131 bir bi\u00e7imde olmal\u0131. Hepimiz biliyoruz ki d\u00fcnyadaki geli\u015fmeler ve de\u011fi\u015fimler bekleyecek de\u011fil. ABD&#8217;nin siyasetlerinde temel ve ger\u00e7ek de\u011fi\u015fikli\u011fe gitmesini olumlu kar\u015f\u0131lar\u0131z&#8221; dedi.<\/p>\n<p style=\"text-align: justify;\">Ahmedinejad, &#8221;De\u011fi\u015fim konusu tabii ki uluslararas\u0131 bir konudur. T\u00fcm d\u00fcnya, iktidarlar\u0131n politikalar\u0131, idari kurum ve kurulu\u015flar aras\u0131ndaki ili\u015fkiler, halklar aras\u0131ndaki diyalog ve di\u011fer bir\u00e7ok alanda de\u011fi\u015fikli\u011fe gidilmesini istiyor&#8221; diye konu\u015ftu.<\/p>\n<p style=\"text-align: justify;\">\u0130ran Cumhurba\u015fkan\u0131, bir s\u00fcre \u00f6nceki a\u00e7\u0131klamas\u0131nda da yeni Beyaz Saray y\u00f6netiminin \u0130ran&#8217;a y\u00f6nelik politikalar\u0131nda de\u011fi\u015fikli\u011fe gitmesi durumunda bu \u00fclkeyle m\u00fczakerelerde bulunabileceklerini s\u00f6ylemi\u015fti.<\/p>\n<p style=\"text-align: justify;\"><span style=\"color: #888888;\">AA<\/span><\/p>\n","protected":false},"excerpt":{"rendered":"<p style=\"text-align: center;\">\n<p style=\"text-align: justify;\">\u0130ran lideri Obama&#8217;n\u0131n T\u00fcrkiye ziyaretindeki mesajlar\u0131n\u0131 de\u011ferlendirdi.<\/p>\n<p style=\"text-align: justify;\">\u0130ran Cumhurba\u015fkan\u0131 Mahmud Ahmedinejad, t\u00fcm d\u00fcnyan\u0131n de\u011fi\u015fim s\u00fcrecini ya\u015fad\u0131\u011f\u0131n\u0131 s\u00f6yledi ve ABD&#8217;nin de\u011fi\u015fim politikalar\u0131na olumlu yakla\u015facaklar\u0131n\u0131 bildirdi.<\/p>\n<p style=\"text-align: justify;\">\u0130ran Devlet Televizyonu&#8217;nun haberine g\u00f6re Mahmud Ahmedinejad, Kazakistan ziyareti s\u0131ras\u0131nda gazetecilere yapt\u0131\u011f\u0131 a\u00e7\u0131klamada, ABD Ba\u015fkan\u0131 Barack Obama&#8217;n\u0131n T\u00fcrkiye&#8217;deki konu\u015fmas\u0131nda \u0130ran&#8217;a verdi\u011fi mesaja <\/p>\n","protected":false},"author":1,"featured_media":0,"comment_status":"open","ping_status":"closed","sticky":false,"template":"","format":"standard","meta":{"footnotes":""},"categories":[3],"tags":[],"class_list":["post-35725","post","type-post","status-publish","format-standard","hentry","category-dunya","odd"],"_links":{"self":[{"href":"http:\/\/www.korhanyilmaz.com\/index.php?rest_route=\/wp\/v2\/posts\/35725","targetHints":{"allow":["GET"]}}],"collection":[{"href":"http:\/\/www.korhanyilmaz.com\/index.php?rest_route=\/wp\/v2\/posts"}],"about":[{"href":"http:\/\/www.korhanyilmaz.com\/index.php?rest_route=\/wp\/v2\/types\/post"}],"author":[{"embeddable":true,"href":"http:\/\/www.korhanyilmaz.com\/index.php?rest_route=\/wp\/v2\/users\/1"}],"replies":[{"embeddable":true,"href":"http:\/\/www.korhanyilmaz.com\/index.php?rest_route=%2Fwp%2Fv2%2Fcomments&post=35725"}],"version-history":[{"count":0,"href":"http:\/\/www.korhanyilmaz.com\/index.php?rest_route=\/wp\/v2\/posts\/35725\/revisions"}],"wp:attachment":[{"href":"http:\/\/www.korhanyilmaz.com\/index.php?rest_route=%2Fwp%2Fv2%2Fmedia&parent=35725"}],"wp:term":[{"taxonomy":"category","embeddable":true,"href":"http:\/\/www.korhanyilmaz.com\/index.php?rest_route=%2Fwp%2Fv2%2Fcategories&post=35725"},{"taxonomy":"post_tag","embeddable":true,"href":"http:\/\/www.korhanyilmaz.com\/index.php?rest_route=%2Fwp%2Fv2%2Ftags&post=35725"}],"curies":[{"name":"wp","href":"https:\/\/api.w.org\/{rel}","templated":true}]}}