{"id":35723,"date":"2009-04-06T09:00:25","date_gmt":"2009-04-06T06:00:25","guid":{"rendered":"http:\/\/www.korhanyilmaz.com\/?p=7819"},"modified":"2009-04-06T09:00:25","modified_gmt":"2009-04-06T06:00:25","slug":"italyada-deprem-en-az-13-olu-2","status":"publish","type":"post","link":"http:\/\/www.korhanyilmaz.com\/?p=35723","title":{"rendered":"\u0130talya&#039;da deprem: En az 13 \u00f6l\u00fc"},"content":{"rendered":"<p style=\"text-align: center;\"><img loading=\"lazy\" decoding=\"async\" class=\"aligncenter size-full wp-image-7820\" src=\"http:\/\/www.korhanyilmaz.com\/wp-content\/uploads\/2009\/04\/170220091357047523637.jpg\" alt=\"\" width=\"333\" height=\"210\" \/><\/p>\n<p style=\"text-align: center;\">\n<p style=\"text-align: justify;\"><strong>\u0130talya&#8217;da merkez \u00fcss\u00fc Abruzzo ve b\u00fcy\u00fckl\u00fc\u011f\u00fc 5,8 olarak a\u00e7\u0131klanan deprem \u015fu ana dek 13 ki\u015finin ya\u015fam\u0131n\u0131 yitirmesine yol a\u00e7t\u0131.<\/strong><\/p>\n<p style=\"text-align: justify;\"><strong><\/strong><br \/>\nB\u00f6lgede enkaz kald\u0131rma \u00e7al\u0131\u015fmalar\u0131 s\u00fcrerken, can kayb\u0131 say\u0131s\u0131n\u0131n artmas\u0131ndan endi\u015fe ediliyor.<br \/>\n\u0130talyan yetkililer, Aquila yak\u0131nlar\u0131ndaki Fossa beldesinde iki ki\u015finin deprem neticesinde hayatlar\u0131n\u0131 kaybettiklerini a\u00e7\u0131klad\u0131. Aquila kentinde ise enkaz alt\u0131ndan \u00e7\u0131kar\u0131larak hastaneye kald\u0131r\u0131lan d\u00f6rt \u00e7ocu\u011fun \u00f6ld\u00fc\u011f\u00fc belirtildi. <!--more--><br \/>\nJandarma yetkilileri Castelnuovo&#8217;da be\u015f, Poggio Picenze ve Tormintarte&#8217;de ise birer ki\u015finin hayat\u0131n\u0131 kaybetti\u011fini bildirdiler.<br \/>\nBa\u015fkent Roma&#8217;da da yo\u011fun bi\u00e7imde hissedilen deprem, Aquila ve civar beldelerde halk\u0131n TS\u0130 04.30&#8217;dan itibaren sokakta beklemesine yol a\u00e7m\u0131\u015ft\u0131.\n<\/p>\n<p style=\"text-align: justify;\">Aquila&#8217;da \u00f6\u011frenci yurdunun bir b\u00f6l\u00fcm\u00fcn\u00fcn yan\u0131 s\u0131ra baz\u0131 binalar\u0131n y\u0131k\u0131lmas\u0131na yol a\u00e7an depremin ard\u0131ndan, enkaz kald\u0131rma \u00e7al\u0131\u015fmalar\u0131 s\u00fcr\u00fcyor. Yetkililer can kayb\u0131n\u0131n artmas\u0131ndan endi\u015fe ettiklerini ifade ediyorlar.<\/p>\n<p style=\"text-align: justify;\"><span style=\"color: #888888;\">AA<\/span><\/p>\n","protected":false},"excerpt":{"rendered":"<p style=\"text-align: center;\">\n<p style=\"text-align: center;\">\n<p style=\"text-align: justify;\">\u0130talya&#8217;da merkez \u00fcss\u00fc Abruzzo ve b\u00fcy\u00fckl\u00fc\u011f\u00fc 5,8 olarak a\u00e7\u0131klanan deprem \u015fu ana dek 13 ki\u015finin ya\u015fam\u0131n\u0131 yitirmesine yol a\u00e7t\u0131.<\/p>\n<p style=\"text-align: justify;\"> B\u00f6lgede enkaz kald\u0131rma \u00e7al\u0131\u015fmalar\u0131 s\u00fcrerken, can kayb\u0131 say\u0131s\u0131n\u0131n artmas\u0131ndan endi\u015fe ediliyor. \u0130talyan yetkililer, Aquila yak\u0131nlar\u0131ndaki Fossa beldesinde iki ki\u015finin deprem neticesinde hayatlar\u0131n\u0131 kaybettiklerini a\u00e7\u0131klad\u0131. Aquila <\/p>\n","protected":false},"author":1,"featured_media":0,"comment_status":"open","ping_status":"closed","sticky":false,"template":"","format":"standard","meta":{"footnotes":""},"categories":[3],"tags":[],"class_list":["post-35723","post","type-post","status-publish","format-standard","hentry","category-dunya","odd"],"_links":{"self":[{"href":"http:\/\/www.korhanyilmaz.com\/index.php?rest_route=\/wp\/v2\/posts\/35723","targetHints":{"allow":["GET"]}}],"collection":[{"href":"http:\/\/www.korhanyilmaz.com\/index.php?rest_route=\/wp\/v2\/posts"}],"about":[{"href":"http:\/\/www.korhanyilmaz.com\/index.php?rest_route=\/wp\/v2\/types\/post"}],"author":[{"embeddable":true,"href":"http:\/\/www.korhanyilmaz.com\/index.php?rest_route=\/wp\/v2\/users\/1"}],"replies":[{"embeddable":true,"href":"http:\/\/www.korhanyilmaz.com\/index.php?rest_route=%2Fwp%2Fv2%2Fcomments&post=35723"}],"version-history":[{"count":0,"href":"http:\/\/www.korhanyilmaz.com\/index.php?rest_route=\/wp\/v2\/posts\/35723\/revisions"}],"wp:attachment":[{"href":"http:\/\/www.korhanyilmaz.com\/index.php?rest_route=%2Fwp%2Fv2%2Fmedia&parent=35723"}],"wp:term":[{"taxonomy":"category","embeddable":true,"href":"http:\/\/www.korhanyilmaz.com\/index.php?rest_route=%2Fwp%2Fv2%2Fcategories&post=35723"},{"taxonomy":"post_tag","embeddable":true,"href":"http:\/\/www.korhanyilmaz.com\/index.php?rest_route=%2Fwp%2Fv2%2Ftags&post=35723"}],"curies":[{"name":"wp","href":"https:\/\/api.w.org\/{rel}","templated":true}]}}