{"id":35722,"date":"2009-04-05T18:32:50","date_gmt":"2009-04-05T15:32:50","guid":{"rendered":"http:\/\/www.korhanyilmaz.com\/?p=7814"},"modified":"2009-04-05T18:32:50","modified_gmt":"2009-04-05T15:32:50","slug":"obama-turkiye-abye-uye-olmali-2","status":"publish","type":"post","link":"http:\/\/www.korhanyilmaz.com\/?p=35722","title":{"rendered":"Obama: T\u00fcrkiye AB&#039;ye \u00fcye olmal\u0131"},"content":{"rendered":"<p style=\"text-align: center;\"><img loading=\"lazy\" decoding=\"async\" class=\"aligncenter size-full wp-image-7815\" src=\"http:\/\/www.korhanyilmaz.com\/wp-content\/uploads\/2009\/04\/fft28_mf150167.jpeg\" alt=\"\" width=\"306\" height=\"204\" \/><\/p>\n<p style=\"text-align: center;\">\n<p style=\"text-align: justify;\"><strong>ABD Ba\u015fkan\u0131 Obama ile Fransa Cumhurba\u015fkan\u0131 Sarkozy, T\u00fcrkiye&#8217;nin AB \u00fcyeli\u011fiyle ilgili ayn\u0131 fikirde de\u011fil.<\/strong><\/p>\n<p style=\"text-align: justify;\">ABD Ba\u015fkan\u0131 Barack Obama, AB&#8217;ye T\u00fcrkiye&#8217;nin \u00fcye olarak al\u0131nmas\u0131 \u00e7a\u011fr\u0131s\u0131nda bulundu. Ancak Sarkozy&#8217;i Obama&#8217;ya jet cevap verdi: Tam \u00fcyelik olmaz:<br \/>\nAB d\u00f6nem ba\u015fkanl\u0131\u011f\u0131n\u0131 y\u00fcr\u00fcten \u00c7ek Cumhuriyeti&#8217;nin ba\u015fkenti Prag&#8217;da bulunan Obama, T\u00fcrkiye&#8217;nin AB&#8217;ye al\u0131nmas\u0131n\u0131n \u0130slam d\u00fcnyas\u0131na olumlu bir sinyal olaca\u011f\u0131n\u0131 belirtti. <!--more--><\/p>\n<p style=\"text-align: justify;\">ABD Ba\u015fkan\u0131 Obama&#8217;n\u0131n T\u00fcrkiye, Avrupa Birli\u011fi&#8217;ne \u00fcye olarak kabul edilmesi \u00e7a\u011fr\u0131s\u0131na Fransa Cumhurba\u015fkan\u0131 Nicolas Sarkozy jet cevapla kar\u015f\u0131l\u0131k verdi. Sarkozy, T\u00fcrkiye&#8217;nin AB&#8217;ye tam \u00fcye olmas\u0131na kar\u015f\u0131 oldu\u011funu bir kez daha yineledi.<br \/>\nSarkozy, ABD Ba\u015fkan\u0131 Barack Obama&#8217;n\u0131n T\u00fcrkiye&#8217;nin AB&#8217;ye al\u0131nmas\u0131 y\u00f6n\u00fcndeki \u00e7a\u011fr\u0131s\u0131n\u0131n ard\u0131ndan Frans\u0131z TF1 kanal\u0131na yapt\u0131\u011f\u0131 a\u00e7\u0131klamada, T\u00fcrkiye&#8217;nin \u00fcyeli\u011fine kar\u015f\u0131 \u00e7\u0131kt\u0131\u011f\u0131n\u0131 tekrarlad\u0131 ve &#8220;Ba\u015fkan Obama ile dirsek dirse\u011fe \u00e7al\u0131\u015f\u0131yorum ama AB konusu s\u00f6z konusu oldu\u011funda buna karar vermek AB \u00fcyelerine d\u00fc\u015fer&#8221; dedi.\n<\/p>\n<p style=\"text-align: justify;\">T\u00fcrkiye&#8217;nin \u00fcyeli\u011fine hep kar\u015f\u0131 \u00e7\u0131kt\u0131\u011f\u0131n\u0131 ve bu tavr\u0131n\u0131 s\u00fcrd\u00fcrd\u00fc\u011f\u00fcn\u00fc belirten Sarkozy, &#8220;AB \u00fcyesi \u00fclkelerin b\u00fcy\u00fck bir \u00e7o\u011funlu\u011funun da Fransa&#8217;n\u0131n tavr\u0131 \u00e7izgisinde oldu\u011funu san\u0131yorum. T\u00fcrkiye \u00e7ok b\u00fcy\u00fck bir \u00fclke, hem Avrupa&#8217;n\u0131n, hem de ABD&#8217;nin m\u00fcttefiki. \u0130mtiyazl\u0131 bir ortak olarak kalmal\u0131d\u0131r, tavr\u0131m de\u011fi\u015fmedi&#8221; diye konu\u015ftu.<\/p>\n<p style=\"text-align: justify;\"><span style=\"color: #888888;\">Kaynak : Radikal<\/span><\/p>\n","protected":false},"excerpt":{"rendered":"<p style=\"text-align: center;\">\n<p style=\"text-align: center;\">\n<p style=\"text-align: justify;\">ABD Ba\u015fkan\u0131 Obama ile Fransa Cumhurba\u015fkan\u0131 Sarkozy, T\u00fcrkiye&#8217;nin AB \u00fcyeli\u011fiyle ilgili ayn\u0131 fikirde de\u011fil.<\/p>\n<p style=\"text-align: justify;\">ABD Ba\u015fkan\u0131 Barack Obama, AB&#8217;ye T\u00fcrkiye&#8217;nin \u00fcye olarak al\u0131nmas\u0131 \u00e7a\u011fr\u0131s\u0131nda bulundu. Ancak Sarkozy&#8217;i Obama&#8217;ya jet cevap verdi: Tam \u00fcyelik olmaz: AB d\u00f6nem ba\u015fkanl\u0131\u011f\u0131n\u0131 y\u00fcr\u00fcten \u00c7ek Cumhuriyeti&#8217;nin ba\u015fkenti Prag&#8217;da bulunan Obama, T\u00fcrkiye&#8217;nin <\/p>\n","protected":false},"author":1,"featured_media":0,"comment_status":"open","ping_status":"closed","sticky":false,"template":"","format":"standard","meta":{"footnotes":""},"categories":[3],"tags":[],"class_list":["post-35722","post","type-post","status-publish","format-standard","hentry","category-dunya","odd"],"_links":{"self":[{"href":"http:\/\/www.korhanyilmaz.com\/index.php?rest_route=\/wp\/v2\/posts\/35722","targetHints":{"allow":["GET"]}}],"collection":[{"href":"http:\/\/www.korhanyilmaz.com\/index.php?rest_route=\/wp\/v2\/posts"}],"about":[{"href":"http:\/\/www.korhanyilmaz.com\/index.php?rest_route=\/wp\/v2\/types\/post"}],"author":[{"embeddable":true,"href":"http:\/\/www.korhanyilmaz.com\/index.php?rest_route=\/wp\/v2\/users\/1"}],"replies":[{"embeddable":true,"href":"http:\/\/www.korhanyilmaz.com\/index.php?rest_route=%2Fwp%2Fv2%2Fcomments&post=35722"}],"version-history":[{"count":0,"href":"http:\/\/www.korhanyilmaz.com\/index.php?rest_route=\/wp\/v2\/posts\/35722\/revisions"}],"wp:attachment":[{"href":"http:\/\/www.korhanyilmaz.com\/index.php?rest_route=%2Fwp%2Fv2%2Fmedia&parent=35722"}],"wp:term":[{"taxonomy":"category","embeddable":true,"href":"http:\/\/www.korhanyilmaz.com\/index.php?rest_route=%2Fwp%2Fv2%2Fcategories&post=35722"},{"taxonomy":"post_tag","embeddable":true,"href":"http:\/\/www.korhanyilmaz.com\/index.php?rest_route=%2Fwp%2Fv2%2Ftags&post=35722"}],"curies":[{"name":"wp","href":"https:\/\/api.w.org\/{rel}","templated":true}]}}