{"id":35719,"date":"2009-04-02T17:55:02","date_gmt":"2009-04-02T14:55:02","guid":{"rendered":"http:\/\/www.korhanyilmaz.com\/?p=7462"},"modified":"2009-04-02T17:55:02","modified_gmt":"2009-04-02T14:55:02","slug":"g-20-zirvesinde-erdogan-obamanin-yani-basinda-2","status":"publish","type":"post","link":"http:\/\/www.korhanyilmaz.com\/?p=35719","title":{"rendered":"G-20 zirvesinde Erdo\u011fan, Obama&#039;n\u0131n yan\u0131 ba\u015f\u0131nda"},"content":{"rendered":"<p style=\"text-align: center;\"><img loading=\"lazy\" decoding=\"async\" class=\"aligncenter size-full wp-image-7463\" title=\"G-20 zirvesinde Erdo\u011fan, Obama'n\u0131n yan\u0131 ba\u015f\u0131nda \" src=\"http:\/\/www.korhanyilmaz.com\/wp-content\/uploads\/2009\/04\/fft28_mf148353.jpeg\" alt=\"G-20 zirvesinde Erdo\u011fan, Obama'n\u0131n yan\u0131 ba\u015f\u0131nda \" width=\"306\" height=\"204\" \/><\/p>\n<p style=\"text-align: center;\">\n<p style=\"text-align: justify;\"><strong>Ba\u015fbakan Erdo\u011fan, G-20 zirvesinde ABD Ba\u015fkan\u0131 Obama, Almanya, \u0130spanya ve Hollanda ba\u015fbakanlar\u0131yla g\u00f6r\u00fc\u015ft\u00fc. Brezilya Devlet Ba\u015fkan\u0131 Lula Erdo\u011fan&#8217;\u0131 \u00fclkesine davet etti.<\/strong><\/p>\n<p style=\"text-align: justify;\">G-20 \u00fclkelerinin devlet ve h\u00fck\u00fcmet ba\u015fkanlar\u0131n\u0131n Londra&#8217;da yapt\u0131klar\u0131 zirveye kat\u0131lan Ba\u015fbakan Recep Tayyip Erdo\u011fan&#8217;\u0131n ABD Ba\u015fkan\u0131 Barack Obama, Almanya Ba\u015fbakan\u0131 Angela Merkel, \u0130spanya Ba\u015fbakan\u0131 Jose Luis Rodriguez Zapatero ve Hollanda Ba\u015fbakan\u0131 Jan Peter Balkenende ile ayak\u00fcst\u00fc ger\u00e7ekle\u015ftirdi\u011fi &#8220;mini zirve&#8221; s\u0131ras\u0131nda, G-20, k\u00fcresel ekonomi ve NATO konular\u0131n\u0131 g\u00f6r\u00fc\u015ft\u00fc\u011f\u00fc \u00f6\u011frenildi.<br \/>\nBu arada T\u00fcrkiye&#8217;nin G20 zirvesinin teknik d\u00fczeydeki haz\u0131rl\u0131k toplant\u0131lar\u0131nda b\u00fcrokratlar\u0131 ve bakanlar\u0131 arac\u0131l\u0131\u011f\u0131yla zirvenin sonu\u00e7 bildirgesinde yer almas\u0131 talebiyle iletti\u011fi hususlar\u0131n b\u00fcy\u00fck k\u0131sm\u0131n\u0131n sonu\u00e7 bildirisinde yer alaca\u011f\u0131 belirtildi. <!--more--><\/p>\n<p style=\"text-align: justify;\">Bunlar\u0131n aras\u0131nda, Uluslararas\u0131 Para Fonunun (IMF) fonksiyon ve b\u00fct\u00e7esinin geni\u015fletilmesi, bu b\u00fct\u00e7enin kullan\u0131m alan\u0131nda geni\u015fleme sa\u011flanmas\u0131, yap\u0131lacak yap\u0131sal de\u011fi\u015fiklikler, G20&#8217;nin yap\u0131sal durumu ve gelece\u011fiyle ilgili \u00f6nerilerin bulundu\u011fu ifade edildi. T\u00fcrkiye&#8217;nin ayr\u0131ca korumac\u0131l\u0131\u011f\u0131n d\u00fcnya ekonomisine zarar verdi\u011fi konusundaki g\u00f6r\u00fc\u015f\u00fcn\u00fc de G20 liderlerine iletti\u011fi kaydedildi.<br \/>\nBu konularda Ba\u015fbakan Recep Tayyip Erdo\u011fan&#8217;\u0131n da liderlerle yapt\u0131\u011f\u0131 g\u00f6r\u00fc\u015fmelerde d\u00fcnyadaki ekonomik krizin \u00e7\u00f6z\u00fclebilmesi i\u00e7in bu de\u011fi\u015fikliklerin hem G20 hem de IMF d\u00fczeyinde ger\u00e7ekle\u015ftirilmesi gerekti\u011fini vurgulad\u0131\u011f\u0131 belirtildi.<\/p>\n<p style=\"text-align: justify;\">Ba\u015fbakan Erdo\u011fan&#8217;\u0131n ayr\u0131ca bu sabah ABD Ba\u015fkan\u0131 Obama ile T\u00fcrkiye&#8217;ye yapaca\u011f\u0131 ziyaretle ilgili k\u0131sa bir konu\u015fma da yapt\u0131\u011f\u0131 bildirildi. Erdo\u011fan&#8217;\u0131n Obama&#8217;ya, kendisini T\u00fcrkiye&#8217;ye beklediklerini s\u00f6yledi\u011fi, Obama&#8217;n\u0131n da bu ziyareti ger\u00e7ekle\u015ftiriyor olmaktan duydu\u011fu memnuniyeti dile getirdi\u011fi ifade edildi.<br \/>\nBu arada Ba\u015fbakan Erdo\u011fan&#8217;\u0131n d\u00fcn ak\u015fam Krali\u00e7e II. Elizabeth&#8217;in davetine kat\u0131ld\u0131\u011f\u0131 s\u0131rada Krali\u00e7e ve e\u015fiyle bir s\u00fcre sohbet etti\u011fi ve Kraliyet ailesinin T\u00fcrkiye&#8217;ye yapt\u0131\u011f\u0131 ziyaretin an\u0131lar\u0131na de\u011finildi\u011fi belirtildi. Erdo\u011fan&#8217;\u0131n davet s\u0131ras\u0131nda Suudi Arabistan Kral\u0131 Abdullah ile de sohbet etti\u011fi kaydedildi.<br \/>\nBa\u015fbakan Erdo\u011fan&#8217;\u0131n Downing Soka\u011f\u0131&#8217;ndaki Ba\u015fbakanl\u0131k konutunda verilen yemek s\u0131ras\u0131nda da pek \u00e7ok liderle ayak\u00fcst\u00fc sohbet etti\u011fi, bu \u00e7er\u00e7evede g\u00f6r\u00fc\u015ft\u00fc\u011f\u00fc Brezilya Devlet Ba\u015fkan\u0131 Luiz \u0130nnacio Lula de Silva&#8217;n\u0131n Erdo\u011fan&#8217;\u0131 Brezilya&#8217;ya davet etti\u011fi \u00f6\u011frenildi.\n<\/p>\n<p style=\"text-align: justify;\">Bu arada Ba\u015fbakan Erdo\u011fan&#8217;\u0131n sabah Avustralya Ba\u015fbakan\u0131 Kevin Rudd ile bir g\u00f6r\u00fc\u015fme ger\u00e7ekle\u015ftirdi\u011fi a\u00e7\u0131kland\u0131. Ba\u015fbakan Erdo\u011fan&#8217;\u0131n \u00f6\u011fleden sonra da G20 zirvesine kat\u0131lan IMF ba\u015fkan\u0131yla bir g\u00f6r\u00fc\u015fme ger\u00e7ekle\u015ftirmesinin beklendi\u011fi bildirildi.<\/p>\n<p style=\"text-align: justify;\"><span style=\"color: #888888;\">AA<\/span><\/p>\n","protected":false},"excerpt":{"rendered":"<p style=\"text-align: center;\">\n<p style=\"text-align: center;\">\n<p style=\"text-align: justify;\">Ba\u015fbakan Erdo\u011fan, G-20 zirvesinde ABD Ba\u015fkan\u0131 Obama, Almanya, \u0130spanya ve Hollanda ba\u015fbakanlar\u0131yla g\u00f6r\u00fc\u015ft\u00fc. Brezilya Devlet Ba\u015fkan\u0131 Lula Erdo\u011fan&#8217;\u0131 \u00fclkesine davet etti.<\/p>\n<p style=\"text-align: justify;\">G-20 \u00fclkelerinin devlet ve h\u00fck\u00fcmet ba\u015fkanlar\u0131n\u0131n Londra&#8217;da yapt\u0131klar\u0131 zirveye kat\u0131lan Ba\u015fbakan Recep Tayyip Erdo\u011fan&#8217;\u0131n ABD Ba\u015fkan\u0131 Barack Obama, Almanya Ba\u015fbakan\u0131 Angela Merkel, \u0130spanya Ba\u015fbakan\u0131 <\/p>\n","protected":false},"author":1,"featured_media":0,"comment_status":"open","ping_status":"closed","sticky":false,"template":"","format":"standard","meta":{"footnotes":""},"categories":[3],"tags":[],"class_list":["post-35719","post","type-post","status-publish","format-standard","hentry","category-dunya","odd"],"_links":{"self":[{"href":"http:\/\/www.korhanyilmaz.com\/index.php?rest_route=\/wp\/v2\/posts\/35719","targetHints":{"allow":["GET"]}}],"collection":[{"href":"http:\/\/www.korhanyilmaz.com\/index.php?rest_route=\/wp\/v2\/posts"}],"about":[{"href":"http:\/\/www.korhanyilmaz.com\/index.php?rest_route=\/wp\/v2\/types\/post"}],"author":[{"embeddable":true,"href":"http:\/\/www.korhanyilmaz.com\/index.php?rest_route=\/wp\/v2\/users\/1"}],"replies":[{"embeddable":true,"href":"http:\/\/www.korhanyilmaz.com\/index.php?rest_route=%2Fwp%2Fv2%2Fcomments&post=35719"}],"version-history":[{"count":0,"href":"http:\/\/www.korhanyilmaz.com\/index.php?rest_route=\/wp\/v2\/posts\/35719\/revisions"}],"wp:attachment":[{"href":"http:\/\/www.korhanyilmaz.com\/index.php?rest_route=%2Fwp%2Fv2%2Fmedia&parent=35719"}],"wp:term":[{"taxonomy":"category","embeddable":true,"href":"http:\/\/www.korhanyilmaz.com\/index.php?rest_route=%2Fwp%2Fv2%2Fcategories&post=35719"},{"taxonomy":"post_tag","embeddable":true,"href":"http:\/\/www.korhanyilmaz.com\/index.php?rest_route=%2Fwp%2Fv2%2Ftags&post=35719"}],"curies":[{"name":"wp","href":"https:\/\/api.w.org\/{rel}","templated":true}]}}