{"id":35717,"date":"2009-04-02T08:20:25","date_gmt":"2009-04-02T05:20:25","guid":{"rendered":"http:\/\/www.korhanyilmaz.com\/?p=7347"},"modified":"2009-04-02T08:20:25","modified_gmt":"2009-04-02T05:20:25","slug":"boga-bogazi-gecti-turkiyeyi-bogulmaya-birakti-2","status":"publish","type":"post","link":"http:\/\/www.korhanyilmaz.com\/?p=35717","title":{"rendered":"Bo\u011fa Bo\u011faz&#039;\u0131 ge\u00e7ti, T\u00fcrkiye&#039;yi bo\u011fulmaya b\u0131rakt\u0131"},"content":{"rendered":"<p style=\"text-align: center;\"><img loading=\"lazy\" decoding=\"async\" class=\"size-full wp-image-7348 aligncenter\" title=\"Bo\u011fa Bo\u011faz'\u0131 ge\u00e7ti, T\u00fcrkiye'yi bo\u011fulmaya b\u0131rakt\u0131\" src=\"http:\/\/www.korhanyilmaz.com\/wp-content\/uploads\/2009\/04\/fft5_mf148134.jpeg\" alt=\"Bo\u011fa Bo\u011faz'\u0131 ge\u00e7ti, T\u00fcrkiye'yi bo\u011fulmaya b\u0131rakt\u0131\" width=\"315\" height=\"202\" \/><\/p>\n<p style=\"text-align: justify;\"><strong>Avrupa \u015eampiyonu \u0130spanya \u00f6n\u00fcnde Semih&#8217;in gol\u00fcyle \u00f6ne ge\u00e7en T\u00fcrkiye, Alanso&#8217;nun penalt\u0131dan att\u0131\u011f\u0131 gole mani olamad\u0131. Son dakikada G\u00fciza&#8217;n\u0131n asistinde Riera Milli Tak\u0131m\u0131 y\u0131kt\u0131.<\/strong><\/p>\n<p style=\"text-align: justify;\">&#8216;Sahada 80 milyon olaca\u011f\u0131z&#8217; demi\u015f Fatih Hoca. O kadar kalabal\u0131kla gol atmak zor. &#8216;Tek y\u00fcrek olaca\u011f\u0131z&#8217; diyor reklamlar. Oysa b\u00f6yle bir 90 dakikaya tek y\u00fcrek yetmez ki, 11 ayr\u0131 y\u00fcrek laz\u0131m. &#8216;D\u00fcnya b\u00fcy\u00fck, biz de b\u00fcy\u00fc\u011f\u00fcz&#8217; diyorlar. Alt\u0131nsay d\u00fcn ne g\u00fczel s\u00f6ylemi\u015f. Futbolda aslolan &#8216;min\u00f6r&#8217;l\u00fckt\u00fcr. K\u00fc\u00e7\u00fck ayr\u0131nt\u0131larda, k\u0131sa zamanda, darac\u0131k yerlerden ge\u00e7en toplar gol olur. Tek bir tak\u0131m olmak da yetmez \u0130spanya kar\u015f\u0131s\u0131nda. Gerekti\u011finde farkl\u0131 farkl\u0131, onlarca tak\u0131m olabilmektir as\u0131l i\u015f. La ilahe illallah&#8217;\u00e7\u0131lar da Laila&#8217;c\u0131lar da ayn\u0131 sahay\u0131 payla\u015f\u0131rsa i\u015fler sistem. \u00c7\u00fcnk\u00fc \u00dcz\u00fclmez&#8217;le Xavi ayn\u0131 oyunun, ayn\u0131 dayan\u0131\u015fma duygusunun, ayn\u0131 &#8216;kooperatifin&#8217; par\u00e7as\u0131d\u0131r; hamasetin de\u011fil.<!--more--><\/p>\n<p style=\"text-align: justify;\">Ma\u00e7 i\u015fte tam da bu makamdan dem vurarak ba\u015flad\u0131. Sonradan sahip olmas\u0131 zor olur diye san\u0131r\u0131m, ilk 5 dakikada T\u00fcrkiye topa h\u00fckmetme konusunda \u00e7ok hevesliydi. Galiba \u0130spanya&#8217;n\u0131n T\u00fcrkiye&#8217;nin topla oyunda ne yapabilece\u011fini g\u00f6rmek istemesi de buna izin verdi. \u00c7ok s\u00fcrmedi bu. 13&#8217;te Riera&#8217;n\u0131n nefis \u015futunu Volkan&#8217;\u0131n parmak ucuyla defetmesiyle oyun dengelendi. K\u0131sa s\u00fcrede anlad\u0131k ki; mahallede top benim diye kimseye b\u0131rakmayan \u00e7ocuklar gibi Matadorlar yava\u015ftan oyun alan\u0131n\u0131 parselliyordu. Belli ki kontra pususunda kalmaya en fazla 15 dakika dayanabilmi\u015flerdi. 19&#8217;da Torres&#8217;in ka\u00e7\u0131rd\u0131\u011f\u0131n\u0131 Ay-Y\u0131ld\u0131zl\u0131lar ka\u00e7\u0131rsa muhtemelen semaya kocaman bir ah y\u00fckselirdi. Tam i\u015fler k\u00f6t\u00fcye gidiyor, \u0130spanyollar forse ediyor derken geldi 26&#8217;da T\u00fcrkiye&#8217;nin gol\u00fc. Sema o sese i\u015fte o an kavu\u015ftu. Arda&#8217;n\u0131n ak\u0131ll\u0131 ortas\u0131yla &#8216;d\u00fczen kar\u015f\u0131t\u0131&#8217; Tuncay (milimle ofsayttan) arkaya s\u0131zd\u0131. Hemen yan\u0131nda son vuru\u015f i\u00e7in bekleyen Semih de her zamanki gibi do\u011fru yer ve zaman\u0131 yine \u015fa\u015f\u0131rmam\u0131\u015ft\u0131: 1-0.<\/p>\n<p style=\"text-align: justify;\">Birden rehabilite oldu tak\u0131m. Yeniden \u00f6zg\u00fcvenli, istekli ve h\u0131rsl\u0131yd\u0131lar. 28&#8217;de Tuncay neredeyse bir vur-ka\u00e7 daha yapacakt\u0131, son anda \u00f6nledi \u0130spanyol defans\u0131 G\u00f6r\u00fcnen o ki, vars\u0131n top onlar\u0131n olsundu, \u00e7al\u0131\u015fkan olunca i\u015fler bir \u015fekilde iyi gidebiliyordu i\u015fte. Oyunun kurgusu da hafiften T\u00fcrkiye&#8217;ye uygun hale gelmeye ba\u015flam\u0131\u015ft\u0131. Ger\u00e7i 42&#8217;de Semih&#8217;in Nihat&#8217;a servis etti\u011fi \u015futa dek, Do\u011fu cephesinde yeni bir \u015fey yoktu, ama olsundu. Ataklar kar\u015f\u0131l\u0131kl\u0131 olarak paralize olduktan sonra kimsenin \u015fikayeti olmazd\u0131 Ali Sami Yen&#8217;de. Sorun filmin devam\u0131n\u0131n nas\u0131l geli\u015fece\u011fiydi. \u00c7\u00fcnk\u00fc \u0130spanya&#8217;ya kar\u015f\u0131 80&#8217;i g\u00f6rmeden pa\u00e7ay\u0131 s\u0131vamamak gerekiyordu.<\/p>\n<p style=\"text-align: justify;\"><strong>Ger\u00e7ekten Arda&#8217;y\u0131 seyrettik<\/strong><\/p>\n<p style=\"text-align: justify;\">\u0130kinci devre de T\u00fcrkiye kipinde ba\u015flad\u0131. 48&#8217;de Semih ve Arda&#8217;n\u0131n ince ince haz\u0131rlad\u0131\u011f\u0131 pozisyonu standart bir Nihat, Casillas falan demez tavana \u00e7ivilerdi. Yaz\u0131k oldu belki, yine de g\u00fcven art\u0131r\u0131c\u0131 bir etkisi vard\u0131. \u0130spanyollar ofsayt a\u011f\u0131ndan \u00e7\u0131kamad\u0131k\u00e7a bu durum daha da peki\u015fiyordu. Ta ki 60 d\u00f6n\u00fcl\u00fcrken gemi durduk yere su almaya ba\u015flay\u0131ncaya dek. Volkan-\u00dcz\u00fclmez sakarl\u0131\u011f\u0131 anlams\u0131z bir penalt\u0131 hediye edince Xabi Alonso cezay\u0131 \u00e7abuk kesti: <span style=\"color: #993300;\">1-1.<\/span><\/p>\n<p style=\"text-align: justify;\">Art\u0131k servis k\u0131rmas\u0131 gereken yeniden T\u00fcrkiye&#8217;ydi. \u0130spanya ise 70&#8217;deki gibi, &#8216;g\u00fcn\u00fcnde bir Torres&#8217;in ka\u00e7\u0131rmayaca\u011f\u0131 pozisyonlar\u0131 kolluyordu. 72&#8217;de G\u00f6khan&#8217;\u0131n harika ta\u015f\u0131d\u0131\u011f\u0131 topu Semih gol yapmal\u0131yd\u0131, \u00e7\u00fcnk\u00fc bu rakibe kar\u015f\u0131 bundan iyisi zor bulunuyordu. Neyse ki mukabiliyet esas\u0131 sayesinde Torres&#8217;in \u015futu da Volkan&#8217;da kald\u0131. Kalan b\u00f6l\u00fcmdeki taktik de\u011fi\u015fiklikler son hamle i\u00e7indi. Fakat 80&#8217;de Tuncay, 86&#8217;da Arda enfes oyunlar\u0131n\u0131 nihayete erdiremeyince, bir de \u00fcst\u00fcne Riera&#8217;n\u0131n 90 art\u0131daki kontras\u0131 gelince ma\u00e7 1-2&#8217;ye ba\u011fland\u0131. Biz burada Akdeniz havas\u0131n\u0131 koklayal\u0131m derken Bosna&#8217;da d\u00fc\u011f\u00fcn alay\u0131 kurulmaya ba\u015flam\u0131\u015ft\u0131 bile.<\/p>\n<p style=\"text-align: justify;\"><span style=\"color: #993300;\"><strong><span style=\"text-decoration: underline;\">MA\u00c7TAN NOTLAR<\/span><\/strong><\/span><\/p>\n<p style=\"text-align: justify;\">* 2010 D\u00fcnya Kupas\u0131 Avrupa elemeleri 5. Grup&#8217;ta T\u00fcrkiye ile \u0130spanya aras\u0131nda yap\u0131lan ma\u00e7ta, Ali Sami Yen Stad\u0131 tarihi g\u00fcnlerinden birini ya\u015fad\u0131. 23 bin ki\u015fi kapasiteli stad\u0131n trib\u00fcnleri tamamen dolarken, her koltu\u011fa birer adet olmak \u00fczere b\u0131rak\u0131lan T\u00fcrk bayraklar\u0131yla g\u00fczel g\u00f6r\u00fcnt\u00fcler olu\u015ftu. Ayr\u0131ca kar\u015f\u0131la\u015fma \u00f6ncesi statta y\u00fczlerce balon u\u00e7uruldu. Yakla\u015f\u0131k 200 \u0130spanyol taraftar\u0131 da eski a\u00e7\u0131k ve numaral\u0131 trib\u00fcnde kendilerine ayr\u0131lan b\u00f6l\u00fcmde tak\u0131mlar\u0131n\u0131 destekledi.<\/p>\n<p style=\"text-align: justify;\">* T\u00fcrkiye&#8217;nin, tarihinde kat\u0131ld\u0131\u011f\u0131 ilk D\u00fcnya Kupas\u0131 olan 1954&#8217;teki finallerde yer alan A Milli Tak\u0131m kadrosundan hayatta olanlar, kar\u015f\u0131la\u015fmay\u0131 trib\u00fcnden izledi. 1954 D\u00fcnya Kupas\u0131&#8217;na kat\u0131lmak i\u00e7in yap\u0131lan elemelerde \u0130spanya&#8217;ya kar\u015f\u0131 T\u00fcrk Milli Tak\u0131m\u0131 tarihindeki ilk ve tek galibiyeti alan milli tak\u0131m kadrosu, Futbol Federasyonu&#8217;nun davetlisi olarak ma\u00e7a geldi. 1954&#8217;teki milli tak\u0131m kadrosundan \u015e\u00fckr\u00fc Ersoy, Erol Keskin, Feridun Bugeker, Burhan Sarg\u0131n, Recep Adan\u0131r, B\u00fclent Eken, R\u0131dvan Bolatl\u0131 ve Suat Mamat, kar\u015f\u0131la\u015fmay\u0131 protokol trib\u00fcn\u00fc yan\u0131ndaki trib\u00fcnde kendilerine ayr\u0131lan b\u00f6l\u00fcmde takip etti.<\/p>\n<p style=\"text-align: justify;\">* Kar\u015f\u0131la\u015fma \u00f6ncesi seremoni s\u0131ras\u0131nda \u0130spanya Milli Mar\u015f\u0131, T\u00fcrk taraftarlar taraf\u0131ndan \u0131sl\u0131kland\u0131. \u0130spanya&#8217;da 28 Mart Cumartesi g\u00fcn\u00fc yap\u0131lan ma\u00e7ta \u0130stiklal Mar\u015f\u0131&#8217;n\u0131n bir grup \u0130spanyol taraf\u0131ndan \u0131sl\u0131klanmas\u0131na misilleme yapan T\u00fcrk futbolseverler, Ali Sami Yen Stad\u0131&#8217;ndaki r\u00f6van\u015fta \u0130spanyollar\u0131n mar\u015f\u0131n\u0131 \u0131sl\u0131klad\u0131. \u00d6nceki g\u00fcn \u0130spanya Futbol Federasyonu&#8217;nca, \u0130spanya&#8217;daki \u0131sl\u0131klama olay\u0131 i\u00e7in \u00f6z\u00fcr dilenmi\u015fti.<\/p>\n<p style=\"text-align: justify;\">* Fildi\u015fi Sahili-Malavi 2010 D\u00fcnya Kupas\u0131 eleme grubu ma\u00e7\u0131nda duvar \u00e7\u00f6kmesi sonucu hayat\u0131n\u0131 kaybeden sporseverlerin an\u0131s\u0131na ma\u00e7 \u00f6ncesi bir dakikal\u0131k sayg\u0131 duru\u015fu yap\u0131ld\u0131.<\/p>\n<p style=\"text-align: justify;\">* T\u00fcrk taraftarlar, trib\u00fcnlerde T\u00fcrk\u00e7e ve \u0130spanyolca pankartlar a\u00e7t\u0131. Yeni a\u00e7\u0131k trib\u00fcn\u00fcnde \u0130spanyolca olarak &#8216;Oh, Tanr\u0131m, T\u00fcrkler Geliyor&#8217; \u015feklinde pankart asan taraftarlar, ayr\u0131ca &#8216;Amans\u0131z asla pes etmez&#8217; ve &#8216;Ramos \u00fcz\u00fcl\u00fcr, \u0130brahim \u00dcz\u00fclmez&#8217; \u015feklinde pankartlarla millilere destek verdi.<\/p>\n<p style=\"text-align: justify;\">* Milli Tak\u0131mlar Teknik Direkt\u00f6r\u00fc Fatih Terim, ilk ma\u00e7taki ilk 11&#8217;de de\u011fi\u015fiklik yapmazken, cumartesi ak\u015famki ma\u00e7\u0131n aksine Nihat de\u011fil Tuncay kaptan olarak sahadayd\u0131. Volkan Demirel, Arda Turan, Hakan Balta ve G\u00f6khan \u00dcnal ise sahaya yan taraf\u0131nda &#8216;Amans\u0131z ol&#8217; yaz\u0131l\u0131 kramponlarla \u00e7\u0131kt\u0131.<\/p>\n<p style=\"text-align: justify;\">* \u0130spanya Teknik Direkt\u00f6r\u00fc Vicente Del Bosque, \u0130stanbul&#8217;da yap\u0131lan ma\u00e7ta, ilk 11&#8217;de \u00fc\u00e7 de\u011fi\u015fiklik yapt\u0131. \u0130spanya&#8217;daki ilk ma\u00e7ta ilk 11&#8217;de forma giyen Raul Albiol ve David Villa, d\u00fcn ak\u015fam kadroda yer almazken, Santiago Cazorla ise yedek soyundu. Del Bosque, bu oyuncular\u0131n yerine Carlos Marchena, David Silva ve Albert Riera&#8217;ya ilk 11&#8217;de g\u00f6rev verdi. \u0130lk ma\u00e7ta 18 ki\u015filik kadroda yer almayan Fenerbah\u00e7eli Daniel G\u00fciza ise 18 ki\u015filik kadroda yer ald\u0131.<\/p>\n<p style=\"text-align: justify;\">* Kar\u015f\u0131la\u015fmay\u0131 Devlet Bakan\u0131 Murat Ba\u015fesgio\u011flu ile Bay\u0131nd\u0131rl\u0131k ve \u0130skan Bakan\u0131 Faruk Nafiz \u00d6zak da protokol trib\u00fcn\u00fcnden izledi. UEFA Asba\u015fkan\u0131 \u015eenes Erzik, Futbol Federasyonu Ba\u015fkan\u0131 Mahmut \u00d6zgener ve baz\u0131 kul\u00fcp ba\u015fkanlar\u0131n\u0131n yan\u0131 s\u0131ra Efes Pilsen Basketbol Tak\u0131m\u0131&#8217;n\u0131n teknik heyet ve oyuncular\u0131 ma\u00e7\u0131 izleyenler aras\u0131ndayd\u0131. \u0130spanya&#8217;y\u0131 Avrupa \u015eampiyonu yapan ve \u015fu an Fenerbah\u00e7e&#8217;yi \u00e7al\u0131\u015ft\u0131ran Luis Aragones de ma\u00e7\u0131 trib\u00fcnden izledi.<\/p>\n<p style=\"text-align: justify;\"><span style=\"color: #808080;\">Kaynak : Ba\u011f\u0131\u015f Erten &#8211; Radikal<\/span><\/p>\n","protected":false},"excerpt":{"rendered":"<p style=\"text-align: center;\">\n<p style=\"text-align: justify;\">Avrupa \u015eampiyonu \u0130spanya \u00f6n\u00fcnde Semih&#8217;in gol\u00fcyle \u00f6ne ge\u00e7en T\u00fcrkiye, Alanso&#8217;nun penalt\u0131dan att\u0131\u011f\u0131 gole mani olamad\u0131. Son dakikada G\u00fciza&#8217;n\u0131n asistinde Riera Milli Tak\u0131m\u0131 y\u0131kt\u0131.<\/p>\n<p style=\"text-align: justify;\">&#8216;Sahada 80 milyon olaca\u011f\u0131z&#8217; demi\u015f Fatih Hoca. O kadar kalabal\u0131kla gol atmak zor. &#8216;Tek y\u00fcrek olaca\u011f\u0131z&#8217; diyor reklamlar. Oysa b\u00f6yle bir 90 dakikaya tek y\u00fcrek <\/p>\n","protected":false},"author":1,"featured_media":0,"comment_status":"open","ping_status":"closed","sticky":false,"template":"","format":"standard","meta":{"footnotes":""},"categories":[42],"tags":[],"class_list":["post-35717","post","type-post","status-publish","format-standard","hentry","category-spor","odd"],"_links":{"self":[{"href":"http:\/\/www.korhanyilmaz.com\/index.php?rest_route=\/wp\/v2\/posts\/35717","targetHints":{"allow":["GET"]}}],"collection":[{"href":"http:\/\/www.korhanyilmaz.com\/index.php?rest_route=\/wp\/v2\/posts"}],"about":[{"href":"http:\/\/www.korhanyilmaz.com\/index.php?rest_route=\/wp\/v2\/types\/post"}],"author":[{"embeddable":true,"href":"http:\/\/www.korhanyilmaz.com\/index.php?rest_route=\/wp\/v2\/users\/1"}],"replies":[{"embeddable":true,"href":"http:\/\/www.korhanyilmaz.com\/index.php?rest_route=%2Fwp%2Fv2%2Fcomments&post=35717"}],"version-history":[{"count":0,"href":"http:\/\/www.korhanyilmaz.com\/index.php?rest_route=\/wp\/v2\/posts\/35717\/revisions"}],"wp:attachment":[{"href":"http:\/\/www.korhanyilmaz.com\/index.php?rest_route=%2Fwp%2Fv2%2Fmedia&parent=35717"}],"wp:term":[{"taxonomy":"category","embeddable":true,"href":"http:\/\/www.korhanyilmaz.com\/index.php?rest_route=%2Fwp%2Fv2%2Fcategories&post=35717"},{"taxonomy":"post_tag","embeddable":true,"href":"http:\/\/www.korhanyilmaz.com\/index.php?rest_route=%2Fwp%2Fv2%2Ftags&post=35717"}],"curies":[{"name":"wp","href":"https:\/\/api.w.org\/{rel}","templated":true}]}}