{"id":35660,"date":"2009-01-24T11:03:47","date_gmt":"2009-01-24T09:03:47","guid":{"rendered":"http:\/\/www.korhanyilmaz.com\/?p=3083"},"modified":"2009-01-24T11:03:47","modified_gmt":"2009-01-24T09:03:47","slug":"sivasta-zorlu-randevu-2","status":"publish","type":"post","link":"http:\/\/www.korhanyilmaz.com\/?p=35660","title":{"rendered":"Sivas&#039;ta zorlu randevu"},"content":{"rendered":"<p style=\"text-align: center;\"><img loading=\"lazy\" decoding=\"async\" class=\"size-full wp-image-3084 aligncenter\" title=\"Sivas'ta zorlu randevu \" src=\"http:\/\/www.korhanyilmaz.com\/wp-content\/uploads\/2009\/01\/45a969501ebf244ba8abeb77x.jpg\" alt=\"Sivas\ufffdta zorlu randevu \" width=\"380\" height=\"200\" \/><\/p>\n<p style=\"text-align: justify;\">Turkcell S\u00fcper Lig&#8217;de zirveyi yak\u0131ndan ilgilendiren m\u00fccadelede Sivasspor ile Galatasaray zorlu bir ma\u00e7a \u00e7\u0131k\u0131yor. Sivas 4 Eyl\u00fcl Stad\u0131&#8217;n\u0131n buzla kapl\u0131 olmas\u0131 ise her iki tak\u0131m\u0131 da d\u00fc\u015f\u00fcnd\u00fcr\u00fcyor. Saat 14.00&#8217;te oynanacak kar\u015f\u0131la\u015fma \u00f6ncesinde ise ya\u011f\u0131\u015f beklenmiyor. S\u0131cakl\u0131\u011f\u0131n 0 derece olaca\u011f\u0131, havan\u0131n ocak ay\u0131 standartlar\u0131na g\u00f6re en iyisi oldu\u011fu ifade edildi.<\/p>\n<p style=\"text-align: justify;\">Yetkililer, bug\u00fcn Sivas&#8217;ta havan\u0131n g\u00fcne\u015fli olaca\u011f\u0131n\u0131 ifade etti. Zorlu randevu Lig TV&#8217;den yay\u0131nlanacak ve Yunus Y\u0131ld\u0131r\u0131m y\u00f6netecek. Sivas&#8217;ta Hayrettin, G.Saray&#8217;da ise Lincoln ve Servet sakat. Meira ve Emre G\u00fcng\u00f6r cezal\u0131.<\/p>\n<p style=\"text-align: justify;\">\n","protected":false},"excerpt":{"rendered":"<p style=\"text-align: center;\">\n<p style=\"text-align: justify;\">Turkcell S\u00fcper Lig&#8217;de zirveyi yak\u0131ndan ilgilendiren m\u00fccadelede Sivasspor ile Galatasaray zorlu bir ma\u00e7a \u00e7\u0131k\u0131yor. Sivas 4 Eyl\u00fcl Stad\u0131&#8217;n\u0131n buzla kapl\u0131 olmas\u0131 ise her iki tak\u0131m\u0131 da d\u00fc\u015f\u00fcnd\u00fcr\u00fcyor. Saat 14.00&#8217;te oynanacak kar\u015f\u0131la\u015fma \u00f6ncesinde ise ya\u011f\u0131\u015f beklenmiyor. S\u0131cakl\u0131\u011f\u0131n 0 derece olaca\u011f\u0131, havan\u0131n ocak ay\u0131 standartlar\u0131na g\u00f6re en iyisi oldu\u011fu ifade edildi.<\/p>\n<p  \n\n","protected":false},"author":1,"featured_media":0,"comment_status":"open","ping_status":"closed","sticky":false,"template":"","format":"standard","meta":{"footnotes":""},"categories":[42],"tags":[],"class_list":["post-35660","post","type-post","status-publish","format-standard","hentry","category-spor","odd"],"_links":{"self":[{"href":"http:\/\/www.korhanyilmaz.com\/index.php?rest_route=\/wp\/v2\/posts\/35660","targetHints":{"allow":["GET"]}}],"collection":[{"href":"http:\/\/www.korhanyilmaz.com\/index.php?rest_route=\/wp\/v2\/posts"}],"about":[{"href":"http:\/\/www.korhanyilmaz.com\/index.php?rest_route=\/wp\/v2\/types\/post"}],"author":[{"embeddable":true,"href":"http:\/\/www.korhanyilmaz.com\/index.php?rest_route=\/wp\/v2\/users\/1"}],"replies":[{"embeddable":true,"href":"http:\/\/www.korhanyilmaz.com\/index.php?rest_route=%2Fwp%2Fv2%2Fcomments&post=35660"}],"version-history":[{"count":0,"href":"http:\/\/www.korhanyilmaz.com\/index.php?rest_route=\/wp\/v2\/posts\/35660\/revisions"}],"wp:attachment":[{"href":"http:\/\/www.korhanyilmaz.com\/index.php?rest_route=%2Fwp%2Fv2%2Fmedia&parent=35660"}],"wp:term":[{"taxonomy":"category","embeddable":true,"href":"http:\/\/www.korhanyilmaz.com\/index.php?rest_route=%2Fwp%2Fv2%2Fcategories&post=35660"},{"taxonomy":"post_tag","embeddable":true,"href":"http:\/\/www.korhanyilmaz.com\/index.php?rest_route=%2Fwp%2Fv2%2Ftags&post=35660"}],"curies":[{"name":"wp","href":"https:\/\/api.w.org\/{rel}","templated":true}]}}