{"id":35655,"date":"2009-01-07T19:15:41","date_gmt":"2009-01-07T17:15:41","guid":{"rendered":"http:\/\/www.korhanyilmaz.com\/?p=2547"},"modified":"2009-01-07T19:15:41","modified_gmt":"2009-01-07T17:15:41","slug":"kadikoyde-zor-randevu-2","status":"publish","type":"post","link":"http:\/\/www.korhanyilmaz.com\/?p=35655","title":{"rendered":"Kad\u0131k\u00f6y&#039;de zor randevu"},"content":{"rendered":"<p style=\"text-align: center;\"><img loading=\"lazy\" decoding=\"async\" class=\"size-full wp-image-2548 aligncenter\" title=\"Kad\u0131k\u00f6y'de zor randevu \" src=\"http:\/\/www.korhanyilmaz.com\/wp-content\/uploads\/2009\/01\/18eb4b688b96554687d86a6fx.jpg\" alt=\"Kad\u0131k\u00f6y'de zor randevu \" width=\"380\" height=\"200\" \/><\/p>\n<p style=\"text-align: justify;\">Fenerbah\u00e7e, Fortis T\u00fcrkiye Kupas\u0131 D Grubu&#8217;ndaki ikinci ma\u00e7\u0131nda Bursaspor ile kar\u015f\u0131la\u015f\u0131yor.Gruptaki ilk ma\u00e7\u0131nda Ankarag\u00fcc\u00fc&#8217;n\u00fc yenen Fenerbah\u00e7e, yeni y\u0131l\u0131n ilk ma\u00e7\u0131na grubun 6 puanl\u0131 lideri Bursa&#8217;y\u0131 a\u011f\u0131rlarken, Aragones&#8217;in yine aslardan olu\u015fan bir kadro kurmas\u0131 bekleniyor. Sar\u0131 lacivertli ekibin tek \u00f6nemli eksi\u011fi Semih. Bursaspor&#8217;un yeni teknik direkt\u00f6r\u00fc Ertu\u011frul Sa\u011flam da tak\u0131m\u0131yla ilk resmi ma\u00e7\u0131na \u00e7\u0131k\u0131yor. Fenerbah\u00e7e&#8217;in \u0131srarla istedi\u011fi Sercan&#8217;\u0131n bu ma\u00e7ta tek forvet olarak oynamas\u0131 bekleniyor.<\/p>\n<p><span style=\"color: #99cc00;\"><strong>Stat<\/strong><\/span>: \u015e\u00fckr\u00fc Saraco\u011flu<\/p>\n<p><strong><span style=\"color: #0000ff;\">Hakemler<\/span><\/strong>: C\u00fcneyt \u00c7ak\u0131r, Mustafa Emre Eyisoy, Aleks Ta\u015f\u00e7\u0131o\u011flu<\/p>\n<p><strong><span style=\"color: #ff6600;\">Fenerbah\u00e7e<\/span><\/strong>: Volkan, G\u00f6khan, Edu, Lugano, R.Carlos, Sel\u00e7uk, Deniz, U\u011fur, Alex, Kaz\u0131m, G\u00fciza<\/p>\n<p style=\"text-align: justify;\"><strong><span style=\"color: #339966;\">Bursaspor<\/span><\/strong>: Ivankov, Veli, \u00d6mer, \u0130brahim, Mustafa Ke\u00e7eli, Bekir, Mustafa, Sarp, Yenal, Romaschenko, G\u00f6khan, Sercan,<\/p>\n","protected":false},"excerpt":{"rendered":"<p style=\"text-align: center;\">\n<p style=\"text-align: justify;\">Fenerbah\u00e7e, Fortis T\u00fcrkiye Kupas\u0131 D Grubu&#8217;ndaki ikinci ma\u00e7\u0131nda Bursaspor ile kar\u015f\u0131la\u015f\u0131yor.Gruptaki ilk ma\u00e7\u0131nda Ankarag\u00fcc\u00fc&#8217;n\u00fc yenen Fenerbah\u00e7e, yeni y\u0131l\u0131n ilk ma\u00e7\u0131na grubun 6 puanl\u0131 lideri Bursa&#8217;y\u0131 a\u011f\u0131rlarken, Aragones&#8217;in yine aslardan olu\u015fan bir kadro kurmas\u0131 bekleniyor. Sar\u0131 lacivertli ekibin tek \u00f6nemli eksi\u011fi Semih. Bursaspor&#8217;un yeni teknik direkt\u00f6r\u00fc Ertu\u011frul Sa\u011flam da tak\u0131m\u0131yla ilk <\/p>\n","protected":false},"author":1,"featured_media":0,"comment_status":"open","ping_status":"open","sticky":false,"template":"","format":"standard","meta":{"footnotes":""},"categories":[42],"tags":[],"class_list":["post-35655","post","type-post","status-publish","format-standard","hentry","category-spor","odd"],"_links":{"self":[{"href":"http:\/\/www.korhanyilmaz.com\/index.php?rest_route=\/wp\/v2\/posts\/35655","targetHints":{"allow":["GET"]}}],"collection":[{"href":"http:\/\/www.korhanyilmaz.com\/index.php?rest_route=\/wp\/v2\/posts"}],"about":[{"href":"http:\/\/www.korhanyilmaz.com\/index.php?rest_route=\/wp\/v2\/types\/post"}],"author":[{"embeddable":true,"href":"http:\/\/www.korhanyilmaz.com\/index.php?rest_route=\/wp\/v2\/users\/1"}],"replies":[{"embeddable":true,"href":"http:\/\/www.korhanyilmaz.com\/index.php?rest_route=%2Fwp%2Fv2%2Fcomments&post=35655"}],"version-history":[{"count":0,"href":"http:\/\/www.korhanyilmaz.com\/index.php?rest_route=\/wp\/v2\/posts\/35655\/revisions"}],"wp:attachment":[{"href":"http:\/\/www.korhanyilmaz.com\/index.php?rest_route=%2Fwp%2Fv2%2Fmedia&parent=35655"}],"wp:term":[{"taxonomy":"category","embeddable":true,"href":"http:\/\/www.korhanyilmaz.com\/index.php?rest_route=%2Fwp%2Fv2%2Fcategories&post=35655"},{"taxonomy":"post_tag","embeddable":true,"href":"http:\/\/www.korhanyilmaz.com\/index.php?rest_route=%2Fwp%2Fv2%2Ftags&post=35655"}],"curies":[{"name":"wp","href":"https:\/\/api.w.org\/{rel}","templated":true}]}}