{"id":35645,"date":"2008-11-29T09:33:23","date_gmt":"2008-11-29T07:33:23","guid":{"rendered":"http:\/\/www.korhanyilmaz.com\/?p=2131"},"modified":"2008-11-29T09:33:23","modified_gmt":"2008-11-29T07:33:23","slug":"2131-2","status":"publish","type":"post","link":"http:\/\/www.korhanyilmaz.com\/?p=35645","title":{"rendered":"Kanyon&#039;a 48 saat m\u00fchlet: Ya kira ya kepenk inecek"},"content":{"rendered":"<p style=\"text-align: center;\"><img loading=\"lazy\" decoding=\"async\" class=\"size-full wp-image-2130 aligncenter\" title=\"Kanyon'a 48 saat m\u00fchlet: Ya kira ya kepenk inecek \" src=\"http:\/\/www.korhanyilmaz.com\/wp-content\/uploads\/2008\/11\/61c9bd572972a64a89415570x.jpg\" alt=\"Kanyon'a 48 saat m\u00fchlet: Ya kira ya kepenk inecek \" width=\"380\" height=\"200\" \/><\/p>\n<p style=\"text-align: justify;\"><strong>\u0130stanbul&#8217;un dev al\u0131\u015fveri\u015f merkezlerinde kira isyan\u0131 b\u00fcy\u00fcyor. Akmerkez&#8217;deki kira \u00fcltimatomuna Kanyon&#8217;daki ma\u011fazalar da kat\u0131ld\u0131. Y\u00f6netime 48 saat s\u00fcre verildi..<\/strong><\/p>\n<p style=\"text-align: justify;\">Akmerkez ve Kanyon Al\u0131\u015fveri\u015f merkezlerinde (AVM) kirac\u0131lar\u0131n &#8220;kira indirimi&#8221; iste\u011fi ve sonucuna g\u00f6re al\u0131\u015fveri\u015f merkezlerini terk edeceklerine y\u00f6nelik SABAH&#8217;\u0131n d\u00fcnk\u00fc haberi b\u00fcy\u00fck yank\u0131 uyand\u0131rd\u0131. Al\u0131\u015fveri\u015f merkezleri ile kirac\u0131lar\u0131 aras\u0131nda yaz aylar\u0131nda ba\u015flayan kira tart\u0131\u015fmas\u0131na en son Akmerkez ve Kanyon eklenmi\u015fti. Aralar\u0131nda T\u00fcrkiye&#8217;nin \u00f6nemli markalar\u0131n\u0131n bulundu\u011fu ma\u011fazalar\u0131n sahibi olan toplam 22 kirac\u0131 Akmerkez y\u00f6netimine &#8220;Kirada y\u00fczde 50 indirim yap\u0131n aksi halde \u00e7\u0131k\u0131yoruz&#8221; diye dilek\u00e7e vermi\u015fti. Akmerkez y\u00f6netimi ge\u00e7ti\u011fimiz hafta kiras\u0131n\u0131 d\u00fczg\u00fcn \u00f6deyen firmalar i\u00e7in bir indirim yapt\u0131\u011f\u0131n\u0131 a\u00e7\u0131klad\u0131 ancak baz\u0131 ma\u011faza sahipleri bunu yeterli bulmad\u0131 ve kiralar\u0131 indirme konusunda \u00fcltimatom verdi.<!--more--><\/p>\n<p style=\"text-align: justify;\"><strong>Z\u0130YARET\u00c7\u0130 SAYISI ARTACAK<\/strong><\/p>\n<p style=\"text-align: justify;\">\nKanyon y\u00f6netiminin ise indirime s\u0131cak bakmad\u0131\u011f\u0131 belirtiliyor. Bu da 30 kadar ma\u011fazay\u0131 y\u00f6netimle kar\u015f\u0131 kar\u015f\u0131ya getirdi. 30 marka anla\u015farak, Kanyon&#8217;a y\u00fczde 50 indirim tekliflerini sundu. \u0130\u015f g\u00fcn\u00fc olarak 48 saat i\u00e7inde istedikleri cevap gelmezse, kepenk indirmeye karar verdiler. Sal\u0131 g\u00fcn\u00fcnden itibaren, d\u00fckkanlar geri \u00e7ekilece\u011fini belirtti. Kanyon Genel M\u00fcd\u00fcr\u00fc Co\u015fkun Bed\u00fck, Kanyon&#8217;un yat\u0131r\u0131mc\u0131lar\u0131 olarak AVM&#8217;ler ve perakendeciler aras\u0131ndaki ili\u015fkilerin g\u00fcncel konulara endeksli de\u011fil, uzun vadeli kar\u015f\u0131l\u0131kl\u0131 kazanca dayanmas\u0131 gerekti\u011fine inand\u0131klar\u0131n\u0131 vurgulad\u0131. &#8220;Builkemiz \u00e7er\u00e7evesinde ve perakende sekt\u00f6r\u00fcn\u00fcn s\u0131k\u0131nt\u0131lar\u0131n\u0131 payla\u015fmak ad\u0131na\u00f6nlemleri al\u0131yor ve kirac\u0131lar\u0131m\u0131zla payla\u015f\u0131yoruz&#8221; diyen Bed\u00fck, a\u00e7\u0131khavada al\u0131\u015fveri\u015f konseptiyle T\u00fcrkiye&#8217;de bir ilki ger\u00e7ekle\u015ftiren, mimari \u00f6zellikleriyle t\u00fcm d\u00fcnyada ilgi \u00e7eken, d\u00fcnyan\u0131n sayg\u0131n yay\u0131nlar\u0131na haber olan ve uluslararas\u0131 mimarl\u0131k \u00f6d\u00fclleri alan Kanyon&#8217;un yapt\u0131\u011f\u0131 tan\u0131t\u0131m ve aktivitelerle ziyaret\u00e7i say\u0131s\u0131n\u0131 s\u00fcrekli y\u00fckseltti\u011fini kaydetti. Bed\u00fck, &#8220;Kanyon a\u00e7\u0131ld\u0131\u011f\u0131ndan beri en y\u00fcksek ayl\u0131k ziyaret\u00e7i say\u0131s\u0131na da ge\u00e7ti\u011fimiz Ekim ay\u0131nda ula\u015fm\u0131\u015ft\u0131r. Kanyon olarak bundan sonra da, kirac\u0131lar\u0131m\u0131z\u0131 desteklemek \u00fczere AVM&#8217;nin genel ziyaret\u00e7i say\u0131s\u0131n\u0131 art\u0131racak aktivitelere a\u011f\u0131rl\u0131k vermeye ve de\u011fi\u015fik \u00e7ekim konular\u0131 yaratmaya devam edece\u011fiz&#8221; dedi. Tescilli Markalar Derne\u011fi Ba\u015fkan Yard\u0131mc\u0131s\u0131 Ayd\u0131n Ak, \u00f6nceki g\u00fcn yapt\u0131\u011f\u0131 a\u00e7\u0131klamada Akmerkez y\u00f6netiminin kira indirimi isteyenlere &#8216;\u00c7\u0131kmak istiyorsan\u0131z s\u0131rada bekleyenler var&#8217; dedi\u011fini s\u00f6ylemi\u015fti.<\/p>\n<p style=\"text-align: justify;\"><strong>AKMERKEZ: YORUM YOK!<\/strong><br \/>\nAkmerkez Kurumsal \u0130leti\u015fim Direkt\u00f6r\u00fc \u00dclker Melek: &#8220;Hi\u00e7bir a\u00e7\u0131klama yapmayaca\u011f\u0131z.&#8221;\n<\/p>\n<p style=\"text-align: justify;\"><span style=\"color: #888888;\">Kaynak : Sabah<\/span><\/p>\n","protected":false},"excerpt":{"rendered":"<p style=\"text-align: center;\">\n<p style=\"text-align: justify;\">\u0130stanbul&#8217;un dev al\u0131\u015fveri\u015f merkezlerinde kira isyan\u0131 b\u00fcy\u00fcyor. Akmerkez&#8217;deki kira \u00fcltimatomuna Kanyon&#8217;daki ma\u011fazalar da kat\u0131ld\u0131. Y\u00f6netime 48 saat s\u00fcre verildi..<\/p>\n<p style=\"text-align: justify;\">Akmerkez ve Kanyon Al\u0131\u015fveri\u015f merkezlerinde (AVM) kirac\u0131lar\u0131n &#8220;kira indirimi&#8221; iste\u011fi ve sonucuna g\u00f6re al\u0131\u015fveri\u015f merkezlerini terk edeceklerine y\u00f6nelik SABAH&#8217;\u0131n d\u00fcnk\u00fc haberi b\u00fcy\u00fck yank\u0131 uyand\u0131rd\u0131. Al\u0131\u015fveri\u015f merkezleri ile kirac\u0131lar\u0131 aras\u0131nda <\/p>\n","protected":false},"author":1,"featured_media":0,"comment_status":"open","ping_status":"open","sticky":false,"template":"","format":"standard","meta":{"footnotes":""},"categories":[7],"tags":[],"class_list":["post-35645","post","type-post","status-publish","format-standard","hentry","category-ekonomi","odd"],"_links":{"self":[{"href":"http:\/\/www.korhanyilmaz.com\/index.php?rest_route=\/wp\/v2\/posts\/35645","targetHints":{"allow":["GET"]}}],"collection":[{"href":"http:\/\/www.korhanyilmaz.com\/index.php?rest_route=\/wp\/v2\/posts"}],"about":[{"href":"http:\/\/www.korhanyilmaz.com\/index.php?rest_route=\/wp\/v2\/types\/post"}],"author":[{"embeddable":true,"href":"http:\/\/www.korhanyilmaz.com\/index.php?rest_route=\/wp\/v2\/users\/1"}],"replies":[{"embeddable":true,"href":"http:\/\/www.korhanyilmaz.com\/index.php?rest_route=%2Fwp%2Fv2%2Fcomments&post=35645"}],"version-history":[{"count":0,"href":"http:\/\/www.korhanyilmaz.com\/index.php?rest_route=\/wp\/v2\/posts\/35645\/revisions"}],"wp:attachment":[{"href":"http:\/\/www.korhanyilmaz.com\/index.php?rest_route=%2Fwp%2Fv2%2Fmedia&parent=35645"}],"wp:term":[{"taxonomy":"category","embeddable":true,"href":"http:\/\/www.korhanyilmaz.com\/index.php?rest_route=%2Fwp%2Fv2%2Fcategories&post=35645"},{"taxonomy":"post_tag","embeddable":true,"href":"http:\/\/www.korhanyilmaz.com\/index.php?rest_route=%2Fwp%2Fv2%2Ftags&post=35645"}],"curies":[{"name":"wp","href":"https:\/\/api.w.org\/{rel}","templated":true}]}}