{"id":3564,"date":"2009-02-23T11:31:13","date_gmt":"2009-02-23T09:31:13","guid":{"rendered":"http:\/\/www.korhanyilmaz.com\/?p=3564"},"modified":"2009-02-23T11:31:13","modified_gmt":"2009-02-23T09:31:13","slug":"turkiye%e2%80%99nin-en-genc-genel-baskanini-tkp-secti","status":"publish","type":"post","link":"http:\/\/www.korhanyilmaz.com\/?p=3564","title":{"rendered":"T\u00fcrkiye\u2019nin en gen\u00e7 genel ba\u015fkan\u0131n\u0131 TKP se\u00e7ti"},"content":{"rendered":"<p style=\"text-align: center;\"><a href=\"http:\/\/www.korhanyilmaz.com\/wp-content\/uploads\/2009\/02\/fft5_mf124815.jpeg\"  class=\"lightview\"><img loading=\"lazy\" decoding=\"async\" class=\"aligncenter size-full wp-image-3565\" title=\"TKP\u2019nin Genel Ba\u015fkanl\u0131\u011f\u0131\u2019na 29 ya\u015f\u0131ndaki Erkan Ba\u015f se\u00e7ildi\" src=\"http:\/\/www.korhanyilmaz.com\/wp-content\/uploads\/2009\/02\/fft5_mf124815.jpeg\" alt=\"TKP\u2019nin Genel Ba\u015fkanl\u0131\u011f\u0131\u2019na 29 ya\u015f\u0131ndaki Erkan Ba\u015f se\u00e7ildi\" width=\"360\" height=\"240\" \/><\/a><\/p>\n<p style=\"text-align: justify;\">Kendisini 10 Eyl\u00fcl 1920&#8217;de Mustafa Suphi ve arkada\u015flar\u0131 taraf\u0131ndan Bak\u00fc&#8217;de kurulan T\u00fcrkiye Kom\u00fcnist Partisi&#8217;nin (TKP) devam\u0131 sayan TKP&#8217;nin Genel Ba\u015fkanl\u0131\u011f\u0131&#8217;na 29 ya\u015f\u0131ndaki Erkan Ba\u015f se\u00e7ildi. Ba\u015f, ayn\u0131 zamanda T\u00fcrkiye&#8217;nin en gen\u00e7 genel ba\u015fkan\u0131..<\/p>\n<p style=\"text-align: justify;\">Ba\u015f&#8217;\u0131n Kad\u0131k\u00f6y&#8217;deki N\u00e2z\u0131m Hikmet K\u00fclt\u00fcrevi&#8217;ndeki b\u00fcrosu bir \u00f6\u011frenci odas\u0131ndan farks\u0131z: Duvarlarda Lenin ve Fidel Kastro foto\u011fraflar\u0131, k\u00fc\u00e7\u00fc\u00e7\u00fck bir k\u00fct\u00fcphane, iki masa, bir diz\u00fcst\u00fc bilgisayar&#8230; S\u0131rt \u00e7antas\u0131n\u0131 sandalyesinin yan\u0131na geli\u015fi g\u00fczel b\u0131rakm\u0131\u015f.<br \/>\nBa\u015f, 29 ya\u015f\u0131nda&#8230; Yugoslav g\u00f6\u00e7meni bir i\u015f\u00e7i ailesinin \u00e7ocu\u011fu. Almanc\u0131 babas\u0131 emekli olamadan \u00f6lm\u00fc\u015f. Annesi, emekli; kendisi evli. Do\u011fma b\u00fcy\u00fcme Alibeyk\u00f6yl\u00fc. Pek az bildi\u011fi \u00fc\u00e7 dilden biri, S\u0131rp\u00e7a. \u0130stanbul \u00dcniversitesi Edebiyat Fak\u00fcltesi&#8217;ni bitirip ayn\u0131 okulda y\u00fcksek lisansa ba\u015flam\u0131\u015f. Bu s\u0131rada \u0130stanbul Teknik \u00dcniversitesi ve Y\u0131ld\u0131z Teknik \u00dcniversitesi&#8217;nde bilim tarihi dersleri vermi\u015f.<!--more--> Ancak iki y\u0131l \u00f6nce \u00fcniversitede yemekhanenin \u00f6zelle\u015ftirilmesine kar\u015f\u0131 i\u015f\u00e7ileri \u00f6rg\u00fctleyince uzakla\u015ft\u0131rma cezas\u0131 alm\u0131\u015f ve akademisyenlik hayat\u0131 da b\u00f6ylece yar\u0131da kalm\u0131\u015f.<br \/>\nGe\u00e7en 1 \u015eubat&#8217;ta 9. Kongresi&#8217;ni toplayan TKP, 29 Mart&#8217;taki yerel se\u00e7imler \u00f6ncesi Ba\u015f&#8217;\u0131 genel ba\u015fkanl\u0131\u011fa se\u00e7ti. Kurulu\u015fu, 10 Eyl\u00fcl 1920 olan ve kendini \u00fclkenin en ya\u015fl\u0131 partisi sayan TKP&#8217;nin bu ad\u0131m\u0131 sadece T\u00fcrkiye siyaseti a\u00e7\u0131s\u0131ndan de\u011fil, ya\u015fl\u0131 liderleriyle \u00fcnl\u00fc d\u00fcnya kom\u00fcnist hareketi a\u00e7\u0131s\u0131ndan da hayli radikal. Ba\u015f&#8217;\u0131n halefi olan Aydemir G\u00fcler de, siyaset\u00e7i ortalamas\u0131na g\u00f6re gen\u00e7 say\u0131l\u0131r. \u00c7\u00fcnk\u00fc, hen\u00fcz 48 ya\u015f\u0131nda&#8230;<br \/>\nErkan Ba\u015f, T\u00fcrkiye siyasetinde gen\u00e7lerin yerinin genelde &#8216;getir g\u00f6t\u00fcr&#8217; i\u015fleri oldu\u011funu, buna itiraz ettiklerini belirtiyor: &#8220;Bana gen\u00e7 genel ba\u015fkan diyorlar. Asl\u0131nda T\u00fcrkiye ortalamas\u0131n\u0131n \u00fcst\u00fcnde benim ya\u015f\u0131m. Genel ba\u015fkan dendi\u011finde 50-60 ya\u015f\u0131nda adamlar\u0131 g\u00f6rmeye al\u0131\u015ft\u0131\u011f\u0131m\u0131zdan gen\u00e7 gibi g\u00f6z\u00fck\u00fcyorum.&#8221;<br \/>\nAsl\u0131nda TKP, gen\u00e7lerin oransal olarak en \u00e7ok bulundu\u011fu partilerden biri. Ba\u015f&#8217;\u0131n verdi\u011fi bilgiye g\u00f6re parti \u00fcyelerinin y\u00fczde 50&#8217;si 30 ya\u015f\u0131n alt\u0131nda: &#8220;TKP \u015funu ba\u015fard\u0131: Hi\u00e7bir kadrosunu kaybetmeden yeni bir s\u00fcrece gen\u00e7 ve yeti\u015fmi\u015f yeni bir ku\u015fakla takviye ederek giriyor. Bu, TKP&#8217;nin ihtiyac\u0131 de\u011fil, T\u00fcrkiye&#8217;nin ihtiyac\u0131. T\u00fcrkiye&#8217;nin b\u00f6ylesi kom\u00fcnist bir g\u00fcce ihtiyac\u0131 var.&#8221;\n<\/p>\n<p style=\"text-align: justify;\"><span style=\"color: #888888;\">\u0130smail SAYMAZ \/ Radikal Gazetesi<\/span><\/p>\n","protected":false},"excerpt":{"rendered":"<p style=\"text-align: center;\">\n<p style=\"text-align: justify;\">Kendisini 10 Eyl\u00fcl 1920&#8217;de Mustafa Suphi ve arkada\u015flar\u0131 taraf\u0131ndan Bak\u00fc&#8217;de kurulan T\u00fcrkiye Kom\u00fcnist Partisi&#8217;nin (TKP) devam\u0131 sayan TKP&#8217;nin Genel Ba\u015fkanl\u0131\u011f\u0131&#8217;na 29 ya\u015f\u0131ndaki Erkan Ba\u015f se\u00e7ildi. Ba\u015f, ayn\u0131 zamanda T\u00fcrkiye&#8217;nin en gen\u00e7 genel ba\u015fkan\u0131..<\/p>\n<p style=\"text-align: justify;\">Ba\u015f&#8217;\u0131n Kad\u0131k\u00f6y&#8217;deki N\u00e2z\u0131m Hikmet K\u00fclt\u00fcrevi&#8217;ndeki b\u00fcrosu bir \u00f6\u011frenci odas\u0131ndan farks\u0131z: Duvarlarda Lenin ve Fidel Kastro <\/p>\n","protected":false},"author":1,"featured_media":0,"comment_status":"open","ping_status":"closed","sticky":false,"template":"","format":"standard","meta":{"footnotes":""},"categories":[105],"tags":[],"class_list":["post-3564","post","type-post","status-publish","format-standard","hentry","category-gundem","odd"],"_links":{"self":[{"href":"http:\/\/www.korhanyilmaz.com\/index.php?rest_route=\/wp\/v2\/posts\/3564","targetHints":{"allow":["GET"]}}],"collection":[{"href":"http:\/\/www.korhanyilmaz.com\/index.php?rest_route=\/wp\/v2\/posts"}],"about":[{"href":"http:\/\/www.korhanyilmaz.com\/index.php?rest_route=\/wp\/v2\/types\/post"}],"author":[{"embeddable":true,"href":"http:\/\/www.korhanyilmaz.com\/index.php?rest_route=\/wp\/v2\/users\/1"}],"replies":[{"embeddable":true,"href":"http:\/\/www.korhanyilmaz.com\/index.php?rest_route=%2Fwp%2Fv2%2Fcomments&post=3564"}],"version-history":[{"count":0,"href":"http:\/\/www.korhanyilmaz.com\/index.php?rest_route=\/wp\/v2\/posts\/3564\/revisions"}],"wp:attachment":[{"href":"http:\/\/www.korhanyilmaz.com\/index.php?rest_route=%2Fwp%2Fv2%2Fmedia&parent=3564"}],"wp:term":[{"taxonomy":"category","embeddable":true,"href":"http:\/\/www.korhanyilmaz.com\/index.php?rest_route=%2Fwp%2Fv2%2Fcategories&post=3564"},{"taxonomy":"post_tag","embeddable":true,"href":"http:\/\/www.korhanyilmaz.com\/index.php?rest_route=%2Fwp%2Fv2%2Ftags&post=3564"}],"curies":[{"name":"wp","href":"https:\/\/api.w.org\/{rel}","templated":true}]}}