{"id":35639,"date":"2008-10-21T10:02:37","date_gmt":"2008-10-21T07:02:37","guid":{"rendered":"http:\/\/www.korhanyilmaz.com\/?p=1980"},"modified":"2008-10-21T10:02:37","modified_gmt":"2008-10-21T07:02:37","slug":"bir-gecelik-iliski-geride-kalmistir-2","status":"publish","type":"post","link":"http:\/\/www.korhanyilmaz.com\/?p=35639","title":{"rendered":"&#039;Bir gecelik ili\u015fki geride kalm\u0131\u015ft\u0131r&#039;"},"content":{"rendered":"<p style=\"text-align: center;\"><img loading=\"lazy\" decoding=\"async\" class=\"size-full wp-image-1981            aligncenter\" title=\"IMF Ba\u015fkan\u0131 Strauss-Kahn\" src=\"http:\/\/www.korhanyilmaz.com\/wp-content\/uploads\/2008\/10\/8d6321d4de6f39418e791abdx.jpg\" alt=\"IMF Ba\u015fkan\u0131 Strauss-Kahn\" width=\"475\" height=\"250\" \/><\/p>\n<p style=\"text-align: justify;\">Macar bir kad\u0131nla ili\u015fkisi ortaya \u00e7\u0131kan IMF Ba\u015fkan\u0131 Strauss-Kahn&#8217;a gazeteci e\u015fi Sinclair&#8217;den destek: Bunlar her \u00e7iftin ba\u015f\u0131na gelebilir..<\/p>\n<p style=\"text-align: justify;\">IMF Ba\u015fkan\u0131 Dominique Strauss- Kahn&#8217;\u0131n ili\u015fki ya\u015fad\u0131\u011f\u0131 Macar as\u0131ll\u0131 memur Piroska Nagy&#8217;e avantaj sa\u011flam\u0131\u015f olabilece\u011fi y\u00f6n\u00fcndeki iddia hakk\u0131nda a\u00e7\u0131lan soru\u015fturman\u0131n ay sonunda tamamlanmas\u0131 bekleniyor. Soru\u015fturmada ayr\u0131ca IMF Ba\u015fkan\u0131&#8217;n\u0131n, Macar kad\u0131n\u0131 i\u015ften ayr\u0131lmaya zorlay\u0131p zorlamad\u0131\u011f\u0131na da bak\u0131lacak. Olay\u0131n ortaya \u00e7\u0131kmas\u0131n\u0131n ard\u0131ndan Strauss-Kahn, &#8220;\u00d6zel hayat\u0131mda k\u00fc\u00e7\u00fck bir kaza ya\u015fad\u0131m. Ancak hi\u00e7bir \u015fekilde bu ili\u015fki nedeniyle g\u00fcc\u00fcm\u00fc ve yetkimi k\u00f6t\u00fcye kullanmad\u0131m&#8221; ifadesini kulland\u0131. Strauss-Kahn e\u015fi dahil herkesten \u00f6z\u00fcr diledi. Eski \u00fcnl\u00fc televizyon star\u0131, \u00fcnl\u00fc gazeteci e\u015fi Anne Sinclair ise, New York&#8217;tan Amerikan siyasi hayat\u0131na ili\u015fkin notlar aktard\u0131\u011f\u0131 kendi \u00f6zel internet sayfas\u0131nda \u015funlar\u0131 yazd\u0131: <!--more--><\/p>\n<p style=\"text-align: justify;\">&#8216;SONUCU BEKL\u0130YORUZ&#8217;<br \/>\n&#8220;IMF&#8217;de bir soru\u015fturma yap\u0131l\u0131yor. S\u00fck\u00fbnetle sonucu bekliyoruz. Gerisi \u00f6zel hayat\u0131m\u0131z\u0131 ilgilendirir. Ancak, b\u00f6yle \u015feylerin her \u00e7iftin ba\u015f\u0131na gelebilece\u011fini herkes bilir. Benim a\u00e7\u0131mdan bu bir gecelik macera geride kalm\u0131\u015ft\u0131r. Biz birbirimizi ilk g\u00fcnk\u00fc gibi seviyoruz. Bu konuda ba\u015fka bir \u015fey s\u00f6ylemeyece\u011fim.&#8221; Almanlar\u0131n bir zamanlar &#8220;Fransa&#8217;n\u0131n en parlak zek\u00e2l\u0131 siyaset\u00e7isi&#8221; olarak tan\u0131mlad\u0131\u011f\u0131 eski ba\u015far\u0131l\u0131 sosyalist Maliye ve Sanayi Bakan\u0131 59 ya\u015f\u0131ndaki Dominique Strauss-Kahn&#8217;\u0131n, IMF&#8217;nin Afrika departman\u0131nda \u00e7al\u0131\u015fan \u00fcst d\u00fczey Macar as\u0131ll\u0131 evli memur Piroska Nagy&#8217;le ili\u015fkisi oldu\u011fu ortaya \u00e7\u0131km\u0131\u015ft\u0131. \u00d6te yandan Nagy&#8217;nin avukat\u0131, m\u00fcvekkilinin IMF&#8217;den ayr\u0131lmak i\u00e7in hi\u00e7bir bask\u0131ya maruz kalmad\u0131\u011f\u0131n\u0131, di\u011fer \u00e7al\u0131\u015fma arkada\u015flar\u0131n\u0131n da benzer miktarda bir tazminatla ayr\u0131ld\u0131\u011f\u0131n\u0131 s\u00f6yledi.<\/p>\n","protected":false},"excerpt":{"rendered":"<p style=\"text-align: center;\">\n<p style=\"text-align: justify;\">Macar bir kad\u0131nla ili\u015fkisi ortaya \u00e7\u0131kan IMF Ba\u015fkan\u0131 Strauss-Kahn&#8217;a gazeteci e\u015fi Sinclair&#8217;den destek: Bunlar her \u00e7iftin ba\u015f\u0131na gelebilir..<\/p>\n<p style=\"text-align: justify;\">IMF Ba\u015fkan\u0131 Dominique Strauss- Kahn&#8217;\u0131n ili\u015fki ya\u015fad\u0131\u011f\u0131 Macar as\u0131ll\u0131 memur Piroska Nagy&#8217;e avantaj sa\u011flam\u0131\u015f olabilece\u011fi y\u00f6n\u00fcndeki iddia hakk\u0131nda a\u00e7\u0131lan soru\u015fturman\u0131n ay sonunda tamamlanmas\u0131 bekleniyor. Soru\u015fturmada ayr\u0131ca IMF Ba\u015fkan\u0131&#8217;n\u0131n, Macar kad\u0131n\u0131 <\/p>\n","protected":false},"author":1,"featured_media":0,"comment_status":"open","ping_status":"open","sticky":false,"template":"","format":"standard","meta":{"footnotes":""},"categories":[3],"tags":[],"class_list":["post-35639","post","type-post","status-publish","format-standard","hentry","category-dunya","odd"],"_links":{"self":[{"href":"http:\/\/www.korhanyilmaz.com\/index.php?rest_route=\/wp\/v2\/posts\/35639","targetHints":{"allow":["GET"]}}],"collection":[{"href":"http:\/\/www.korhanyilmaz.com\/index.php?rest_route=\/wp\/v2\/posts"}],"about":[{"href":"http:\/\/www.korhanyilmaz.com\/index.php?rest_route=\/wp\/v2\/types\/post"}],"author":[{"embeddable":true,"href":"http:\/\/www.korhanyilmaz.com\/index.php?rest_route=\/wp\/v2\/users\/1"}],"replies":[{"embeddable":true,"href":"http:\/\/www.korhanyilmaz.com\/index.php?rest_route=%2Fwp%2Fv2%2Fcomments&post=35639"}],"version-history":[{"count":0,"href":"http:\/\/www.korhanyilmaz.com\/index.php?rest_route=\/wp\/v2\/posts\/35639\/revisions"}],"wp:attachment":[{"href":"http:\/\/www.korhanyilmaz.com\/index.php?rest_route=%2Fwp%2Fv2%2Fmedia&parent=35639"}],"wp:term":[{"taxonomy":"category","embeddable":true,"href":"http:\/\/www.korhanyilmaz.com\/index.php?rest_route=%2Fwp%2Fv2%2Fcategories&post=35639"},{"taxonomy":"post_tag","embeddable":true,"href":"http:\/\/www.korhanyilmaz.com\/index.php?rest_route=%2Fwp%2Fv2%2Ftags&post=35639"}],"curies":[{"name":"wp","href":"https:\/\/api.w.org\/{rel}","templated":true}]}}