{"id":35635,"date":"2008-10-11T10:53:46","date_gmt":"2008-10-11T07:53:46","guid":{"rendered":"http:\/\/www.korhanyilmaz.com\/?p=1759"},"modified":"2008-10-11T10:53:46","modified_gmt":"2008-10-11T07:53:46","slug":"avusturyali-asiri-sagci-lider-joerg-haiderin-bugun-meydana-gelen-trafik-kazasi-sonucu-oldu-2","status":"publish","type":"post","link":"http:\/\/www.korhanyilmaz.com\/?p=35635","title":{"rendered":"Avusturyal\u0131 a\u015f\u0131r\u0131 sa\u011fc\u0131 lider Joerg Haider&#039;in bug\u00fcn meydana gelen trafik kazas\u0131 sonucu \u00f6ld\u00fc."},"content":{"rendered":"<p style=\"text-align: center;\"><img loading=\"lazy\" decoding=\"async\" class=\"aligncenter size-full wp-image-3148\" title=\"T\u00fcrk ve g\u00f6\u00e7menlere kar\u015f\u0131 yapt\u0131\u011f\u0131 \u0131rk\u00e7\u0131 a\u00e7\u0131klamalar\u0131yla bilinen Avusturyal\u0131 \u0131rk\u00e7\u0131 lider J\u00f6rg Haider\" src=\"http:\/\/www.korhanyilmaz.com\/wp-content\/uploads\/2008\/10\/haider372.jpg\" alt=\"haider372\" width=\"372\" height=\"192\" \/><\/p>\n<p style=\"text-align: justify;\">T\u00fcrk ve g\u00f6\u00e7menlere kar\u015f\u0131 yapt\u0131\u011f\u0131 \u0131rk\u00e7\u0131 a\u00e7\u0131klamalar\u0131yla bilinen Avusturyal\u0131 \u0131rk\u00e7\u0131 lider J\u00f6rg Haider trafik kazas\u0131nda hayatt\u0131n\u0131 kaybetti. Son se\u00e7imde ba\u015fka bir \u0131rk\u00e7\u0131 partiyle birlikte y\u00fczde 28 oy alan Haider ulusal politikada etkili olmak i\u00e7in haz\u0131rl\u0131k yap\u0131yordu.<\/p>\n<p style=\"text-align: justify;\">Avusturyal\u0131 a\u015f\u0131r\u0131 sa\u011fc\u0131 lider Joerg Haider&#8217;in bug\u00fcn meydana gelen trafik kazas\u0131 sonucu \u00f6ld\u00fc.<\/p>\n<p style=\"text-align: justify;\">Avusturya polisi \u00fclkenin g\u00fcneyindeki Klagenfurt kenti yak\u0131n\u0131nda meydana gelen kazada Haider&#8217;in arac\u0131n\u0131n birka\u00e7 takla att\u0131\u011f\u0131n\u0131 a\u00e7\u0131klad\u0131. <!--more--><\/p>\n<p style=\"text-align: justify;\">Haider&#8217;in g\u00f6\u011fs\u00fcnden ve ba\u015f\u0131ndan ald\u0131\u011f\u0131 ciddi yaralar sonucu \u00f6ld\u00fc\u011f\u00fc kaydedildi.<\/p>\n<p style=\"text-align: justify;\">Avusturya&#8217;n\u0131n a\u015f\u0131r\u0131 sa\u011fc\u0131 Gelecek \u0130ttifak\u0131&#8217;n\u0131n lideri olan Haider, Carihthia Valili\u011fi g\u00f6revini y\u00fcr\u00fct\u00fcyordu.<\/p>\n<p style=\"text-align: justify;\">H\u0130TLER HAYRANIYDI<\/p>\n<p style=\"text-align: justify;\">1999&#8217;daki se\u00e7imde y\u00fczde 27 oy alarak h\u00fck\u00fcmete kat\u0131lan Haider, Adolf Hitler&#8217;in &#8220;\u00e7al\u0131\u015fma \u00f6rg\u00fctlenmesini&#8221; benimsemesinden \u00f6t\u00fcr\u00fc Avrupa Birli\u011fi&#8217;nin \u015fim\u015feklerini \u00e7ekince, h\u00fck\u00fcmetten ayr\u0131lmak zorunda kald\u0131.<\/p>\n<p style=\"text-align: justify;\">SON SE\u00c7\u0130MDE OY PATLAMASI YAPTI<\/p>\n<p style=\"text-align: justify;\">Yahudi d\u00fc\u015fmanl\u0131\u011f\u0131yla da tan\u0131nan Haider, Avusturya&#8217;da ya\u015fayan T\u00fcrk ve g\u00f6\u00e7menlere kar\u015f\u0131 yapt\u0131\u011f\u0131 \u0131rk\u00e7\u0131 a\u00e7\u0131klamalar\u0131yla da tan\u0131n\u0131yordu. Haider, 2002&#8217;de Ba\u011fdat&#8217;a giderek Saddam H\u00fcseyin&#8217;le g\u00f6r\u00fc\u015fm\u00fc\u015ft\u00fc.<\/p>\n<p style=\"text-align: justify;\">Yeni kurdu\u011fu partisini uzun s\u00fcre arka planda y\u00f6neten J\u00f6rg Haider, son se\u00e7imlerde a\u015f\u0131r\u0131 sa\u011fc\u0131 iki parti y\u00fczde 28 oy al\u0131nca yeniden \u00f6n plana \u00e7\u0131kmaya ba\u015flad\u0131. Haider \u00fclke politikas\u0131nda yeniden s\u00f6z sahibi olmak i\u00e7in Viyana&#8217;ya gitmeye haz\u0131rlan\u0131yordu. Haider&#8217;\u0131n partisi Gelecek \u0130ttifak\u0131 eyl\u00fclde yap\u0131lan se\u00e7imlerde y\u00fczde 10.7 oy alm\u0131\u015ft\u0131. J\u00f6rg Haider&#8217;\u0131n ayr\u0131ld\u0131\u011f\u0131 eski partisi \u00d6zg\u00fcrl\u00fckler Partisi de se\u00e7imlerde y\u00fczde 17 oran\u0131nda oy almay\u0131 ba\u015farm\u0131\u015ft\u0131.<\/p>\n<p style=\"text-align: justify;\">Ajanslar<\/p>\n","protected":false},"excerpt":{"rendered":"<p style=\"text-align: center;\">\n<p style=\"text-align: justify;\">T\u00fcrk ve g\u00f6\u00e7menlere kar\u015f\u0131 yapt\u0131\u011f\u0131 \u0131rk\u00e7\u0131 a\u00e7\u0131klamalar\u0131yla bilinen Avusturyal\u0131 \u0131rk\u00e7\u0131 lider J\u00f6rg Haider trafik kazas\u0131nda hayatt\u0131n\u0131 kaybetti. Son se\u00e7imde ba\u015fka bir \u0131rk\u00e7\u0131 partiyle birlikte y\u00fczde 28 oy alan Haider ulusal politikada etkili olmak i\u00e7in haz\u0131rl\u0131k yap\u0131yordu.<\/p>\n<p style=\"text-align: justify;\">Avusturyal\u0131 a\u015f\u0131r\u0131 sa\u011fc\u0131 lider Joerg Haider&#8217;in bug\u00fcn meydana gelen trafik kazas\u0131 sonucu <\/p>\n","protected":false},"author":1,"featured_media":0,"comment_status":"open","ping_status":"open","sticky":false,"template":"","format":"standard","meta":{"footnotes":""},"categories":[3],"tags":[],"class_list":["post-35635","post","type-post","status-publish","format-standard","hentry","category-dunya","odd"],"_links":{"self":[{"href":"http:\/\/www.korhanyilmaz.com\/index.php?rest_route=\/wp\/v2\/posts\/35635","targetHints":{"allow":["GET"]}}],"collection":[{"href":"http:\/\/www.korhanyilmaz.com\/index.php?rest_route=\/wp\/v2\/posts"}],"about":[{"href":"http:\/\/www.korhanyilmaz.com\/index.php?rest_route=\/wp\/v2\/types\/post"}],"author":[{"embeddable":true,"href":"http:\/\/www.korhanyilmaz.com\/index.php?rest_route=\/wp\/v2\/users\/1"}],"replies":[{"embeddable":true,"href":"http:\/\/www.korhanyilmaz.com\/index.php?rest_route=%2Fwp%2Fv2%2Fcomments&post=35635"}],"version-history":[{"count":0,"href":"http:\/\/www.korhanyilmaz.com\/index.php?rest_route=\/wp\/v2\/posts\/35635\/revisions"}],"wp:attachment":[{"href":"http:\/\/www.korhanyilmaz.com\/index.php?rest_route=%2Fwp%2Fv2%2Fmedia&parent=35635"}],"wp:term":[{"taxonomy":"category","embeddable":true,"href":"http:\/\/www.korhanyilmaz.com\/index.php?rest_route=%2Fwp%2Fv2%2Fcategories&post=35635"},{"taxonomy":"post_tag","embeddable":true,"href":"http:\/\/www.korhanyilmaz.com\/index.php?rest_route=%2Fwp%2Fv2%2Ftags&post=35635"}],"curies":[{"name":"wp","href":"https:\/\/api.w.org\/{rel}","templated":true}]}}