{"id":35628,"date":"2008-10-08T16:36:46","date_gmt":"2008-10-08T13:36:46","guid":{"rendered":"http:\/\/www.korhanyilmaz.com\/blog\/?p=1477"},"modified":"2008-10-08T16:36:46","modified_gmt":"2008-10-08T13:36:46","slug":"mustafa-denizli-besiktasta-2","status":"publish","type":"post","link":"http:\/\/www.korhanyilmaz.com\/?p=35628","title":{"rendered":"Mustafa Denizli Be\u015fikta\u015f&#039;ta"},"content":{"rendered":"<p style=\"text-align: center;\"><img loading=\"lazy\" decoding=\"async\" class=\"size-full wp-image-1478 aligncenter\" title=\"Mustafa Denizli \" src=\"http:\/\/www.korhanyilmaz.com\/wp-content\/uploads\/2008\/10\/1b3b109e922d474485a8c783x.jpg\" alt=\"\" width=\"475\" height=\"250\" \/><\/p>\n<p style=\"text-align: justify;\">Be\u015fikta\u015f&#8217;ta Ertu\u011frul Sa\u011flam&#8217;\u0131n istifas\u0131n\u0131n ard\u0131ndan bo\u015falan teknik direkt\u00f6rl\u00fck g\u00f6revine Mustafa Denizli&#8217;nin getirilece\u011fi belirtildi.<\/p>\n<p style=\"text-align: justify;\">Be\u015fikta\u015f&#8217;\u0131n Ukrayna temsilcisi Metalist Kharkiv tak\u0131m\u0131na deplasmanda 4-1 ma\u011flup olup UEFA Kupas\u0131&#8217;na 1. turda veda etmesinin ard\u0131ndan b\u00fcy\u00fck tepki toplayan Teknik Direkt\u00f6r Ertu\u011frul Sa\u011flam, d\u00fcn g\u00f6revinden istifa etmi\u015fti.<!--more--><\/p>\n<p style=\"text-align: justify;\">Metalist Kharkiv ma\u00e7\u0131n\u0131n ard\u0131ndan daha \u00f6nce Be\u015fikta\u015f&#8217;\u0131 \u00e7al\u0131\u015ft\u0131ran Mircea Lucescu ile iki kez g\u00f6r\u00fc\u015fmeye yapan Kul\u00fcp Ba\u015fkan\u0131 Y\u0131ld\u0131r\u0131m Demir\u00f6ren, deneyimli teknik adamdan &#8216;Kas\u0131m&#8217;da gelebilirim&#8221; yan\u0131t\u0131 almas\u0131n\u0131n ard\u0131ndan rotay\u0131 Mustafa Denizli&#8217;ye \u00e7evirdi. Mustafa Denizli ile g\u00f6r\u00fc\u015fen Ba\u015fkan Demir\u00f6ren&#8217;in olumlu yan\u0131t ald\u0131\u011f\u0131 ve bu transferin \u00f6n\u00fcm\u00fczdeki g\u00fcnlerde ger\u00e7ekle\u015fece\u011fi bildirildi.<\/p>\n<p style=\"text-align: justify;\">Ayr\u0131ca Mustafa Denizli&#8217;nin yard\u0131mc\u0131l\u0131\u011f\u0131na Be\u015fikta\u015f&#8217;\u0131n eski futbolcular\u0131ndan Sergen Yal\u00e7\u0131n&#8217;\u0131n getirilece\u011fi \u00f6\u011frenildi.<\/p>\n","protected":false},"excerpt":{"rendered":"<p style=\"text-align: center;\">\n<p style=\"text-align: justify;\">Be\u015fikta\u015f&#8217;ta Ertu\u011frul Sa\u011flam&#8217;\u0131n istifas\u0131n\u0131n ard\u0131ndan bo\u015falan teknik direkt\u00f6rl\u00fck g\u00f6revine Mustafa Denizli&#8217;nin getirilece\u011fi belirtildi.<\/p>\n<p style=\"text-align: justify;\">Be\u015fikta\u015f&#8217;\u0131n Ukrayna temsilcisi Metalist Kharkiv tak\u0131m\u0131na deplasmanda 4-1 ma\u011flup olup UEFA Kupas\u0131&#8217;na 1. turda veda etmesinin ard\u0131ndan b\u00fcy\u00fck tepki toplayan Teknik Direkt\u00f6r Ertu\u011frul Sa\u011flam, d\u00fcn g\u00f6revinden istifa etmi\u015fti.<\/p>\n","protected":false},"author":1,"featured_media":0,"comment_status":"open","ping_status":"open","sticky":false,"template":"","format":"standard","meta":{"footnotes":""},"categories":[42],"tags":[],"class_list":["post-35628","post","type-post","status-publish","format-standard","hentry","category-spor","odd"],"_links":{"self":[{"href":"http:\/\/www.korhanyilmaz.com\/index.php?rest_route=\/wp\/v2\/posts\/35628","targetHints":{"allow":["GET"]}}],"collection":[{"href":"http:\/\/www.korhanyilmaz.com\/index.php?rest_route=\/wp\/v2\/posts"}],"about":[{"href":"http:\/\/www.korhanyilmaz.com\/index.php?rest_route=\/wp\/v2\/types\/post"}],"author":[{"embeddable":true,"href":"http:\/\/www.korhanyilmaz.com\/index.php?rest_route=\/wp\/v2\/users\/1"}],"replies":[{"embeddable":true,"href":"http:\/\/www.korhanyilmaz.com\/index.php?rest_route=%2Fwp%2Fv2%2Fcomments&post=35628"}],"version-history":[{"count":0,"href":"http:\/\/www.korhanyilmaz.com\/index.php?rest_route=\/wp\/v2\/posts\/35628\/revisions"}],"wp:attachment":[{"href":"http:\/\/www.korhanyilmaz.com\/index.php?rest_route=%2Fwp%2Fv2%2Fmedia&parent=35628"}],"wp:term":[{"taxonomy":"category","embeddable":true,"href":"http:\/\/www.korhanyilmaz.com\/index.php?rest_route=%2Fwp%2Fv2%2Fcategories&post=35628"},{"taxonomy":"post_tag","embeddable":true,"href":"http:\/\/www.korhanyilmaz.com\/index.php?rest_route=%2Fwp%2Fv2%2Ftags&post=35628"}],"curies":[{"name":"wp","href":"https:\/\/api.w.org\/{rel}","templated":true}]}}