{"id":35567,"date":"2011-07-07T13:28:04","date_gmt":"2011-07-07T10:28:04","guid":{"rendered":"http:\/\/www.korhanyilmaz.com\/?p=35567"},"modified":"2011-07-10T11:22:30","modified_gmt":"2011-07-10T11:22:30","slug":"cihanerin-baslattigi-davada-karar-cikti","status":"publish","type":"post","link":"http:\/\/www.korhanyilmaz.com\/?p=35567","title":{"rendered":"Cihaner&#8217;in ba\u015flatt\u0131\u011f\u0131 davada karar \u00e7\u0131kt\u0131"},"content":{"rendered":"<p style=\"text-align: center;\"><a href=\"http:\/\/www.korhanyilmaz.com\/wp-content\/uploads\/2011\/07\/1000.jpg\"  class=\"lightview\"><img loading=\"lazy\" decoding=\"async\" class=\"aligncenter size-full wp-image-35568\" src=\"http:\/\/www.korhanyilmaz.com\/wp-content\/uploads\/2011\/07\/1000.jpg\" alt=\"\" width=\"307\" height=\"236\" \/><\/a><\/p>\n<p style=\"text-align: justify;\">Cumhuriyet eski Ba\u015fsavc\u0131s\u0131 \u0130lhan Cihaner&#8217;in ba\u015flatt\u0131\u011f\u0131 ve \u00d6zel Yetkili Cumhuriyet Savc\u0131s\u0131 Osman \u015eanal taraf\u0131ndan &#8216;Cebir ve \u015fiddet kullanarak Anayasal d\u00fczeni ortadan kald\u0131rd\u0131klar\u0131&#8217; iddias\u0131yla soru\u015fturmas\u0131 elinden al\u0131nan &#8216;\u0130smail A\u011fa Cemaati&#8217; \u00fcyeleri hakk\u0131nda Erzurum \u00d6zel Yetkili 2&#8217;nci A\u011f\u0131r Ceza Mahkemesi karar verdi. 16 cemaat \u00fcyesi, &#8216;Anayasal d\u00fczeni ortadan kald\u0131rmaya te\u015febb\u00fcs etmek&#8217; su\u00e7undan beraat ederken, &#8216;Yasalara ayk\u0131r\u0131 e\u011fitim kurumu a\u00e7mak&#8217; su\u00e7undan 11 san\u0131\u011fa 5&#8217;er ay hapis cezas\u0131 verildi. Mahkeme, san\u0131klar\u0131n daha \u00f6nce kas\u0131tl\u0131 bir su\u00e7tan mahkum olmad\u0131klar\u0131n\u0131, ki\u015filik \u00f6zellikleri ve duru\u015fmadaki tutum, davran\u0131\u015flar\u0131n\u0131 dikkate alarak verilen hapis cezas\u0131n\u0131 5 y\u0131l s\u00fcreyle erteledi. <!--more--><\/p>\n<p style=\"text-align: justify;\">B\u00fcy\u00fck tart\u0131\u015fmalara yol a\u00e7an \u0130smail A\u011fa Cemaati&#8217;ne y\u00f6nelik Erzincan&#8217;da d\u00f6nemin Cumhuriyet Ba\u015fsavc\u0131s\u0131 \u0130lhan Cihaner taraf\u0131ndan 2 Kas\u0131m 2007 tarihinde soru\u015fturma ba\u015flat\u0131ld\u0131. \u0130l Jandarma Komutanl\u0131\u011f\u0131 taraf\u0131ndan y\u00fcr\u00fct\u00fclen soru\u015fturmada, 29 ki\u015fi g\u00f6zalt\u0131na al\u0131nd\u0131, 9 cemaat \u00fcyesi tutukland\u0131.<\/p>\n<p style=\"text-align: justify;\">O d\u00f6nem Erzurum \u00d6zel Yetkili Cumhuriyet Savc\u0131s\u0131 olan Osman \u015eanal, ihbar \u00fczerine cemaatin &#8216;Silahl\u0131 ter\u00f6r \u00f6rg\u00fct\u00fc&#8217; oldu\u011fu ileri s\u00fcrerek 5 May\u0131s 2009 tarihinde soru\u015fturma yetkisinin kendisinde oldu\u011funu belirterek dosyay\u0131 Cihaner&#8217;den istedi. Ba\u015fsavc\u0131 Cihaner bunun \u00fczerine \u015eanal&#8217;\u0131 HSYK ve Adalet Bakanl\u0131\u011f\u0131&#8217;na \u015fikayet etti. Ancak, sonunda cemaat dosyas\u0131, \u00d6zel Yetkili Cumhuriyet Savc\u0131s\u0131 \u015eanal&#8217;a g\u00f6nderildi. Ard\u0131ndan 12 Haziran 2009 tarihinde bir gazetede Albay Dursun \u00c7i\u00e7ek&#8217;in imzas\u0131yla AK Parti ve G\u00fclen Cemaatini bitirmeye y\u00f6nelik \u2018\u0130rticayla M\u00fccadele Eylem Plan\u0131&#8217;n\u0131n Erzincan&#8217;da uygulamaya konuldu\u011fu \u00f6ne s\u00fcr\u00fcld\u00fc.<\/p>\n<p style=\"text-align: justify;\">Adalet Bakanl\u0131\u011f\u0131 18 Haziran 2009&#8217;da &#8216;duyarl\u0131 ve ma\u011fdur vatanda\u015flar\u0131n&#8217; ihbar\u0131 \u00fczerine \u0130lhan Cihaner hakk\u0131nda &#8216;\u0130smaila\u011fa soru\u015fturmas\u0131n\u0131 yetkililerden gizlemek, sahte evrak, kameriye yapt\u0131rarak imar kirlili\u011fine neden olmak&#8217; su\u00e7lar\u0131ndan hala Yarg\u0131tay&#8217;da g\u00f6r\u00fclen davada 26 y\u0131la kadar hapsi istemiyle yarg\u0131lanmaya ba\u015fland\u0131.<\/p>\n<p style=\"text-align: justify;\"><strong>\u00d6zel yetkili savc\u0131: Silahl\u0131 \u00f6rg\u00fct de\u011fil<\/strong><\/p>\n<p style=\"text-align: justify;\">Erzurum \u00d6zel Yetkili 2&#8217;nci A\u011f\u0131r Ceza Mahkemesinde 26 Ekim 2010 g\u00fcn\u00fc yap\u0131lan duru\u015fmada, \u00d6zel Yetkili Cumhuriyet Savc\u0131s\u0131 Ender Karadeniz, dosyaya ili\u015fkin esas hakk\u0131ndaki g\u00f6r\u00fc\u015f\u00fcn\u00fc a\u00e7\u0131klarken, cemaatle ilgili yakalananlar\u0131n cebir ve \u015fiddet kullanarak Anayasal d\u00fczeni de\u011fi\u015ftirmeye y\u00f6nelik inand\u0131r\u0131c\u0131 delil bulunamad\u0131\u011f\u0131n\u0131 belirtti. Savc\u0131 Karadeniz, \u0130smail A\u011fa Cemaatiyle ilgili olarak yarg\u0131lanan 16 san\u0131ktan 11&#8217;inin izinsiz e\u011fitim kurumu a\u00e7mak su\u00e7uyla cezaland\u0131r\u0131lmalar\u0131 gerekti\u011fini s\u00f6yledi.<\/p>\n<p style=\"text-align: justify;\">Erzurum \u00d6zel Yetkili 2&#8217;nci A\u011f\u0131r Ceza Mahkemesi&#8217;nde yap\u0131lan sekizinci duru\u015fmada karar a\u00e7\u0131kland\u0131. Tutuksuz san\u0131klar\u0131n haz\u0131r bulunmad\u0131\u011f\u0131 duru\u015fmay\u0131 avukatlar\u0131 Lokman Okumu\u015f ile Alparslan Sarcan izledi. Mahkeme Ba\u015fkan\u0131 Mustafa Karatay, san\u0131k avukatlar\u0131ndan son s\u00f6zlerini istedi. Cumhuriyet Savc\u0131s\u0131 Ender Karadeniz, savc\u0131n\u0131n esas hakk\u0131ndaki g\u00f6r\u00fc\u015f\u00fc do\u011frultusunda karar verilmesi gerekti\u011fini bildirdi. Mahkeme, 3 kad\u0131n 16 san\u0131\u011f\u0131n Anayasal d\u00fczeni ortadan kald\u0131rmaya te\u015febb\u00fcs etme su\u00e7unu i\u015flediklerinin sabit olmad\u0131\u011f\u0131n\u0131 bildirerek ayr\u0131 ayr\u0131 beraatlerini uygun g\u00f6rd\u00fc.<\/p>\n<p style=\"text-align: justify;\">San\u0131k Adem S., Cemal G., Bahattin U., \u0130sa K., Cenk D., \u015eevket G., Ahmet Bahad\u0131r A., Kadir Naci G., Z\u00fckarneyn C., Fatih K., Murat S.&#8217;nin yasalara ayk\u0131r\u0131 olarak e\u011fitim kurumu a\u00e7mak su\u00e7unu i\u015fledikleri sabit bulan mahkeme, TCK&#8217;n\u0131n 263&#8217;\u00fcnc\u00fc maddesi uyar\u0131nca 11 ki\u015fiyi \u00f6nce 6, daha sonra indirim uygulayarak 5&#8217;er ay hapis cezas\u0131 ile cezaland\u0131r\u0131mlar\u0131na karar verdi. San\u0131klar\u0131n daha \u00f6nce kas\u0131tl\u0131 bir su\u00e7tan mahkum olmamalar\u0131, ki\u015filik \u00f6zellikleri, duru\u015fmadaki tutum, davran\u0131\u015flar\u0131n\u0131 dikkate alan Mahkeme, olumsuz bir y\u00f6n tespit etmedi\u011fi i\u00e7in h\u00fckm\u00fcn a\u00e7\u0131klanmas\u0131n\u0131 5 y\u0131l s\u00fcreyle erteledi.<\/p>\n<p style=\"text-align: justify;\">Denitim s\u00fcresi i\u00e7inde kasten yeni bir su\u00e7 i\u015flemedikleri takdirde a\u00e7\u0131klanmas\u0131 geri b\u0131rak\u0131lan h\u00fckm\u00fcn ortadan kald\u0131r\u0131larak davan\u0131n d\u00fc\u015fmesi kararla\u015ft\u0131r\u0131ld\u0131. San\u0131klar 7 g\u00fcn i\u00e7erisinde bir \u00fcst mahkeme olan Diyarbak\u0131r N\u00f6bet\u00e7i A\u011f\u0131r Ceza Mahkemesine itiraz edebilecek.<\/p>\n<p style=\"text-align: justify;\"><a href=\"http:\/\/www.cnnturk.com\/2011\/turkiye\/07\/07\/cihanerin.baslattigi.davada.karar.cikti\/622321.0\/index.html\" target=\"_blank\">Kaynak : CNN T\u00dcRK<\/a><\/p>\n","protected":false},"excerpt":{"rendered":"<p style=\"text-align: center;\">\n<p style=\"text-align: justify;\">Cumhuriyet eski Ba\u015fsavc\u0131s\u0131 \u0130lhan Cihaner&#8217;in ba\u015flatt\u0131\u011f\u0131 ve \u00d6zel Yetkili Cumhuriyet Savc\u0131s\u0131 Osman \u015eanal taraf\u0131ndan &#8216;Cebir ve \u015fiddet kullanarak Anayasal d\u00fczeni ortadan kald\u0131rd\u0131klar\u0131&#8217; iddias\u0131yla soru\u015fturmas\u0131 elinden al\u0131nan &#8216;\u0130smail A\u011fa Cemaati&#8217; \u00fcyeleri hakk\u0131nda Erzurum \u00d6zel Yetkili 2&#8217;nci A\u011f\u0131r Ceza Mahkemesi karar verdi. 16 cemaat \u00fcyesi, &#8216;Anayasal d\u00fczeni ortadan kald\u0131rmaya te\u015febb\u00fcs etmek&#8217; su\u00e7undan <\/p>\n","protected":false},"author":1,"featured_media":0,"comment_status":"open","ping_status":"closed","sticky":false,"template":"","format":"standard","meta":{"footnotes":""},"categories":[105],"tags":[],"class_list":["post-35567","post","type-post","status-publish","format-standard","hentry","category-gundem","odd"],"_links":{"self":[{"href":"http:\/\/www.korhanyilmaz.com\/index.php?rest_route=\/wp\/v2\/posts\/35567","targetHints":{"allow":["GET"]}}],"collection":[{"href":"http:\/\/www.korhanyilmaz.com\/index.php?rest_route=\/wp\/v2\/posts"}],"about":[{"href":"http:\/\/www.korhanyilmaz.com\/index.php?rest_route=\/wp\/v2\/types\/post"}],"author":[{"embeddable":true,"href":"http:\/\/www.korhanyilmaz.com\/index.php?rest_route=\/wp\/v2\/users\/1"}],"replies":[{"embeddable":true,"href":"http:\/\/www.korhanyilmaz.com\/index.php?rest_route=%2Fwp%2Fv2%2Fcomments&post=35567"}],"version-history":[{"count":0,"href":"http:\/\/www.korhanyilmaz.com\/index.php?rest_route=\/wp\/v2\/posts\/35567\/revisions"}],"wp:attachment":[{"href":"http:\/\/www.korhanyilmaz.com\/index.php?rest_route=%2Fwp%2Fv2%2Fmedia&parent=35567"}],"wp:term":[{"taxonomy":"category","embeddable":true,"href":"http:\/\/www.korhanyilmaz.com\/index.php?rest_route=%2Fwp%2Fv2%2Fcategories&post=35567"},{"taxonomy":"post_tag","embeddable":true,"href":"http:\/\/www.korhanyilmaz.com\/index.php?rest_route=%2Fwp%2Fv2%2Ftags&post=35567"}],"curies":[{"name":"wp","href":"https:\/\/api.w.org\/{rel}","templated":true}]}}