{"id":35545,"date":"2011-07-06T09:59:44","date_gmt":"2011-07-06T06:59:44","guid":{"rendered":"http:\/\/www.korhanyilmaz.com\/?p=35545"},"modified":"2011-07-10T23:10:46","modified_gmt":"2011-07-10T20:10:46","slug":"buyumeyi-dervise-bocluyuz","status":"publish","type":"post","link":"http:\/\/www.korhanyilmaz.com\/?p=35545","title":{"rendered":"&#8216;B\u00fcy\u00fcmeyi Dervi\u015f&#8217;e bo\u00e7luyuz&#8217;"},"content":{"rendered":"<p style=\"text-align: center;\"><a href=\"http:\/\/www.korhanyilmaz.com\/wp-content\/uploads\/2011\/07\/130993572540749.jpg\"  class=\"lightview\"><img loading=\"lazy\" decoding=\"async\" class=\"aligncenter size-full wp-image-35546\" src=\"http:\/\/www.korhanyilmaz.com\/wp-content\/uploads\/2011\/07\/130993572540749.jpg\" alt=\"\" width=\"462\" height=\"210\" \/><\/a><\/p>\n<p style=\"text-align: justify;\">G\u00fcler Sabanc\u0131, T\u00fcrkiye&#8217;nin bug\u00fcnk\u00fc ekonomik b\u00fcy\u00fcmesini Kemal Dervi\u015f taraf\u0131ndan haz\u0131rlanan ekonomik pakete bor\u00e7lu oldu\u011funu s\u00f6yledi.<\/p>\n<p style=\"text-align: justify;\">Sabanc\u0131 Holding Y\u00f6netim Kurulu ile Sabanc\u0131 \u00dcniversitesi M\u00fctevelli Heyeti Ba\u015fkan\u0131 G\u00fcler Sabanc\u0131, T\u00fcrkiye&#8217;nin bug\u00fcnk\u00fc ekonomik b\u00fcy\u00fcmesini 2001 krizinden sonra ekonomiden sorumlu Devlet Bakan\u0131 olarak g\u00f6rev yapan Kemal Dervi\u015f taraf\u0131ndan haz\u0131rlanan ekonomik pakete bor\u00e7lu oldu\u011funu s\u00f6yledi. <!--more--><\/p>\n<p style=\"text-align: justify;\">Sabanc\u0131 \u00dcniversitesi \u0130stanbul Politikalar Merkezi ile Mercator Vakf\u0131 aras\u0131ndaki stratejik ortakl\u0131k alanlar\u0131n\u0131 tan\u0131mlayan anla\u015fman\u0131n imzalanmas\u0131 vesilesi ile Almanya&#8217;n\u0131n Essen kentinde d\u00fcn Mercator Vakf\u0131 taraf\u0131ndan d\u00fczenlenen y\u0131ll\u0131k konferansa kat\u0131lan Sabanc\u0131, &#8220;Die Zeit&#8221; adl\u0131 haftal\u0131k gazetesinin Ortado\u011fu Temsilcisi Michael Thumann&#8217;\u0131n sorular\u0131n\u0131 yan\u0131tlad\u0131.<\/p>\n<p style=\"text-align: justify;\">T\u00fcrkiye&#8217;nin makro ekonomik anlamda \u00e7ok iyi bir pozisyonda oldu\u011funu, ancak mikro ekonomik alanda yeni reformlara ihtiya\u00e7 duydu\u011funu belirten Sabanc\u0131, &#8220;T\u00fcrkiye&#8217;deki son 10 y\u0131ldaki ba\u015far\u0131ya bakt\u0131\u011f\u0131m\u0131zda, bu ba\u015far\u0131 ve b\u00fcy\u00fcmenin temelini, 2001 y\u0131l\u0131nda ya\u015fanan ekonomik krizden sonra Kemal Dervi\u015f&#8217;in haz\u0131rlad\u0131\u011f\u0131 ekonomik tedbir paketi olu\u015fturdu. Kemal Dervi\u015f&#8217;in getirdi\u011fi reformlar T\u00fcrkiye&#8217;deki ekonomik geli\u015fimin temelini olu\u015fturdu. Onun getirdi\u011fi bankac\u0131l\u0131k sistemi krizi \u00e7abuk yenmemize neden oldu. Onun getirdi\u011fi reformlara daha sonra gelen h\u00fck\u00fcmetler de sad\u0131k kal\u0131nca T\u00fcrkiye&#8217;deki geli\u015fme kesintisiz olarak bug\u00fcne kadar devam etti&#8221; \u015feklinde konu\u015ftu.<\/p>\n<p style=\"text-align: justify;\">Thumann&#8217;\u0131n, &#8220;T\u00fcrkiye&#8217;de atom enerjisi olmal\u0131 m\u0131, yoksa yenilenebilir enerjiye mi ge\u00e7ilmeli?&#8221; \u015feklindeki sorusuna kar\u015f\u0131l\u0131k da Sabanc\u0131, &#8221;Ke\u015fke T\u00fcrkiye&#8217;nin atom enerjisinden vazge\u00e7me \u015fans\u0131 olsayd\u0131. Ancak \u00f6yle bir se\u00e7ene\u011fi yok. Atom enerjisinden T\u00fcrkiye&#8217;nin vazge\u00e7ip vazge\u00e7meyece\u011fini de\u011fil, atom enerjisinin verimlili\u011fini nas\u0131l art\u0131rabiliriz, en iyi nas\u0131l kullanabiliriz, onu tart\u0131\u015fmam\u0131z gerekir&#8221; \u015feklinde yan\u0131t verdi.<\/p>\n<p style=\"text-align: justify;\">T\u00fcrkiye&#8217;nin ve Almanya&#8217;n\u0131n kendi b\u00f6lgelerinde iki \u00f6nemli ve istikrarl\u0131 \u00fclke oldu\u011funa dikkati \u00e7eken Sabanc\u0131, iki \u00fclkenin birlikte \u00e7al\u0131\u015fmas\u0131 halinde yeni bir dinamik do\u011faca\u011f\u0131n\u0131 ve bunun da t\u00fcm \u00fclkelerin \u00e7\u0131kar\u0131na olaca\u011f\u0131n\u0131 s\u00f6yledi.<\/p>\n<p style=\"text-align: justify;\">Ortado\u011fu&#8217;daki son geli\u015fmeleri de de\u011ferlendiren Sabanc\u0131, T\u00fcrkiye&#8217;nin, Arap \u00fclkelerine demokratikle\u015fme a\u00e7\u0131s\u0131ndan \u00f6rnek te\u015fkil etti\u011fini, Arap \u00fclkelerinin T\u00fcrkiye&#8217;yi \u00f6rnek almas\u0131nda, bu \u00fclkeler ile Osmanl\u0131 \u0130mparatorlu\u011fu d\u00f6neminden beri s\u00fcregelen tarihi ve k\u00fclt\u00fcrel ba\u011flar\u0131n\u0131n b\u00fcy\u00fck etkisinin oldu\u011funu ifade etti.<\/p>\n<p style=\"text-align: justify;\">T\u00fcrkiye&#8217;nin AB&#8217;ye \u00fcyeli\u011finin, AB&#8217;yi bir d\u00fcnya g\u00fcc\u00fc haline getirece\u011fine inand\u0131\u011f\u0131n\u0131 kaydeden Sabanc\u0131, &#8220;AB, b\u00f6lgesel bir g\u00fc\u00e7 m\u00fc, yoksa d\u00fcnya g\u00fcc\u00fc m\u00fc olmak istiyor ona karar vermeli. Yunanistan&#8217;\u0131n, d\u00fcnya ekonomisinde sadece y\u00fczde 0,5 oran\u0131nda yeri olmas\u0131na ra\u011fmen, Yunanistan&#8217;\u0131n ekonomik olarak \u00e7\u00f6k\u00fcnt\u00fcye u\u011framas\u0131 halinde, bu durum hem T\u00fcrkiye&#8217;yi hem de Almanya&#8217;y\u0131 olumsuz etkileyecektir&#8221; dedi. T\u00fcrkiye&#8217;nin Avrupa&#8217;n\u0131n enerji k\u00f6pr\u00fcs\u00fc oldu\u011funa ve Avrupa&#8217;n\u0131n da ihtiya\u00e7 duydu\u011fu enerjinin belli bir k\u0131sm\u0131n\u0131n T\u00fcrkiye \u00fczerinden Avrupa&#8217;ya aktar\u0131ld\u0131\u011f\u0131na i\u015faret eden Sabanc\u0131, T\u00fcrkiye&#8217;nin enerji a\u00e7\u0131s\u0131ndan \u00f6nemli bir transit \u00fclke konumunda oldu\u011funu ifade etti.<\/p>\n<p style=\"text-align: justify;\">Sabanc\u0131, &#8220;Gerek T\u00fcrkiye&#8217;de gerekse AB&#8217;de s\u00fcrekli bir de\u011fi\u015fim olmakta. Yap\u0131lacak ortakl\u0131klar\u0131n, birlikte \u00e7al\u0131\u015fman\u0131n, gelecek ku\u015faklar a\u00e7\u0131s\u0131ndan \u00f6nemli oldu\u011funu d\u00fc\u015f\u00fcn\u00fcyorum. T\u00fcrkiye&#8217;nin AB&#8217;ye \u00fcyelik s\u00fcrecinde bu denli \u00e7\u0131kmaza girmi\u015f olmas\u0131n\u0131n nedeni 2008 y\u0131l\u0131nda ya\u015fanan ekonomik krizdir. Bu krize bir an \u00f6nce \u00e7\u00f6z\u00fcm bulunmal\u0131&#8221; diye konu\u015ftu.<\/p>\n<p style=\"text-align: justify;\">T\u00fcrkiye ile Avrupa aras\u0131nda birlikte \u00e7al\u0131\u015fman\u0131n, T\u00fcrkiye&#8217;de yeni dinamiklerin olu\u015fmas\u0131na ve toplumun modernize olmas\u0131na katk\u0131da bulundu\u011funu kaydeden Sabanc\u0131, &#8220;T\u00fcrkiye&#8217;nin Rusya ve Ortado\u011fu \u00fclkeleri ile ili\u015fkilerini geli\u015ftirmesinin, AB ile olan ili\u015fkilerine hi\u00e7bir \u015fekilde olumsuz etkisi olmaz. Aksine T\u00fcrkiye&#8217;nin k\u00f6pr\u00fc fonksiyonu, Avrupa&#8217;ya yeni \u015fanslar ve imkanlar sunmaktad\u0131r&#8221; dedi.<\/p>\n<p style=\"text-align: justify;\"><a href=\"http:\/\/www.gazeteport.com.tr\/haber\/41105\/buyumeyi_dervise_bocluyuz\" target=\"_blank\">Kaynak : GAZETEPORT<\/a><\/p>\n","protected":false},"excerpt":{"rendered":"<p style=\"text-align: center;\">\n<p style=\"text-align: justify;\">G\u00fcler Sabanc\u0131, T\u00fcrkiye&#8217;nin bug\u00fcnk\u00fc ekonomik b\u00fcy\u00fcmesini Kemal Dervi\u015f taraf\u0131ndan haz\u0131rlanan ekonomik pakete bor\u00e7lu oldu\u011funu s\u00f6yledi.<\/p>\n<p style=\"text-align: justify;\">Sabanc\u0131 Holding Y\u00f6netim Kurulu ile Sabanc\u0131 \u00dcniversitesi M\u00fctevelli Heyeti Ba\u015fkan\u0131 G\u00fcler Sabanc\u0131, T\u00fcrkiye&#8217;nin bug\u00fcnk\u00fc ekonomik b\u00fcy\u00fcmesini 2001 krizinden sonra ekonomiden sorumlu Devlet Bakan\u0131 olarak g\u00f6rev yapan Kemal Dervi\u015f taraf\u0131ndan haz\u0131rlanan ekonomik pakete bor\u00e7lu <\/p>\n","protected":false},"author":1,"featured_media":0,"comment_status":"open","ping_status":"closed","sticky":false,"template":"","format":"standard","meta":{"footnotes":""},"categories":[7],"tags":[],"class_list":["post-35545","post","type-post","status-publish","format-standard","hentry","category-ekonomi","odd"],"_links":{"self":[{"href":"http:\/\/www.korhanyilmaz.com\/index.php?rest_route=\/wp\/v2\/posts\/35545","targetHints":{"allow":["GET"]}}],"collection":[{"href":"http:\/\/www.korhanyilmaz.com\/index.php?rest_route=\/wp\/v2\/posts"}],"about":[{"href":"http:\/\/www.korhanyilmaz.com\/index.php?rest_route=\/wp\/v2\/types\/post"}],"author":[{"embeddable":true,"href":"http:\/\/www.korhanyilmaz.com\/index.php?rest_route=\/wp\/v2\/users\/1"}],"replies":[{"embeddable":true,"href":"http:\/\/www.korhanyilmaz.com\/index.php?rest_route=%2Fwp%2Fv2%2Fcomments&post=35545"}],"version-history":[{"count":0,"href":"http:\/\/www.korhanyilmaz.com\/index.php?rest_route=\/wp\/v2\/posts\/35545\/revisions"}],"wp:attachment":[{"href":"http:\/\/www.korhanyilmaz.com\/index.php?rest_route=%2Fwp%2Fv2%2Fmedia&parent=35545"}],"wp:term":[{"taxonomy":"category","embeddable":true,"href":"http:\/\/www.korhanyilmaz.com\/index.php?rest_route=%2Fwp%2Fv2%2Fcategories&post=35545"},{"taxonomy":"post_tag","embeddable":true,"href":"http:\/\/www.korhanyilmaz.com\/index.php?rest_route=%2Fwp%2Fv2%2Ftags&post=35545"}],"curies":[{"name":"wp","href":"https:\/\/api.w.org\/{rel}","templated":true}]}}