{"id":35538,"date":"2011-07-06T15:03:59","date_gmt":"2011-07-06T12:03:59","guid":{"rendered":"http:\/\/www.korhanyilmaz.com\/?p=35538"},"modified":"2011-07-10T11:23:43","modified_gmt":"2011-07-10T11:23:43","slug":"cok-tartisilacak-milli-egtim-bakani","status":"publish","type":"post","link":"http:\/\/www.korhanyilmaz.com\/?p=35538","title":{"rendered":"\u00c7ok tart\u0131\u015f\u0131lacak Milli E\u011ftim Bakan\u0131"},"content":{"rendered":"<p style=\"text-align: center;\"><a href=\"http:\/\/www.korhanyilmaz.com\/wp-content\/uploads\/2011\/07\/130995480679126.jpg\"  class=\"lightview\"><img loading=\"lazy\" decoding=\"async\" class=\"aligncenter size-full wp-image-35539\" src=\"http:\/\/www.korhanyilmaz.com\/wp-content\/uploads\/2011\/07\/130995480679126.jpg\" alt=\"\" width=\"462\" height=\"210\" \/><\/a><\/p>\n<p style=\"text-align: justify;\">Ba\u015fbakan Erdo\u011fan, &#8220;intial&#8221; iddialar\u0131na bakmad\u0131, \u00d6mer Din\u00e7er&#8217;i yeni Milli E\u011fitim Bakan\u0131 koltu\u011funa oturttu&#8230;<\/p>\n<p style=\"text-align: justify;\">ANKARA- Milli E\u011fitim Bakanl\u0131\u011f\u0131\u2019na, bu makam\u0131n yeni d\u00f6nemde en \u00e7ok tart\u0131\u015f\u0131lmas\u0131na neden olabilecek isimlerden biri getirildi.<\/p>\n<p style=\"text-align: justify;\">Hakk\u0131nda \u201cintihal\u201d iddialar\u0131 bulunan, laikli\u011fe ili\u015fkin 1995 konu\u015fmas\u0131 g\u00fcnlerce tart\u0131\u015f\u0131lan son olarak \u00f6len madencilerin ac\u0131 \u00e7ekmeden \u00f6ld\u00fcklerini anlatmak amac\u0131yla \u201cg\u00fczel \u00f6ld\u00fcler\u201d dedi\u011fi i\u00e7in man\u015fetlere \u00e7\u0131kan \u00d6mer Din\u00e7er, Nimet \u00c7ubuk\u00e7u\u2019dan bo\u015falan koltu\u011fa Milli E\u011fitim Bakan\u0131 olarak oturdu. <!--more--><\/p>\n<p style=\"text-align: justify;\">Din\u00e7er, 10 Eyl\u00fcl 1956\u2019da Karaman\u2019da do\u011fdu. Atat\u00fcrk \u00dcniversitesi \u0130\u015fletme Fak\u00fcltesi\u2019ni bitirdi. \u0130stanbul \u00dcniversitesi \u0130\u015fletme Fak\u00fcltesi\u2019nde; 1980 y\u0131l\u0131nda Y\u00fcksek Lisans Program\u0131n\u0131, 1984 y\u0131l\u0131nda da Doktora program\u0131n\u0131 tamamlad\u0131. 1980 y\u0131l\u0131nda, Marmara \u00dcniversitesi \u0130ktisadi ve \u0130dari Bilimler Fak\u00fcltesi\u2019nde asistan olarak g\u00f6reve ba\u015flad\u0131. 1988 y\u0131l\u0131nda Do\u00e7ent, 1994 y\u0131l\u0131nda da Profes\u00f6r oldu. Bu \u00fcniversitede g\u00f6rev yapt\u0131\u011f\u0131 s\u00fcre i\u00e7erisinde, uzmanl\u0131k alan\u0131 olan Stratejik Y\u00f6netim, Y\u00f6netim ve Organizasyon, De\u011fi\u015fim Y\u00f6netimi ve \u00d6rg\u00fct Geli\u015ftirme konular\u0131nda ders ve seminerler verdi, ara\u015ft\u0131rmalar yapt\u0131, makaleler ve kitaplar yazd\u0131. Ayr\u0131ca, Mahalli \u0130dareler ve Yerinden Y\u00f6netim Anabilim Dal\u0131 ve b\u00f6l\u00fcm ba\u015fkanl\u0131\u011f\u0131 ile \u00fcniversitenin \u00e7e\u015fitli birimlerinde y\u00f6netim kurulu \u00fcyeli\u011fi ve idari g\u00f6revler yapt\u0131. 1994-1997\u2019de \u00fcniversitedeki g\u00f6revlerin yan\u0131 s\u0131ra, \u0130stanbul B\u00fcy\u00fck\u015fehir Belediyesinde Ba\u015fdan\u0131\u015fmanl\u0131k yapt\u0131. 1999-2003 y\u0131llar\u0131 aras\u0131nda, Beykent \u00dcniversitesi&#8217;nde; Rekt\u00f6r Yard\u0131mc\u0131l\u0131\u011f\u0131, \u0130ktisadi ve \u0130dari Bilimler Fak\u00fcltesi Dekanl\u0131\u011f\u0131 ve Sosyal Bilimler Enstit\u00fcs\u00fc M\u00fcd\u00fcrl\u00fc\u011f\u00fc g\u00f6revlerini y\u00fcr\u00fctt\u00fc. 11 Nisan 2003 tarihinde Ba\u015fbakan Ba\u015fm\u00fc\u015faviri, 21 Ekim 2003 tarihinde de Ba\u015fbakanl\u0131k M\u00fcste\u015far\u0131 oldu. 2005&#8217;te Y\u00d6K Genel Kurulu, \u00d6mer Din\u00e7er hakk\u0131nda \u201c\u0130\u015fletme Y\u00f6netimine Giri\u015f isimli kitab\u0131nda a\u015f\u0131rma yapt\u0131\u011f\u0131\u201d gerek\u00e7esiyle, \u201c\u00fcniversite \u00f6\u011fretim mesle\u011finden \u00e7\u0131karma cezas\u0131\u201d verdi. 2008&#8217;de Ankara 1. \u0130dare Mahkemesi \u201cintihal ger\u00e7ekle\u015fmi\u015ftir\u201d h\u00fckm\u00fc ile \u00d6mer Din\u00e7er\u2019in, Y\u00d6K taraf\u0131ndan \u201cintihal\u201d yapt\u0131\u011f\u0131na ili\u015fkin verdi\u011fi karara yapt\u0131\u011f\u0131 itiraz\u0131 reddetti.<\/p>\n<p style=\"text-align: justify;\">22 Temmuz 2007 milletvekili genel se\u00e7imlerinde \u0130stanbul milletvekili se\u00e7ildi. 1 May\u0131s 2009 tarihinde \u00c7al\u0131\u015fma ve Sosyal G\u00fcvenlik Bakanl\u0131\u011f\u0131na atand\u0131. 12 Haziran 2011 milletvekili genel se\u00e7imlerinde \u0130stanbul&#8217;dan tekrar milletvekili se\u00e7ildi.<\/p>\n<p style=\"text-align: justify;\"><strong>LA\u0130KL\u0130K HAKKINDAK\u0130 S\u00d6ZLER\u0130<\/strong><\/p>\n<p style=\"text-align: justify;\">\u00d6mer Din\u00e7er\u2019in 1995\u2019te yapt\u0131\u011f\u0131 ve tart\u0131\u015fmalara yol a\u00e7an konu\u015fmas\u0131nda \u015funlar\u0131 s\u00f6ylemi\u015fti:<\/p>\n<p style=\"text-align: justify;\">\u201c<em>T\u00fcrkiye Cumhuriyeti Devleti kuruldu\u011fu s\u0131rada ortaya at\u0131lan Cumhuriyet ilkesinin zay\u0131flad\u0131\u011f\u0131n\u0131 ve i\u015flevini kaybetti\u011fini g\u00f6r\u00fcyoruz. Halk i\u00e7in ve halk ad\u0131na y\u00f6netim diye tabir edilen Cumhuriyet kavram\u0131n\u0131n asl\u0131nda art\u0131k bizim i\u00e7in \u00e7ok fazla bir mana ifade etmedi\u011fini s\u00f6ylememiz de m\u00fcmk\u00fcnd\u00fcr. T\u00fcrkiye&#8217;de Cumhuriyet ilkesinin, yerini kat\u0131l\u0131mc\u0131 bir y\u00f6netime devretmesi gerekti\u011fi ve nihayet laiklik ilkesinin yerinin \u0130slam ile b\u00fct\u00fcnle\u015fmesinin gerekli oldu\u011fu kanaatini ta\u015f\u0131yorum. B\u00f6ylece T\u00fcrkiye Cumhuriyeti&#8217;nin ba\u015flang\u0131\u00e7ta ortaya koydu\u011fu b\u00fct\u00fcn temel ilkelerin laiklik, cumhuriyet ve milliyet\u00e7ilik gibi bir\u00e7ok temel ilkenin yerine; daha \u00e7ok kat\u0131l\u0131mc\u0131, daha ademi merkezi, daha M\u00fcsl\u00fcman bir yap\u0131ya devretmesi sorumlulu\u011fu ve art\u0131k bunun zaman\u0131n\u0131n geldi\u011fi d\u00fc\u015f\u00fcncesini ta\u015f\u0131yorum.<\/em>\u201d<\/p>\n<p style=\"text-align: justify;\"><a href=\"http:\/\/www.gazeteport.com.tr\/haber\/41180\/cok_tartisilacak_milli_egtim_bakani\" target=\"_blank\">Kaynak : GAZETEPORT<\/a><\/p>\n","protected":false},"excerpt":{"rendered":"<p style=\"text-align: center;\">\n<p style=\"text-align: justify;\">Ba\u015fbakan Erdo\u011fan, &#8220;intial&#8221; iddialar\u0131na bakmad\u0131, \u00d6mer Din\u00e7er&#8217;i yeni Milli E\u011fitim Bakan\u0131 koltu\u011funa oturttu&#8230;<\/p>\n<p style=\"text-align: justify;\">ANKARA- Milli E\u011fitim Bakanl\u0131\u011f\u0131\u2019na, bu makam\u0131n yeni d\u00f6nemde en \u00e7ok tart\u0131\u015f\u0131lmas\u0131na neden olabilecek isimlerden biri getirildi.<\/p>\n<p style=\"text-align: justify;\">Hakk\u0131nda \u201cintihal\u201d iddialar\u0131 bulunan, laikli\u011fe ili\u015fkin 1995 konu\u015fmas\u0131 g\u00fcnlerce tart\u0131\u015f\u0131lan son olarak \u00f6len madencilerin ac\u0131 \u00e7ekmeden \u00f6ld\u00fcklerini <\/p>\n","protected":false},"author":1,"featured_media":0,"comment_status":"open","ping_status":"closed","sticky":false,"template":"","format":"standard","meta":{"footnotes":""},"categories":[105],"tags":[],"class_list":["post-35538","post","type-post","status-publish","format-standard","hentry","category-gundem","odd"],"_links":{"self":[{"href":"http:\/\/www.korhanyilmaz.com\/index.php?rest_route=\/wp\/v2\/posts\/35538","targetHints":{"allow":["GET"]}}],"collection":[{"href":"http:\/\/www.korhanyilmaz.com\/index.php?rest_route=\/wp\/v2\/posts"}],"about":[{"href":"http:\/\/www.korhanyilmaz.com\/index.php?rest_route=\/wp\/v2\/types\/post"}],"author":[{"embeddable":true,"href":"http:\/\/www.korhanyilmaz.com\/index.php?rest_route=\/wp\/v2\/users\/1"}],"replies":[{"embeddable":true,"href":"http:\/\/www.korhanyilmaz.com\/index.php?rest_route=%2Fwp%2Fv2%2Fcomments&post=35538"}],"version-history":[{"count":0,"href":"http:\/\/www.korhanyilmaz.com\/index.php?rest_route=\/wp\/v2\/posts\/35538\/revisions"}],"wp:attachment":[{"href":"http:\/\/www.korhanyilmaz.com\/index.php?rest_route=%2Fwp%2Fv2%2Fmedia&parent=35538"}],"wp:term":[{"taxonomy":"category","embeddable":true,"href":"http:\/\/www.korhanyilmaz.com\/index.php?rest_route=%2Fwp%2Fv2%2Fcategories&post=35538"},{"taxonomy":"post_tag","embeddable":true,"href":"http:\/\/www.korhanyilmaz.com\/index.php?rest_route=%2Fwp%2Fv2%2Ftags&post=35538"}],"curies":[{"name":"wp","href":"https:\/\/api.w.org\/{rel}","templated":true}]}}