{"id":35531,"date":"2011-07-05T08:35:12","date_gmt":"2011-07-05T05:35:12","guid":{"rendered":"http:\/\/www.korhanyilmaz.com\/?p=35531"},"modified":"2011-07-10T23:10:21","modified_gmt":"2011-07-10T20:10:21","slug":"hakkaride-saldiri-2-sehit","status":"publish","type":"post","link":"http:\/\/www.korhanyilmaz.com\/?p=35531","title":{"rendered":"Hakkari&#8217;de sald\u0131r\u0131: 2 \u015fehit"},"content":{"rendered":"<p style=\"text-align: center;\"><a href=\"http:\/\/www.korhanyilmaz.com\/wp-content\/uploads\/2011\/07\/130986659017736.jpg\"  class=\"lightview\"><img loading=\"lazy\" decoding=\"async\" class=\"aligncenter size-full wp-image-35532\" src=\"http:\/\/www.korhanyilmaz.com\/wp-content\/uploads\/2011\/07\/130986659017736.jpg\" alt=\"\" width=\"462\" height=\"210\" \/><\/a><\/p>\n<p style=\"text-align: justify;\">Hakkari&#8217;nin Y\u00fcksekova il\u00e7esinde d\u00fczenlenen silahl\u0131 sald\u0131r\u0131da iki uzman \u00e7avu\u015f \u015fehit oldu. Genelkurmay Ba\u015fkanl\u0131\u011f\u0131 yapt\u0131\u011f\u0131 a\u00e7a\u0131klamada, \u015fehitlerin arkalar\u0131ndan ve yak\u0131n mesafeden vuruldu\u011funu belirtti.<!--more--><\/p>\n<p style=\"text-align: justify;\">HAKKAR\u0130 \/ ANKARA &#8211; Hakkari&#8217;nin Y\u00fcksekova \u0130l\u00e7esi\u2019nde sabah saatlerinde evlerinden \u00e7\u0131kan 2 uzman \u00e7avu\u015f, cadde ortas\u0131nda ter\u00f6ristlerin silahl\u0131 sald\u0131r\u0131s\u0131nda \u015fehit oldu. Ter\u00f6ristlerin yakalanmas\u0131 i\u00e7in geni\u015f \u00e7apl\u0131 soru\u015fturma ba\u015flat\u0131ld\u0131.<\/p>\n<p style=\"text-align: justify;\">Sald\u0131r\u0131 bug\u00fcn saat 07.00 s\u0131ralar\u0131nda Y\u00fcksekova \u0130l\u00e7esi\u2019nin Nedim Zeydan Caddesi\u2019nde meydana geldi. G\u00f6revlerine gitmek i\u00e7in evlerinden \u00e7\u0131karak sivil k\u0131yafetli uzman \u00e7avu\u015flar 27 ya\u015f\u0131ndaki Yahya Karakaya ile 25 ya\u015f\u0131ndaki Murat Kozano\u011flu, ter\u00f6ristlerin silahl\u0131 sald\u0131r\u0131s\u0131na u\u011frad\u0131. Uzman \u00e7avu\u015flar olay yerinde \u015fehit oldu.<\/p>\n<p style=\"text-align: justify;\">\u015eehit d\u00fc\u015fen uzman \u00e7avu\u015flardan Yahya Karakaya\u2019n\u0131n Kayseri P\u0131narba\u015f\u0131, Murat Kozano\u011flu\u2019nun ise Adana Kozan il\u00e7esi n\u00fcfusuna kay\u0131tl\u0131 oldu\u011fu \u00f6\u011frenildi.G\u00fcvenlik g\u00fc\u00e7leri uzman \u00e7avu\u015flar\u0131 \u015fehit eden ter\u00f6ristlerin yakalanmas\u0131 i\u00e7in geni\u015f \u00e7apl\u0131 operasyon ba\u015flatt\u0131.<\/p>\n<p style=\"text-align: center;\"><a href=\"http:\/\/www.korhanyilmaz.com\/wp-content\/uploads\/2011\/07\/130986679771151.jpg\"  class=\"lightview\"><img loading=\"lazy\" decoding=\"async\" class=\"aligncenter size-full wp-image-35533\" src=\"http:\/\/www.korhanyilmaz.com\/wp-content\/uploads\/2011\/07\/130986679771151.jpg\" alt=\"\" width=\"420\" height=\"329\" \/><\/a><a href=\"http:\/\/www.korhanyilmaz.com\/wp-content\/uploads\/2011\/07\/130986695534120.jpg\"  class=\"lightview\"><img loading=\"lazy\" decoding=\"async\" class=\"aligncenter size-full wp-image-35534\" src=\"http:\/\/www.korhanyilmaz.com\/wp-content\/uploads\/2011\/07\/130986695534120.jpg\" alt=\"\" width=\"420\" height=\"315\" \/><\/a><\/p>\n<p style=\"text-align: justify;\"><strong>E\u015e\u0130 5 AYLIK HAM\u0130LE<\/strong><\/p>\n<p style=\"text-align: justify;\">Sald\u0131r\u0131da \u015fehit olan uzman \u00e7avu\u015f Murat \u00d6zkozano\u011flu&#8217;nun Adana&#8217;n\u0131n Kozan il\u00e7esindeki evinde yas var Silahl\u0131 sald\u0131r\u0131da uzman \u00e7avu\u015f Yahya Karakaya (26) ile birlikte \u015fehit olan Uzman \u00c7avu\u015f Murat \u00d6zkozano\u011flu&#8217;nun, T\u00fcrkeli Mahallesinde ya\u015fayan ailesine ac\u0131 haber, Kozan Garnizon Komutan Vekili ve Jandarma Komutan\u0131 Y\u00fczba\u015f\u0131 Kubilay \u00dcnal ile Emniyet M\u00fcd\u00fcr\u00fc Sabit Ak\u0131n Zaimo\u011flu, sa\u011fl\u0131k g\u00f6revlileri nezaretinde verildi.<\/p>\n<p style=\"text-align: justify;\">O\u011flunun \u015fehit oldu\u011funu \u00f6\u011frenen anne Arseven \u00d6zkozano\u011flu Kozan Devlet Hastanesinde tedavi alt\u0131na al\u0131nd\u0131, baba Hasan ise yan\u0131ndakilere sar\u0131larak uzun s\u00fcre a\u011flad\u0131. \u015eehidin baba evine belediye zab\u0131ta ekiplerince T\u00fcrk bayra\u011f\u0131 as\u0131ld\u0131. K\u0131z karde\u015fi H\u00fclya \u00d6zkozano\u011flu, karde\u015fi ile d\u00fcn telefonda konu\u015ftu\u011funu belirterek, \u00f6ld\u00fc\u011f\u00fcne inanmak istemedi\u011fini s\u00f6yledi.<\/p>\n<p style=\"text-align: justify;\">Murat \u00d6zkozano\u011flu&#8217;nun 1,5 y\u0131ll\u0131k evli ve e\u015fi Neziha&#8217;n\u0131n 5 ayl\u0131k hamile oldu\u011fu \u00f6\u011frenildi.<\/p>\n<p style=\"text-align: justify;\"><strong>53 G\u00dcNL\u00dcK EVL\u0130YD\u0130<\/strong><\/p>\n<p style=\"text-align: justify;\">Silahl\u0131 sald\u0131r\u0131da Uzman \u00c7avu\u015f Murat \u00d6zkozano\u011flu ile birlikte \u015fehit olan Uzman \u00c7avu\u015f Yahya Karakaya&#8217;n\u0131n, TOK\u0130 Demokrasi Mahallesi&#8217;ndeki baba evine ac\u0131 haber, askeri g\u00f6revliler taraf\u0131ndan ula\u015ft\u0131r\u0131ld\u0131. \u00c7ocuklar\u0131n\u0131n \u015fehit oldu\u011fu haberini alan baba Kamil ile anne Salime Karakaya, g\u00f6z ya\u015flar\u0131na bo\u011fuldular.<\/p>\n<p style=\"text-align: justify;\">\u015eehit Uzman \u00c7avu\u015f Yahya Karakaya&#8217;n\u0131n, 14 May\u0131s Cumartesi g\u00fcn\u00fc Funda Feride Karakaya ile d\u00fcnya evine girdi\u011fi ve TOK\u0130&#8217;den ald\u0131\u011f\u0131 eve ailesini ta\u015f\u0131d\u0131ktan sonra 15 Haziran&#8217;da g\u00f6rev yeri Hakkari&#8217;nin Y\u00fcksekova il\u00e7esine gitti\u011fi \u00f6\u011frenildi. Funda Feride Karakaya&#8217;n\u0131n ise 3 g\u00fcn \u00f6nce hava yolu ile Hakkari&#8217;ye e\u015finin yan\u0131na gitti\u011fi belirtildi.<\/p>\n<p style=\"text-align: justify;\">\u015eehit Uzman \u00c7avu\u015f i\u00e7in yar\u0131n P\u0131narba\u015f\u0131 il\u00e7esi B\u00fcy\u00fckg\u00fcrleyen k\u00f6y\u00fcnde cenaze t\u00f6reni d\u00fczenlenece\u011fi bildirildi.<\/p>\n<p style=\"text-align: justify;\">Harp Mal\u00fcl\u00fc \u015eehit Dul ve Yetimleri Derne\u011fi Kayseri \u015eube Ba\u015fkan\u0131 Ali Yavuz da, \u015fehit babas\u0131na ba\u015fsa\u011fl\u0131\u011f\u0131 diledi.<\/p>\n<p style=\"text-align: justify;\">\u015eehit evinin bulundu\u011fu TOK\u0130 Demokrasi Mahallesi&#8217;ndeki binaya dev T\u00fcrk bayra\u011f\u0131 as\u0131ld\u0131. Bu arada 112 Acil Servis ekiplerinin evin \u00f6n\u00fcnde bekledi\u011fi ve \u015fehit yak\u0131nlar\u0131n\u0131 s\u0131k s\u0131k kontrolden ge\u00e7irdikleri g\u00f6zlendi.<\/p>\n<p style=\"text-align: justify;\"><strong>GENELKURMAY: \u015eEH\u0130TLER SIRTINDAN VURULDU<\/strong><\/p>\n<p style=\"text-align: justify;\">Y\u00fcksekova \u0130l\u00e7esi&#8217;nde \u015fehit edilen Uzman \u00c7avu\u015flar ile ilgili olarak Genelkurmay Ba\u015fkanl\u0131\u011f\u0131&#8217;ndan yap\u0131lan a\u00e7\u0131klamada, &#8220;Uzm.\u00c7v\u015f.Yahya Karakaya ve P.Uzm.\u00c7v\u015f.Murat \u00d6zkozano\u011flu, apartman \u00e7\u0131k\u0131\u015f\u0131nda pusu kurarak kendilerini beklemekte olan sivil vatanda\u015f g\u00f6r\u00fcn\u00fcml\u00fc b\u00f6l\u00fcc\u00fc ter\u00f6r \u00f6rg\u00fct\u00fc mensuplar\u0131 taraf\u0131ndan, saat 07.10&#8217;da arkalar\u0131ndan ve yak\u0131n mesafeden hunharca ate\u015f edilmek suretiyle ger\u00e7ekle\u015ftirilen silahl\u0131 sald\u0131r\u0131 sonucu \u015fehit olmu\u015flard\u0131r&#8221; denildi.<\/p>\n<p style=\"text-align: justify;\"><a href=\"http:\/\/www.gazeteport.com.tr\/haber\/40882\/hakkaride_saldiri_2_sehit\" target=\"_blank\">Kaynak : GAZETEPORT<\/a><\/p>\n","protected":false},"excerpt":{"rendered":"<p style=\"text-align: center;\">\n<p style=\"text-align: justify;\">Hakkari&#8217;nin Y\u00fcksekova il\u00e7esinde d\u00fczenlenen silahl\u0131 sald\u0131r\u0131da iki uzman \u00e7avu\u015f \u015fehit oldu. Genelkurmay Ba\u015fkanl\u0131\u011f\u0131 yapt\u0131\u011f\u0131 a\u00e7a\u0131klamada, \u015fehitlerin arkalar\u0131ndan ve yak\u0131n mesafeden vuruldu\u011funu belirtti.<\/p>\n","protected":false},"author":1,"featured_media":0,"comment_status":"open","ping_status":"closed","sticky":false,"template":"","format":"standard","meta":{"footnotes":""},"categories":[105],"tags":[],"class_list":["post-35531","post","type-post","status-publish","format-standard","hentry","category-gundem","odd"],"_links":{"self":[{"href":"http:\/\/www.korhanyilmaz.com\/index.php?rest_route=\/wp\/v2\/posts\/35531","targetHints":{"allow":["GET"]}}],"collection":[{"href":"http:\/\/www.korhanyilmaz.com\/index.php?rest_route=\/wp\/v2\/posts"}],"about":[{"href":"http:\/\/www.korhanyilmaz.com\/index.php?rest_route=\/wp\/v2\/types\/post"}],"author":[{"embeddable":true,"href":"http:\/\/www.korhanyilmaz.com\/index.php?rest_route=\/wp\/v2\/users\/1"}],"replies":[{"embeddable":true,"href":"http:\/\/www.korhanyilmaz.com\/index.php?rest_route=%2Fwp%2Fv2%2Fcomments&post=35531"}],"version-history":[{"count":0,"href":"http:\/\/www.korhanyilmaz.com\/index.php?rest_route=\/wp\/v2\/posts\/35531\/revisions"}],"wp:attachment":[{"href":"http:\/\/www.korhanyilmaz.com\/index.php?rest_route=%2Fwp%2Fv2%2Fmedia&parent=35531"}],"wp:term":[{"taxonomy":"category","embeddable":true,"href":"http:\/\/www.korhanyilmaz.com\/index.php?rest_route=%2Fwp%2Fv2%2Fcategories&post=35531"},{"taxonomy":"post_tag","embeddable":true,"href":"http:\/\/www.korhanyilmaz.com\/index.php?rest_route=%2Fwp%2Fv2%2Ftags&post=35531"}],"curies":[{"name":"wp","href":"https:\/\/api.w.org\/{rel}","templated":true}]}}