{"id":35504,"date":"2011-07-06T11:31:40","date_gmt":"2011-07-06T08:31:40","guid":{"rendered":"http:\/\/www.korhanyilmaz.com\/?p=35504"},"modified":"2011-07-10T23:11:11","modified_gmt":"2011-07-10T20:11:11","slug":"ak-parti-sert-tavrini-surdurecek","status":"publish","type":"post","link":"http:\/\/www.korhanyilmaz.com\/?p=35504","title":{"rendered":"AK Parti sert tavr\u0131n\u0131 s\u00fcrd\u00fcrecek"},"content":{"rendered":"<p style=\"text-align: center;\"><a href=\"http:\/\/www.korhanyilmaz.com\/wp-content\/uploads\/2011\/07\/626.jpg\"  class=\"lightview\"><img loading=\"lazy\" decoding=\"async\" class=\"aligncenter size-full wp-image-35505\" src=\"http:\/\/www.korhanyilmaz.com\/wp-content\/uploads\/2011\/07\/626.jpg\" alt=\"\" width=\"307\" height=\"236\" \/><\/a><\/p>\n<p style=\"text-align: justify;\">AK Parti, yemin krizinde yeni ad\u0131m i\u00e7in CHP lideri Kemal K\u0131l\u0131\u00e7daro\u011flu&#8217;nun Meclis Ba\u015fkan\u0131 Cemil \u00c7i\u00e7ek ile g\u00f6r\u00fc\u015fmesini bekleyecek, o g\u00fcne kadar da sert tavr\u0131nda de\u011fi\u015fiklik olmayacak.<\/p>\n<p style=\"text-align: justify;\">AK Parti Merkez Y\u00fcr\u00fctme Kurulu, Erdo\u011fan ba\u015fkanl\u0131\u011f\u0131nda topland\u0131, toplant\u0131da \u00c7i\u00e7ek-K\u0131l\u0131\u00e7daro\u011flu g\u00f6r\u00fc\u015fmesinin \u00f6nemi vurguland\u0131. <!--more--><\/p>\n<p style=\"text-align: justify;\">Al\u0131nan karara g\u00f6re, \u00c7i\u00e7ek&#8217;in uzla\u015f\u0131 i\u00e7in ataca\u011f\u0131 ad\u0131mlar takip edilecek. Olas\u0131 g\u00f6r\u00fc\u015fmede CHP liderinin \u00c7i\u00e7ek&#8217;in yemin \u00e7a\u011fr\u0131s\u0131na g\u00f6sterece\u011fi yakla\u015f\u0131m beklenecek.<\/p>\n<p style=\"text-align: justify;\">O g\u00f6r\u00fc\u015fmede bir \u00f6neri sunulup sunulmayaca\u011f\u0131 izlenecek, ard\u0131ndan da yeniden de\u011ferlendirme yap\u0131lacak. O zamana kadar da mevcut sert tutum devam ettirilecek.<\/p>\n<p style=\"text-align: justify;\">Toplant\u0131da, h\u00fck\u00fcmet program\u0131na ili\u015fkin Meclis takvimi planlamas\u0131 da yap\u0131ld\u0131. Buna g\u00f6re, 8 Temmuz Cuma g\u00fcn\u00fc, program genel kurul g\u00fcndemine gelecek.<\/p>\n<p style=\"text-align: justify;\">Program \u00fczerindeki g\u00f6r\u00fc\u015fmeler 11 Temmuz Pazartesi yap\u0131lacak. g\u00fcvenoylamas\u0131 ise 13 Temmuz \u00c7ar\u015famba g\u00fcn\u00fc.<\/p>\n<p style=\"text-align: justify;\">Toplant\u0131da, Meclis Ba\u015fkanl\u0131k Divan\u0131 ve Komisyon \u00fcyelerine ili\u015fkin isim belirleme \u00e7al\u0131\u015fmas\u0131 ise tamamlanmad\u0131.<\/p>\n<p style=\"text-align: justify;\">Ba\u015fbakan kurmaylar\u0131ndan alternatifli bir liste haz\u0131rlamalar\u0131n\u0131 istedi. O makamlara kimlerin oturaca\u011f\u0131 per\u015fembe g\u00fcn\u00fc yap\u0131lacak kapal\u0131 grup toplant\u0131s\u0131nda belirlenecek.<\/p>\n<p style=\"text-align: justify;\"><a href=\"http:\/\/www.cnnturk.com\/2011\/turkiye\/07\/06\/ak.parti.sert.tavrini.surdurecek\/622203.0\/index.html\" target=\"_blank\">Kaynak : CNN T\u00dcRK<\/a><\/p>\n","protected":false},"excerpt":{"rendered":"<p style=\"text-align: center;\">\n<p style=\"text-align: justify;\">AK Parti, yemin krizinde yeni ad\u0131m i\u00e7in CHP lideri Kemal K\u0131l\u0131\u00e7daro\u011flu&#8217;nun Meclis Ba\u015fkan\u0131 Cemil \u00c7i\u00e7ek ile g\u00f6r\u00fc\u015fmesini bekleyecek, o g\u00fcne kadar da sert tavr\u0131nda de\u011fi\u015fiklik olmayacak.<\/p>\n<p style=\"text-align: justify;\">AK Parti Merkez Y\u00fcr\u00fctme Kurulu, Erdo\u011fan ba\u015fkanl\u0131\u011f\u0131nda topland\u0131, toplant\u0131da \u00c7i\u00e7ek-K\u0131l\u0131\u00e7daro\u011flu g\u00f6r\u00fc\u015fmesinin \u00f6nemi vurguland\u0131. <\/p>\n","protected":false},"author":1,"featured_media":0,"comment_status":"open","ping_status":"closed","sticky":false,"template":"","format":"standard","meta":{"footnotes":""},"categories":[105],"tags":[],"class_list":["post-35504","post","type-post","status-publish","format-standard","hentry","category-gundem","odd"],"_links":{"self":[{"href":"http:\/\/www.korhanyilmaz.com\/index.php?rest_route=\/wp\/v2\/posts\/35504","targetHints":{"allow":["GET"]}}],"collection":[{"href":"http:\/\/www.korhanyilmaz.com\/index.php?rest_route=\/wp\/v2\/posts"}],"about":[{"href":"http:\/\/www.korhanyilmaz.com\/index.php?rest_route=\/wp\/v2\/types\/post"}],"author":[{"embeddable":true,"href":"http:\/\/www.korhanyilmaz.com\/index.php?rest_route=\/wp\/v2\/users\/1"}],"replies":[{"embeddable":true,"href":"http:\/\/www.korhanyilmaz.com\/index.php?rest_route=%2Fwp%2Fv2%2Fcomments&post=35504"}],"version-history":[{"count":0,"href":"http:\/\/www.korhanyilmaz.com\/index.php?rest_route=\/wp\/v2\/posts\/35504\/revisions"}],"wp:attachment":[{"href":"http:\/\/www.korhanyilmaz.com\/index.php?rest_route=%2Fwp%2Fv2%2Fmedia&parent=35504"}],"wp:term":[{"taxonomy":"category","embeddable":true,"href":"http:\/\/www.korhanyilmaz.com\/index.php?rest_route=%2Fwp%2Fv2%2Fcategories&post=35504"},{"taxonomy":"post_tag","embeddable":true,"href":"http:\/\/www.korhanyilmaz.com\/index.php?rest_route=%2Fwp%2Fv2%2Ftags&post=35504"}],"curies":[{"name":"wp","href":"https:\/\/api.w.org\/{rel}","templated":true}]}}