{"id":35487,"date":"2011-07-06T14:08:01","date_gmt":"2011-07-06T11:08:01","guid":{"rendered":"http:\/\/www.korhanyilmaz.com\/?p=35487"},"modified":"2011-07-11T13:13:14","modified_gmt":"2011-07-11T10:13:14","slug":"basbakan-yeni-kabineyi-acikladi","status":"publish","type":"post","link":"http:\/\/www.korhanyilmaz.com\/?p=35487","title":{"rendered":"Ba\u015fbakan yeni kabineyi a\u00e7\u0131klad\u0131"},"content":{"rendered":"<p style=\"text-align: center;\"><a href=\"http:\/\/www.korhanyilmaz.com\/wp-content\/uploads\/2011\/07\/628.jpg\"  class=\"lightview\"><img loading=\"lazy\" decoding=\"async\" class=\"aligncenter size-full wp-image-35509\" src=\"http:\/\/www.korhanyilmaz.com\/wp-content\/uploads\/2011\/07\/628.jpg\" alt=\"\" width=\"396\" height=\"204\" \/><\/a><\/p>\n<p style=\"text-align: justify;\">Ba\u015fbakan Recep Tayyip Erdo\u011fan 61. H\u00fck\u00fcmet&#8217;in yeni kabinesini Cumhurba\u015fkan\u0131 Abdullah G\u00fcl&#8217;\u00fcn onay\u0131na sunmak i\u00e7in \u00c7ankaya K\u00f6\u015fk\u00fc&#8217;ne \u00e7\u0131kt\u0131. Erdo\u011fan g\u00f6r\u00fc\u015fmenin ard\u0131ndan geldi\u011fi Ba\u015fbakanl\u0131k binas\u0131nda yeni kabineyi a\u00e7\u0131klad\u0131. Yeni Bakanlar Kurulu ilk kez yar\u0131n saat 11.00&#8217;de toplan\u0131yor. G\u00fcvenoylamas\u0131 ise \u00c7ar\u015famba g\u00fcn\u00fc yap\u0131lacak.<!--more--><\/p>\n<p style=\"text-align: justify;\">Ba\u015fbakan Erdo\u011fan, g\u00f6r\u00fc\u015fme i\u00e7in saat 11.59&#8217;da protokol kap\u0131s\u0131ndan \u00c7ankaya K\u00f6\u015fk\u00fc&#8217;ne girdi.<\/p>\n<p style=\"text-align: justify;\">Kabulde, Ba\u015fbakan Erdo\u011fan yeni Bakanlar Kurulu listesini Cumhurba\u015fkan\u0131 G\u00fcl&#8217;\u00fcn onay\u0131na sundu.<\/p>\n<p style=\"text-align: justify;\">G\u00f6r\u00fc\u015fmenin ard\u0131ndan saat 13\u2019te K\u00f6\u015fk\u2019ten ayr\u0131lan Erdo\u011fan yeni kabine listesini a\u00e7\u0131klamak i\u00e7in Ba\u015fbakanl\u0131k binas\u0131na geldi.<\/p>\n<p style=\"text-align: justify;\">\u0130\u015fte Bakanlar Kurulunu a\u00e7\u0131klamak i\u00e7in kameralar\u0131n \u00f6n\u00fcne ge\u00e7en Erdo\u011fan\u2019\u0131n s\u00f6zlerinden sat\u0131r ba\u015flar\u0131:<\/p>\n<p style=\"text-align: justify;\">61. Bakanlar Kurulu listesini takdim ediyorum. Ba\u015fbakan yard\u0131mc\u0131lar\u0131 4 ki\u015fiden olu\u015fuyor.<\/p>\n<p style=\"text-align: justify;\">B\u00fclent Ar\u0131n\u00e7 (Bursa Milletvekili)<\/p>\n<p style=\"text-align: justify;\">Ali Babacan (Ankara Milletvekili)<\/p>\n<p style=\"text-align: justify;\">Be\u015fir Atalay (K\u0131r\u0131kkale Milletvekili)<\/p>\n<p style=\"text-align: justify;\">Bekir Bozda\u011f (Yozgat Milletvekili)<\/p>\n<p style=\"text-align: justify;\">Adalet Bakan\u0131: Sadullah Ergin (Hatay Milletvekili)<\/p>\n<p style=\"text-align: justify;\">Aile ve Sosyal Politikalar Bakan\u0131: Fatma \u015eahin (Gaziantep Milletvekili)<\/p>\n<p style=\"text-align: justify;\">AB Bakan\u0131: Egemen Ba\u011f\u0131\u015f (\u0130stanbul Milletvekili)<\/p>\n<p style=\"text-align: justify;\">Bilim Sanayi Teknoloji Bakan\u0131: Nihat Erg\u00fcn (Kocaeli Milletvekili)<\/p>\n<p style=\"text-align: justify;\">\u00c7al\u0131\u015fma ve Sosyal G\u00fcvenlik Bakan\u0131: Faruk \u00c7elik (\u015eanl\u0131urfa Milletvekili)<\/p>\n<p style=\"text-align: justify;\">\u00c7evre ve \u015eehircilik Bakan\u0131: Erdo\u011fan Bayraktar (Trabzon Milletvekili)<\/p>\n<p style=\"text-align: justify;\">D\u0131\u015fi\u015fleri Bakan\u0131: Ahmet Davuto\u011flu (Konya Milletvekili)<\/p>\n<p style=\"text-align: justify;\">Ekonomi Bakan\u0131: Zafer \u00c7a\u011flayan (Mersin Milletvekili)<\/p>\n<p style=\"text-align: justify;\">Enerji ve Tabii Kaynaklar Bakan\u0131: Taner Y\u0131ld\u0131z (Kayseri Milletvekili)<\/p>\n<p style=\"text-align: justify;\">Gen\u00e7lik ve Spor Bakan\u0131: Suat K\u0131l\u0131\u00e7 (Samsun Milletvekili)<\/p>\n<p style=\"text-align: justify;\">G\u0131da Tar\u0131m ve Hayvanc\u0131l\u0131k Bakan\u0131: Mehmet Mehdi Eker (Diyarbak\u0131r Milletvekili)<\/p>\n<p style=\"text-align: justify;\">G\u00fcmr\u00fck ve Ticaret Bakan\u0131: Hayati Yaz\u0131c\u0131 (Rize Milletvekili)<\/p>\n<p style=\"text-align: justify;\">\u0130\u00e7i\u015fleri Bakan\u0131: \u0130dris Naim \u015eahin (Ordu Milletvekili)<\/p>\n<p style=\"text-align: justify;\">Kalk\u0131nma Bakan\u0131: Cevdet Y\u0131lmaz (Bing\u00f6l Milletvekili)<\/p>\n<p style=\"text-align: justify;\">K\u00fclt\u00fcr Bakan\u0131: Ertu\u011frul G\u00fcnay (\u0130zmir Milletvekili)<\/p>\n<p style=\"text-align: justify;\">Maliye Bakan\u0131: Mehmet \u015eim\u015fek (Batman Milletvekili)<\/p>\n<p style=\"text-align: justify;\">Milli E\u011fitim Bakan\u0131: \u00d6mer Din\u00e7er (\u0130stanbul Milletvekili)<\/p>\n<p style=\"text-align: justify;\">Milli Savunma Bakan\u0131: \u0130smet Y\u0131lmaz (Sivas Milletvekili)<\/p>\n<p style=\"text-align: justify;\">Orman ve Su \u0130\u015fleri Bakan\u0131: Veysel Ero\u011flu (Afyonkarahisar Milletvekili)<\/p>\n<p style=\"text-align: justify;\">Sa\u011fl\u0131k Bakan\u0131: Recep Akda\u011f (Erzurum Milletvekili)<\/p>\n<p style=\"text-align: justify;\">Ula\u015ft\u0131rma Bakan\u0131: Binali Y\u0131ld\u0131r\u0131m (\u0130zmir Milletvekili)<\/p>\n<p style=\"text-align: center;\"><a href=\"http:\/\/www.korhanyilmaz.com\/wp-content\/uploads\/2011\/07\/627.jpg\"  class=\"lightview\"><img loading=\"lazy\" decoding=\"async\" class=\"aligncenter size-full wp-image-35512\" src=\"http:\/\/www.korhanyilmaz.com\/wp-content\/uploads\/2011\/07\/627.jpg\" alt=\"\" width=\"384\" height=\"356\" \/><\/a><\/p>\n<p style=\"text-align: justify;\"><strong>6 YEN\u0130 BAKAN<\/strong><\/p>\n<p style=\"text-align: justify;\">6 yeni arkada\u015f\u0131m\u0131z bu kabinede g\u00f6rev al\u0131rken 3 arkada\u015f\u0131m\u0131z\u0131n da bakanl\u0131klar\u0131nda de\u011fi\u015fiklik yapt\u0131k<\/p>\n<p style=\"text-align: justify;\"><strong>BE\u015e\u0130R ATALAY TER\u00d6RLE M\u00dcCADELEYE BAKACAK<\/strong><\/p>\n<p style=\"text-align: justify;\">Ba\u015fbakan yard\u0131mc\u0131lar\u0131ndan benim ad\u0131ma Ter\u00f6rle M\u00fccadele Y\u00fcksek Kurulu\u2019na m\u00fccadele ediyordu. Be\u015fir Atalay bu g\u00f6reve ba\u015fkanl\u0131k edecek ve a\u00e7\u0131l\u0131m s\u00fcrecini y\u00fcr\u00fctecek<\/p>\n<p style=\"text-align: justify;\">Ge\u00e7en d\u00f6nem kalfal\u0131k ve \u00e7\u0131rakl\u0131k d\u00f6nemini ba\u015far\u0131yla y\u00fcr\u00fcten arkada\u015flar\u0131 de\u011fi\u015ftirmeye gerek yok. Bunun d\u0131\u015f\u0131ndaki arkada\u015flar\u0131m\u0131z\u0131n da ba\u015far\u0131l\u0131 \u00e7al\u0131\u015fmalar\u0131 oldu. 45 y\u0131l ayn\u0131 ekiple gidece\u011fiz diye bir kural yok. Bizim 4 y\u0131l\u0131m\u0131z performans\u0131 y\u00fcksek bir 4 y\u0131l olacak.<\/p>\n<p style=\"text-align: justify;\">Bekir Bozda\u011f daha \u00e7ok Faruk \u00c7elik\u2019teki g\u00f6rev ve onun yan\u0131na yeni g\u00f6revler eklemek olabilir. Bu ba\u015fbakan yard\u0131mc\u0131s\u0131 arkada\u015flar\u0131m\u0131n hepsi inand\u0131\u011f\u0131m, g\u00fcvendi\u011fim, ba\u015far\u0131l\u0131 arkada\u015flar\u0131m \u00d6nce yar\u0131n saat 11.002\u2019de Bakanlar Kurulu\u2019nu toplayaca\u011f\u0131m. Bakan yard\u0131mc\u0131lar\u0131n\u0131n 3 ana g\u00f6revi olacak. Bakan yard\u0131mc\u0131lar\u0131n\u0131n sabit bir g\u00f6revi var. \u0130llerim sorunlar\u0131n\u0131 onlar almal\u0131. STK\u2019lar\u0131n sorunlar\u0131n\u0131 onlar takip etmeli.<\/p>\n<p style=\"text-align: justify;\">H\u00fck\u00fcmet s\u00f6zc\u00fcs\u00fcn\u00fcn kim olaca\u011f\u0131n\u0131 yar\u0131n Bakanlar Kurulu\u2019ndan sonra a\u00e7\u0131klayaca\u011f\u0131m.<\/p>\n<p style=\"text-align: justify;\"><strong>\u201c15 TEMMUZ A\u00c7IKLAMASI S\u00dcR\u00c7-\u00dc L\u0130SANDIR\u201d<\/strong><\/p>\n<p style=\"text-align: justify;\">Grup Ba\u015fkanvekili arkada\u015f\u0131m\u0131z Elita\u015f\u2019\u0131n ay\u0131n 15\u2019i ile ilgili a\u00e7\u0131klamas\u0131 olmu\u015f. S\u00fcr\u00e7-\u00fc lisand\u0131r. Ana muhalefet her zaman marjinal de\u011fildir. \u0130ktidar\u0131n alternatifidir. Marjinal bir konumda olursa kendilerine yetki verenleri de \u00fczer.<\/p>\n<p style=\"text-align: justify;\">Ana muhalefetin tavr\u0131n\u0131 tasvip etmemiz de m\u00fcmk\u00fcn de\u011fil. Milletvekili olmu\u015flard\u0131r ama vekaleti tamamlay\u0131c\u0131 o yemini etmedikten sonra ciddi vebal alt\u0131ndad\u0131r. Yasama \u00e7al\u0131\u015fmalar\u0131na kat\u0131lmad\u0131ktan sonra vekalet olur mu? MHP\u2019nin yapt\u0131\u011f\u0131 gel \u00e7al\u0131\u015fmalara kat\u0131l. Ama onlar buradaki \u00e7al\u0131\u015fmalara kat\u0131lamamak suretiyle \u00e7al\u0131\u015fmalara kat\u0131lm\u0131yor.<\/p>\n<p style=\"text-align: justify;\">15 g\u00fcnl\u00fck s\u00fcre\u00e7te kendileri yeminleri yapmak suretiyle yasama g\u00f6revlerini yaparlarsa memnun oluruz. Yasama g\u00f6revlerini yerine getirmezlerse parlamento i\u00e7i hukukun gere\u011fi neyse onu da yerine getirmek zorunday\u0131z.<\/p>\n<p style=\"text-align: justify;\">Milli Savunma Bakan\u0131\u2019n\u0131n yard\u0131mc\u0131s\u0131 sivil olacak. H\u00fck\u00fcmet program\u0131m\u0131z haz\u0131r. Cuma a\u00e7\u0131klayaca\u011f\u0131m<\/p>\n<p style=\"text-align: justify;\"><strong>SORULAR:<\/strong><\/p>\n<p style=\"text-align: justify;\"><strong>B\u00dcY\u00dcK\u015eEH\u0130R BELED\u0130YES\u0130 SAYISI EN AZ 27\u2019YE \u00c7IKIYOR <\/strong><\/p>\n<p style=\"text-align: justify;\"><strong>Bir bakanl\u0131k daha eklendi. Veysel Ero\u011flu olmayacak dediniz?<\/strong><\/p>\n<p style=\"text-align: justify;\">Ben olmayacak demedim. Bu yeni olu\u015fumda bir konu hassas. Orman T\u00fcrkiye\u2019de y\u00fcz\u00f6l\u00e7\u00fcm\u00fcn\u00fcn b\u00fcy\u00fck bir k\u0131sm\u0131n\u0131 olu\u015fturuyor. Su adeta petrol kadar de\u011ferli. Suyu \u00e7evrecilik olarak bal\u0131k\u00e7\u0131l\u0131k olarak iyi de\u011ferlendirirsek \u00f6nemli. T\u00fcrkiye\u2019de plan noktas\u0131nda s\u0131k\u0131nt\u0131m\u0131z var. Bir belde belediyesi kendisine g\u00f6re plan yap\u0131yor. Yan\u0131nda mimar yok. \u00d6yle bir belde belediyesi neyin plan\u0131n\u0131 yapacak, yapamaz. T\u00fcrkiye\u2019nin ulusal plan\u0131 yok. 780 bin km2\u2019nin plan\u0131n\u0131n yap\u0131lmas\u0131 laz\u0131m.Bunu yapmak laz\u0131m. 250 binlik planlar\u0131 b\u00f6lgesel olarak biz yapal\u0131m. 100 binlik veya a\u015fa\u011f\u0131s\u0131n\u0131 da B\u00fcy\u00fck\u015fehirler yaps\u0131n. 2014 se\u00e7imlerinde B\u00fcy\u00fck\u015fehir belediyelerinin say\u0131s\u0131 asgari 27\u2019ye \u00e7\u0131k\u0131yor. Mardin ve Malatya da 750 bini yakalarsa o zaman bu say\u0131 29a \u00e7\u0131kacak. \u015eehirleri ka\u00e7ak yap\u0131la\u015fmadan kurtaral\u0131m ve \u015fehirlerimizi modern \u015fehirler haline getirelim istiyoruz. Orman ve Su \u0130\u015fleri\u2019nde \u00e7ok ciddi bir barajlarda, HES\u2019lerde \u00e7al\u0131\u015fmalar\u0131m\u0131z var. Suyu art\u0131k at\u0131l kullanmayan bir \u00fclke haline geliyoruz. Art\u0131k su akar T\u00fcrk bakar demeyece\u011fiz. Su akar T\u00fcrk yapar diyece\u011fiz. Orman ve Su \u0130\u015fleri Bakanl\u0131\u011f\u0131 olarak da belediyelerle bu geri d\u00f6n\u00fc\u015f\u00fcm\u00fc \u00e7ok iyi de\u011ferlendirmemiz laz\u0131m. Suyu bol bir \u00fclke de\u011filiz.<\/p>\n<p style=\"text-align: justify;\"><strong>Soru: Meclis\u2019e kat\u0131lamama konusu CHP\u2019nin tavr\u0131 \u00fczerinden tart\u0131\u015f\u0131l\u0131yor. BDP\u2019liler de Meclis\u2019e gelmiyor? G\u00fcl ile bu konuda bir de\u011ferlendirmeniz oldu mu?<\/strong><\/p>\n<p style=\"text-align: justify;\">Say\u0131n Cumhurba\u015fkan\u0131m\u0131z ile bu konudaki de\u011ferlendirmemiz noktas\u0131nda farkl\u0131 bir d\u00fc\u015f\u00fcncemiz yok. BDP\u2019nin desteklemedi\u011fi bir ba\u011f\u0131ms\u0131z vekil yok. Hepsi onlarla koordineli se\u00e7ime giriyor. Kendilerine farkl\u0131 bir yol \u00e7izmi\u015fler. Diyarbak\u0131r\u2019da toplanm\u0131\u015flar. Demokrasi i\u00e7inde kendilerine bir yol arama hedefleri yok. Demokrasi i\u00e7inde yol arayacaklarsa bunun yeri Diyarbak\u0131r de\u011fil. Bu i\u015fin tek yeri TBMM. T\u00fcrkiye\u2019nin milletvekili ise bunlar yerleri TBMM\u2019dir. Ancak \u0130l Genel Meclisi \u00fcyesi iseler onu bilemem. Ama \u015fu anda \u00f6yle gibi \u00e7al\u0131\u015f\u0131yorlar. CHP ile ilgili ne s\u00f6ylediysem onlar i\u00e7inde s\u00f6yleyeceklerim farkl\u0131 de\u011fil.<\/p>\n<p style=\"text-align: justify;\"><strong>FUTBOLDA \u015e\u0130KE DEPREM\u0130 SORUSU<\/strong><\/p>\n<p style=\"text-align: justify;\">Fenerbah\u00e7eli de\u011fil sadece kongre \u00fcyesiyim. Olay sadece Fenerbah\u00e7e ile alakal\u0131 de\u011fil. Yarg\u0131 buradan nereye ula\u015facak emin de\u011filim. E\u011fer bir yerde bir suistimal varsa bir yanl\u0131\u015f varsa bunun adil bir yakla\u015f\u0131mla \u00e7\u00f6z\u00fclmesi laz\u0131m. Bu bizim \u00e7ok inand\u0131\u011f\u0131m\u0131z ne olursa olsun orda da tak\u0131naca\u011f\u0131m\u0131z tav\u0131rd\u0131r. Yarg\u0131 belgelerle bilgilerle \u00e7al\u0131\u015fmalar yapt\u0131\u011f\u0131n\u0131 s\u00f6yl\u00fcyor. Temenni ederim ki s\u00fcratle bir adil neticeye varmak suretiyle uluslar aras\u0131 bu konudaki vizyonumuza leke gelmesin. \u015eu andaki tart\u0131\u015fmalar dahi bize leke getiriyor. Uzun y\u0131llara d\u00f6n\u00fck olarak da en az\u0131ndan dedikodular\u0131n yap\u0131lmas\u0131na f\u0131rsat vermeyecektir bu soru\u015fturmalar. Halk\u0131m\u0131z\u0131n yarg\u0131s\u0131na ya da kurumlar\u0131na inand\u0131\u011f\u0131 bir \u00fclke olmal\u0131d\u0131r. Biz de bunlar\u0131 duygusal bir \u015fekilde de\u011fil olmas\u0131 gerekti\u011fi gibi bakmal\u0131y\u0131z. Adil kararlar verilmek suretiyle bir neticeye var\u0131l\u0131r. Tak\u0131mlar kampta, ligler ba\u015flayacak. NE oldu\u011fu ne olaca\u011f\u0131 s\u00fcratle meydana \u00e7\u0131ks\u0131n.<\/p>\n<p style=\"text-align: justify;\"><strong>Soru: Daha \u00f6nce Meclis Ba\u015fkanvekilli\u011fi i\u00e7in kad\u0131n adaylar g\u00f6sterildi. Nimet \u00c7ubuk\u00e7u\u2019nun ad\u0131 ge\u00e7iyordu. O olabilir mi?<\/strong><\/p>\n<p style=\"text-align: justify;\">Bunun de\u011ferlendirmesini grubumuzda yapaca\u011f\u0131z. Onun i\u00e7in bir \u015fey s\u00f6yleyemem.<\/p>\n<p style=\"text-align: justify;\"><strong>Soru: B\u00fcy\u00fcme iyi gidiyor. Enflasyon normal. Cari a\u00e7\u0131k kayg\u0131 verici\u2026<\/strong><\/p>\n<p style=\"text-align: justify;\">Enflasyon normal mi? Cari a\u00e7\u0131k kayg\u0131 verici de\u011fil. Endi\u015felenmeyin. Her t\u00fcrl\u00fc tedbir al\u0131n\u0131yor. Bu \u00fclke ihracat\u0131yla falan cari a\u00e7\u0131\u011f\u0131 falan rahat\u00e7a a\u015far. Son \u00e7eyrekte cari a\u00e7\u0131\u011f\u0131n da \u00e7ok geriledi\u011fini g\u00f6rece\u011fiz.<\/p>\n<p style=\"text-align: justify;\"><strong>YEN\u0130 BAKANLARDAN \u0130LK TEPK\u0130LER<\/strong><\/p>\n<p style=\"text-align: justify;\"><strong>Orman ve Su \u0130\u015fleri Bakan\u0131 Veysel Ero\u011flu:<\/strong><\/p>\n<p style=\"text-align: justify;\">Hay\u0131rl\u0131 olsun in\u015fallah. Bu \u00fclkeye \u015fimdiye kadar devasa hizmetleri sunduk. K\u00fcresel iklim de\u011fi\u015fikli\u011fi nedeniyle d\u00fcnyada iki \u00f6nemli madde var su ve kaynak. Bu bakanl\u0131k \u00e7ok \u00f6nemli. Su olmadan hayat olmuyor. Biz b\u00fct\u00fcn \u015fehirlerin ve k\u00f6ylerin dahi i\u00e7me suyu sorunlar\u0131n\u0131 \u00e7\u00f6zd\u00fck. Sorunlar\u0131 tarihe g\u00f6md\u00fck. Mutlaka sulama suyu enerjisinden faydalanmak laz\u0131m. DAP, GAP, KOP gibi b\u00f6lgesel sulama suyu projelerini bitirece\u011fiz. Bu sene 333 adet g\u00f6let ve sulama suyu projesine ba\u015flad\u0131k. Yeni kabine Ba\u015fbakan\u0131m\u0131z\u0131n ustal\u0131k d\u00f6nemine yak\u0131\u015f\u0131r bir kabine. Hepsi de \u00e7ok \u00e7al\u0131\u015fkan ve ba\u015far\u0131l\u0131. T\u00fcrkiye\u2019nin bu kabine ile destanlar yazaca\u011f\u0131na inan\u0131yorum.<\/p>\n<p style=\"text-align: justify;\"><strong>Gen\u00e7lik ve Spor Bakan\u0131 Suat K\u0131l\u0131\u00e7:<\/strong><\/p>\n<p style=\"text-align: justify;\">Yeni Spor Bakan\u0131 Suat K\u0131l\u0131\u00e7, \u015eike ve tevsik operasyonunu yorumlad\u0131: \u00d6ncelikle bir hukuk konusu.<\/p>\n<p style=\"text-align: justify;\"><strong>Ba\u015fbakan Yard\u0131mc\u0131s\u0131 B\u00fclent Ar\u0131n\u00e7:<\/strong><\/p>\n<p style=\"text-align: justify;\">\u00d6n\u00fcm\u00fczdeki hafta ba\u015f\u0131nda g\u00fcven oylamas\u0131 al\u0131nd\u0131\u011f\u0131 zaman H\u00fck\u00fcmetin i\u015fi bitecek. Sonra Meclis tatile devam edebilir. Bug\u00fcn de do\u011frusu &#8216;herhalde g\u00f6revim devam edecek&#8217; diye i\u00e7ime do\u011fuyordu ama biz her t\u00fcrl\u00fc g\u00f6reve haz\u0131r oldu\u011fumuz i\u00e7in b\u00fcy\u00fck bir heyecan i\u00e7erisinde de\u011fildim. B\u00fcy\u00fck bir onurdur. Say\u0131n Ba\u015fbakan\u0131m\u0131z, 61. H\u00fck\u00fcmet&#8217;te bize ba\u015fbakan yard\u0131mc\u0131l\u0131\u011f\u0131 g\u00f6revini takdir etmi\u015f, bundan dolay\u0131 mutluyuz. \u0130n\u015fallah bu g\u00f6revin lay\u0131k\u0131yla yap\u0131laca\u011f\u0131ndan kimsenin \u015f\u00fcphesi olmas\u0131n. B\u00fct\u00fcn arkada\u015flar\u0131mla birlikte ba\u015far\u0131l\u0131 bir h\u00fck\u00fcmet olarak g\u00f6revimizi yapaca\u011f\u0131m\u0131za inan\u0131yorum. Baz\u0131 arkada\u015flar benim i\u00e7in de s\u00fcrpriz oldu.<\/p>\n<p>&nbsp;<\/p>\n<p>&nbsp;<\/p>\n<p><center><a class=\"lightview\" title=\" :::: width:550, height:413\" href=\"\/swf\/flvplayer.swf?file=http:\/\/hurriyet.cubecdn.net\/Haber\/yeni_kabine_06072011_1407_wmp4.mp4&amp;skin=\/swf\/nacht.zip&amp;menu=false&amp;volume=45&amp;autostart=true&amp;volume=50&amp;controlbar=over&amp;stretching=exactfit\" rel=\"set[kabine]\"><img decoding=\"async\" src=\"http:\/\/www.korhanyilmaz.com\/wp-data\/images\/videoizle1.png\" alt=\"\" \/><\/a><\/center><\/p>\n<p style=\"text-align: justify;\"><a href=\"http:\/\/www.hurriyet.com.tr\/gundem\/18184739.asp?gid=381\" target=\"_blank\">Kaynak : H\u00fcrriyet<\/a><\/p>\n<p style=\"text-align: justify;\">\n","protected":false},"excerpt":{"rendered":"<p style=\"text-align: center;\">\n<p style=\"text-align: justify;\">Ba\u015fbakan Recep Tayyip Erdo\u011fan 61. H\u00fck\u00fcmet&#8217;in yeni kabinesini Cumhurba\u015fkan\u0131 Abdullah G\u00fcl&#8217;\u00fcn onay\u0131na sunmak i\u00e7in \u00c7ankaya K\u00f6\u015fk\u00fc&#8217;ne \u00e7\u0131kt\u0131. Erdo\u011fan g\u00f6r\u00fc\u015fmenin ard\u0131ndan geldi\u011fi Ba\u015fbakanl\u0131k binas\u0131nda yeni kabineyi a\u00e7\u0131klad\u0131. Yeni Bakanlar Kurulu ilk kez yar\u0131n saat 11.00&#8217;de toplan\u0131yor. G\u00fcvenoylamas\u0131 ise \u00c7ar\u015famba g\u00fcn\u00fc yap\u0131lacak.<\/p>\n","protected":false},"author":1,"featured_media":0,"comment_status":"open","ping_status":"closed","sticky":false,"template":"","format":"standard","meta":{"footnotes":""},"categories":[105],"tags":[],"class_list":["post-35487","post","type-post","status-publish","format-standard","hentry","category-gundem","odd"],"_links":{"self":[{"href":"http:\/\/www.korhanyilmaz.com\/index.php?rest_route=\/wp\/v2\/posts\/35487","targetHints":{"allow":["GET"]}}],"collection":[{"href":"http:\/\/www.korhanyilmaz.com\/index.php?rest_route=\/wp\/v2\/posts"}],"about":[{"href":"http:\/\/www.korhanyilmaz.com\/index.php?rest_route=\/wp\/v2\/types\/post"}],"author":[{"embeddable":true,"href":"http:\/\/www.korhanyilmaz.com\/index.php?rest_route=\/wp\/v2\/users\/1"}],"replies":[{"embeddable":true,"href":"http:\/\/www.korhanyilmaz.com\/index.php?rest_route=%2Fwp%2Fv2%2Fcomments&post=35487"}],"version-history":[{"count":0,"href":"http:\/\/www.korhanyilmaz.com\/index.php?rest_route=\/wp\/v2\/posts\/35487\/revisions"}],"wp:attachment":[{"href":"http:\/\/www.korhanyilmaz.com\/index.php?rest_route=%2Fwp%2Fv2%2Fmedia&parent=35487"}],"wp:term":[{"taxonomy":"category","embeddable":true,"href":"http:\/\/www.korhanyilmaz.com\/index.php?rest_route=%2Fwp%2Fv2%2Fcategories&post=35487"},{"taxonomy":"post_tag","embeddable":true,"href":"http:\/\/www.korhanyilmaz.com\/index.php?rest_route=%2Fwp%2Fv2%2Ftags&post=35487"}],"curies":[{"name":"wp","href":"https:\/\/api.w.org\/{rel}","templated":true}]}}