{"id":35482,"date":"2011-07-06T14:21:49","date_gmt":"2011-07-06T11:21:49","guid":{"rendered":"http:\/\/www.korhanyilmaz.com\/?p=35482"},"modified":"2011-07-10T11:27:05","modified_gmt":"2011-07-10T11:27:05","slug":"karakullukcu-hicbir-sey-eskisi-gibi-olmayacak","status":"publish","type":"post","link":"http:\/\/www.korhanyilmaz.com\/?p=35482","title":{"rendered":"Karakulluk\u00e7u: Hi\u00e7bir \u015fey eskisi gibi olmayacak"},"content":{"rendered":"<p style=\"text-align: center;\"><a href=\"http:\/\/www.korhanyilmaz.com\/wp-content\/uploads\/2011\/07\/620.jpg\"  class=\"lightview\"><img loading=\"lazy\" decoding=\"async\" class=\"aligncenter size-full wp-image-35483\" src=\"http:\/\/www.korhanyilmaz.com\/wp-content\/uploads\/2011\/07\/620.jpg\" alt=\"\" width=\"381\" height=\"224\" \/><\/a><\/p>\n<p style=\"text-align: justify;\">Dan\u0131\u015ftay Ba\u015fkan\u0131 H\u00fcseyin Karakulluk\u00e7u, Dan\u0131\u015ftay&#8217;\u0131n yeni d\u00f6nemde yasaklarla an\u0131lmayaca\u011f\u0131n\u0131 belirterek, \u201cYasak yok. Hi\u00e7bir \u015fey eskisi gibi olmayacak. Her \u015fey \u00e7ok g\u00fczel olacak. \u00c7\u00fcnk\u00fc, bundan sonra ben ve arkada\u015flar\u0131m\u0131n yanl\u0131\u015f, hata yapmaya hakk\u0131m\u0131z yok. Yanl\u0131\u015f\u0131 d\u00fczeltmeye vaktimiz de yok\u201d dedi. <!--more--><\/p>\n<p style=\"text-align: justify;\">Karakulluk\u00e7u, Dan\u0131\u015ftay Ba\u015fkanl\u0131\u011f\u0131na se\u00e7ilmesinin ard\u0131ndan kurum binas\u0131nda bir grup gazeteciyle tan\u0131\u015fma toplant\u0131s\u0131 d\u00fczenledi.<\/p>\n<p style=\"text-align: justify;\">Dan\u0131\u015ftay ba\u015fkanl\u0131\u011f\u0131 se\u00e7iminin ard\u0131ndan baz\u0131 gazetelerde \u015fahs\u0131na y\u00f6nelik \u201cDan\u0131\u015ftay ile daval\u0131 ba\u015fkan\u201d \u015feklinde haberlerin yer ald\u0131\u011f\u0131n\u0131 an\u0131msatan Karakulluk\u00e7u, bu haberlerin do\u011fru olmad\u0131\u011f\u0131n\u0131 s\u00f6yledi. Dan\u0131\u015ftay ile daval\u0131k oldu\u011funun do\u011fru oldu\u011funu, ancak a\u00e7t\u0131\u011f\u0131 davay\u0131 kazand\u0131\u011f\u0131n\u0131 belirten Karakulluk\u00e7u, e\u015fini kaybettikten sonra Dan\u0131\u015ftay lojman\u0131nda bakmakla y\u00fck\u00fcml\u00fc oldu\u011fu \u00e7ocu\u011fuyla otururken Dan\u0131\u015ftay&#8217;\u0131n \u201cburada oturmuyorsunuz\u201d \u015feklinde tebligat yapt\u0131\u011f\u0131n\u0131, kendisinin de bu konuyla ilgili dava a\u00e7t\u0131\u011f\u0131n\u0131 ve davay\u0131 kazand\u0131\u011f\u0131n\u0131 anlatt\u0131.<\/p>\n<p style=\"text-align: justify;\">Kendisinin kamuoyunun al\u0131\u015ft\u0131\u011f\u0131 \u015fekilde bir ba\u015fkan ya da y\u00f6netici olmad\u0131\u011f\u0131n\u0131 ifade eden Karakulluk\u00e7u, \u015f\u00f6yle konu\u015ftu:<\/p>\n<p style=\"text-align: justify;\">\u201cFrans\u0131z tabiriyle beni irregulier (kurallara g\u00f6re olmayan, kurallar\u0131 takip etmeyen) birisi olarak d\u00fc\u015f\u00fcnebilirsiniz. Hukukun genel kurallar\u0131, toplumun genel de\u011fer yarg\u0131lar\u0131, bunun i\u00e7erisini din kurallar\u0131n\u0131, ahlak kurallar\u0131n\u0131, genel hukuk kurallar\u0131n\u0131 koyun, bunlar\u0131n i\u00e7erisinde ben kendimi bu kurallara ters gelmedi\u011fi m\u00fcddet\u00e7e rahat ya\u015famay\u0131 veya kimsenin hakk\u0131na, hukukuna zarar vermeksizin rahat ya\u015famay\u0131 kendine ilke edinmi\u015f bir adam\u0131m. Bundan kimsenin keyfi i\u00e7in de vazge\u00e7ecek de\u011filim. Benim i\u00e7in insan\u0131n onuru, \u015fahsiyeti her \u015feyden \u00f6nce gelir. \u0130nsansak insan onuruna g\u00f6re ya\u015fayaca\u011f\u0131z, ama toplumun da genel de\u011ferlerine ters d\u00fc\u015fmeden yapaca\u011f\u0131z\u201d diye konu\u015ftu.<\/p>\n<p style=\"text-align: justify;\">Konu\u015fmas\u0131nda, hukuk devleti i\u00e7inde Dan\u0131\u015ftay&#8217;\u0131n \u00f6nemine i\u015faret eden Karakulluk\u00e7u, bakt\u0131klar\u0131 davalarda taraf\u0131n birinin idare oldu\u011funu, bu y\u00fczden Dan\u0131\u015ftay\u0131n hep g\u00fcncel kald\u0131\u011f\u0131n\u0131 vurgulad\u0131. Karakulluk\u00e7u, \u201c\u0130dare, siyasi iktidard\u0131r. Bizim derdimiz idareyle s\u00fcrt\u00fc\u015fme yaratmak de\u011fil. Ben burada idareyi yarg\u0131lam\u0131yorum\u201d dedi.<\/p>\n<p style=\"text-align: justify;\">Dan\u0131\u015ftay&#8217;\u0131n son yap\u0131lan yasa de\u011fi\u015fikli\u011fiyle daire say\u0131s\u0131n\u0131n 15&#8217;e \u00e7\u0131kt\u0131\u011f\u0131n\u0131, toplam 156 Dan\u0131\u015ftay \u00fcyesi bulundu\u011funu ve baz\u0131 dairelerin iki heyet halinde \u00e7al\u0131\u015ft\u0131\u011f\u0131n\u0131 ifade eden Karakulluk\u00e7u, \u015fu an Dan\u0131\u015ftay&#8217;da 216 bin 95 dava dosyas\u0131n\u0131n bulundu\u011funu s\u00f6yledi.<\/p>\n<p style=\"text-align: justify;\">\u201cBizim bundan sonra \u015fikayet etmeye hakk\u0131m\u0131z yok. \u00d6nceden i\u015fimiz \u00e7ok diyorduk, \u015fimdi yeteri kadar daire ve \u00fcyemiz var. Yeni kanun buna imkan veriyor, \u00e7ift heyet bak\u0131l\u0131yor dosyalara\u201d diyen Karakulluk\u00e7u, i\u015f y\u00fck\u00fcn\u00fc azaltmaya y\u00f6nelik tedbirler alacaklar\u0131n\u0131 kaydetti.<\/p>\n<p style=\"text-align: justify;\"><strong>\u201cY\u00dcR\u00dcTMEN\u0130N DURDURULMASI M\u00dcESSESES\u0130 \u0130DAR\u0130 HUKUKUN BEL KEM\u0130\u011e\u0130D\u0130R\u201d<\/strong><\/p>\n<p style=\"text-align: justify;\">Dan\u0131\u015ftay Kanunu ve \u0130dari Yarg\u0131lama Usul Kanunu&#8217;nda de\u011fi\u015fiklikler yaparak, y\u00fcr\u00fctmenin durdurulmas\u0131 istemiyle a\u00e7\u0131lan davalarda daha ivedi sonu\u00e7 al\u0131nmay\u0131 sa\u011flayaca\u011f\u0131 d\u00fczenlemeler yap\u0131laca\u011f\u0131n\u0131 bildiren Karakulluk\u00e7u, y\u00fcr\u00fctmenin durdurulmas\u0131 m\u00fcessesesinin idari hukukun bel kemi\u011fi oldu\u011funu anlatt\u0131.<\/p>\n<p style=\"text-align: justify;\">Yap\u0131lmas\u0131n\u0131 \u00f6nerecekleri d\u00fczenlemede y\u00fcr\u00fctmenin durdurulmas\u0131 kararlar\u0131na itiraz yolunun kapanmas\u0131n\u0131 \u00f6ng\u00f6rd\u00fcklerini ifade eden Karakulluk\u00e7u, \u201cUsullerle ilgili hatalar\u0131 asgariye indirerek, i\u015fi nas\u0131l h\u0131zland\u0131rabiliriz ona bakaca\u011f\u0131z\u201d dedi.<\/p>\n<p style=\"text-align: justify;\">Karakulluk\u00e7u, Dan\u0131\u015ftay&#8217;\u0131n yeni hizmet binas\u0131n\u0131n tamamland\u0131\u011f\u0131n\u0131 ancak \u00fcye say\u0131s\u0131n\u0131n artmas\u0131 nedeniyle ek blok yap\u0131lmas\u0131n\u0131n ard\u0131ndan yeni binaya bu y\u0131l sonuna do\u011fru ta\u015f\u0131nacaklar\u0131n\u0131 s\u00f6yledi. Yeni hizmet binas\u0131n\u0131n gereklili\u011fine i\u015faret eden Karakulluk\u00e7u, valilikten ya da \u00fcst d\u00fczey b\u00fcrokratl\u0131ktan sonra Dan\u0131\u015ftay \u00fcyeli\u011fine se\u00e7ilenlerin k\u00fc\u00e7\u00fck odalarda iki\u015fer ki\u015fi oturmak zorunda kald\u0131klar\u0131n\u0131, ziyaret\u00e7ilerine de bu durumu anlatmakta zorluk \u00e7ektiklerini belirtti.<\/p>\n<p style=\"text-align: justify;\">Karakulluk\u00e7u, \u201cTavuk gibi ya\u015famak isteseydim Tanr\u0131 beni tavuk yarat\u0131rd\u0131. \u0130nsan onuruna, Dan\u0131\u015ftay&#8217;a yak\u0131\u015f\u0131r mekanlarda \u00e7al\u0131\u015faca\u011f\u0131z. Arkada\u015flar\u0131m\u0131z da Dan\u0131\u015ftay \u00fcyesine yak\u0131\u015f\u0131r \u015fekilde \u00e7al\u0131\u015facak, fiziki \u015fartlar\u0131 geli\u015ftirece\u011fiz\u201d dedi.<\/p>\n<p style=\"text-align: justify;\">Dan\u0131\u015ftay Ba\u015fkan\u0131 Karakulluk\u00e7u, bir gazetecinin \u201cge\u00e7mi\u015f d\u00f6nemde Dan\u0131\u015ftay yasak\u00e7\u0131 kararlarla an\u0131l\u0131yordu, bu d\u00f6nemde neler olacak\u201d diye sormas\u0131 \u00fczerine \u015f\u00f6yle konu\u015ftu:<\/p>\n<p style=\"text-align: justify;\">\u201cYasak yok. Hi\u00e7bir \u015fey eskisi gibi olmayacak. Her \u015fey \u00e7ok g\u00fczel olacak. \u00c7\u00fcnk\u00fc, bundan sonra ben ve arkada\u015flar\u0131m\u0131n yanl\u0131\u015f, hata yapmaya hakk\u0131m\u0131z yok. Yanl\u0131\u015f\u0131 d\u00fczeltmeye vaktimiz de yok. Bunlar\u0131 takip edin, g\u00f6receksiniz. Hangi hakim bu zamana kadar adaleti tecelli ettirmi\u015f, b\u00f6yle bir \u015fey yok. Adalete yakla\u015fma var. \u0130\u015fin felsefe boyutu bunlar. Karakulluk\u00e7u&#8217;nun sa\u00e7\u0131, b\u0131y\u0131\u011f\u0131 \u015f\u00f6yleydi, ayakkab\u0131s\u0131 b\u00f6yleydi, bu adam bekard\u0131&#8230; Bunlar beni k\u00fc\u00e7\u00fcltmez. \u00c7\u00fcnk\u00fc, ben sizden farkl\u0131, geni\u015f d\u00fc\u015f\u00fcn\u00fcyorum. Toplumun genel kurallar\u0131 i\u00e7erisinde \u00f6zg\u00fcr olmay\u0131 d\u00fc\u015f\u00fcn\u00fcyorum. Adamsan sonuna kadar adam gibi ya\u015fars\u0131n. Tavuk gibi ya\u015fasayd\u0131m, tavuk olurdum. Yere bast\u0131\u011f\u0131n zaman dik basacaks\u0131n.\u201d Karakulluk\u00e7u, Dan\u0131\u015ftay&#8217;\u0131n UYAP sistemine de halen ge\u00e7medi\u011fini an\u0131msatarak, yeni hizmet binas\u0131nda UYAP&#8217;\u0131 kullanacaklar\u0131n\u0131, Dan\u0131\u015ftay kararlar\u0131n\u0131n UYAP b\u00fcnyesinde g\u00f6r\u00fclece\u011fini bildirdi.<\/p>\n<p style=\"text-align: justify;\"><a href=\"http:\/\/www.hurriyet.com.tr\/gundem\/18186629.asp?gid=381\" target=\"_blank\">Kaynak : H\u00fcrriyet<\/a><\/p>\n","protected":false},"excerpt":{"rendered":"<p style=\"text-align: center;\">\n<p style=\"text-align: justify;\">Dan\u0131\u015ftay Ba\u015fkan\u0131 H\u00fcseyin Karakulluk\u00e7u, Dan\u0131\u015ftay&#8217;\u0131n yeni d\u00f6nemde yasaklarla an\u0131lmayaca\u011f\u0131n\u0131 belirterek, \u201cYasak yok. Hi\u00e7bir \u015fey eskisi gibi olmayacak. Her \u015fey \u00e7ok g\u00fczel olacak. \u00c7\u00fcnk\u00fc, bundan sonra ben ve arkada\u015flar\u0131m\u0131n yanl\u0131\u015f, hata yapmaya hakk\u0131m\u0131z yok. Yanl\u0131\u015f\u0131 d\u00fczeltmeye vaktimiz de yok\u201d dedi. <\/p>\n","protected":false},"author":1,"featured_media":0,"comment_status":"open","ping_status":"closed","sticky":false,"template":"","format":"standard","meta":{"footnotes":""},"categories":[105],"tags":[],"class_list":["post-35482","post","type-post","status-publish","format-standard","hentry","category-gundem","odd"],"_links":{"self":[{"href":"http:\/\/www.korhanyilmaz.com\/index.php?rest_route=\/wp\/v2\/posts\/35482","targetHints":{"allow":["GET"]}}],"collection":[{"href":"http:\/\/www.korhanyilmaz.com\/index.php?rest_route=\/wp\/v2\/posts"}],"about":[{"href":"http:\/\/www.korhanyilmaz.com\/index.php?rest_route=\/wp\/v2\/types\/post"}],"author":[{"embeddable":true,"href":"http:\/\/www.korhanyilmaz.com\/index.php?rest_route=\/wp\/v2\/users\/1"}],"replies":[{"embeddable":true,"href":"http:\/\/www.korhanyilmaz.com\/index.php?rest_route=%2Fwp%2Fv2%2Fcomments&post=35482"}],"version-history":[{"count":0,"href":"http:\/\/www.korhanyilmaz.com\/index.php?rest_route=\/wp\/v2\/posts\/35482\/revisions"}],"wp:attachment":[{"href":"http:\/\/www.korhanyilmaz.com\/index.php?rest_route=%2Fwp%2Fv2%2Fmedia&parent=35482"}],"wp:term":[{"taxonomy":"category","embeddable":true,"href":"http:\/\/www.korhanyilmaz.com\/index.php?rest_route=%2Fwp%2Fv2%2Fcategories&post=35482"},{"taxonomy":"post_tag","embeddable":true,"href":"http:\/\/www.korhanyilmaz.com\/index.php?rest_route=%2Fwp%2Fv2%2Ftags&post=35482"}],"curies":[{"name":"wp","href":"https:\/\/api.w.org\/{rel}","templated":true}]}}