{"id":35475,"date":"2011-07-04T21:45:01","date_gmt":"2011-07-04T18:45:01","guid":{"rendered":"http:\/\/www.korhanyilmaz.com\/?p=35475"},"modified":"2011-07-10T23:09:37","modified_gmt":"2011-07-10T20:09:37","slug":"3-chpli-daha-gozaltina-mi-alinacak","status":"publish","type":"post","link":"http:\/\/www.korhanyilmaz.com\/?p=35475","title":{"rendered":"3 CHP&#8217;li daha g\u00f6zalt\u0131na m\u0131 al\u0131nacak?"},"content":{"rendered":"<p style=\"text-align: center;\"><a href=\"http:\/\/www.korhanyilmaz.com\/wp-content\/uploads\/2011\/07\/619.jpg\"  class=\"lightview\"><img loading=\"lazy\" decoding=\"async\" class=\"aligncenter size-full wp-image-35476\" src=\"http:\/\/www.korhanyilmaz.com\/wp-content\/uploads\/2011\/07\/619.jpg\" alt=\"\" width=\"292\" height=\"200\" \/><\/a><\/p>\n<p style=\"text-align: justify;\">H\u00fcrriyet Gazetesi Yazar\u0131 \u015e\u00fckr\u00fc K\u00fc\u00e7\u00fck\u015fahin, AKP&#8217;li bir y\u00f6neticinin 3 CHP&#8217;li milletvekilinin daha g\u00f6zalt\u0131na al\u0131naca\u011f\u0131n\u0131 s\u00f6yledi\u011fini yazd\u0131. O isimlerin ise G\u00fcrsel Tekin, \u0130lhan Cihaner ve Sinan Ayg\u00fcn oldu\u011fu iddia edildi. <!--more--><\/p>\n<p style=\"text-align: justify;\">H\u00fcrriyet Gazetesi Yazar\u0131 \u015e\u00fckr\u00fc K\u00fc\u00e7\u00fck\u015fahin, bug\u00fcnk\u00fc yaz\u0131s\u0131nda AKP\u2019li bir y\u00f6neticinin, yemin t\u00f6reninin oldu\u011fu g\u00fcn TBMM berberinde, yan\u0131nda oturan\u0131n CHP \u0130stanbul Milletvekili \u0130hsan \u00d6zkes oldu\u011funu bilmeden, y\u00fcksek sesle isim vererek 3 CHP\u2019li milletvekilinin daha i\u00e7eri al\u0131naca\u011f\u0131n\u0131 s\u00f6yledi\u011fini yazd\u0131.<\/p>\n<p style=\"text-align: justify;\">CHP&#8217;ye yak\u0131nl\u0131\u011f\u0131yla bilinen www. gercekgundem.com haber sitesi ise o isimlerin Sinan Ayg\u00fcn, G\u00fcrsel Tekin ve \u0130lhan Cihaner oldu\u011funu yazd\u0131.<\/p>\n<p style=\"text-align: justify;\"><a href=\"http:\/\/www.gercekgundem.com\/\" target=\"_blank\">www.gercekgundem.com<\/a> o haberi &#8220;<a href=\"http:\/\/www.gercekgundem.com\/?p=383383\" target=\"_blank\">G\u00fcrsel Tekin&#8217;e g\u00f6zalt\u0131 tehdidi<\/a>&#8221; ba\u015fl\u0131\u011f\u0131yla verdi.<\/p>\n<p style=\"text-align: justify;\">CHP Grup Ba\u015fkanvekili Muharrem \u0130nce ise Habert\u00fcrk televizyonundaki bir programda, CHP&#8217;lilerin g\u00f6zalt\u0131na al\u0131naca\u011f\u0131n\u0131 s\u00f6yleyen ismin AKP&#8217;li Salih Kapusuz oldu\u011funu a\u00e7\u0131klad\u0131.<\/p>\n<p style=\"text-align: justify;\">Salih Kapusuz ise iddialar\u0131 yalanlad\u0131.<\/p>\n<p style=\"text-align: justify;\">Habert\u00fcrk&#8217;te konu\u015fan Kapusuz, &#8220;Ben G\u00fcrsel Tekin, \u0130lhan Cihaner ve Sinan Ayg\u00fcn g\u00f6zalt\u0131na al\u0131nacak \u015feklinde bir s\u00f6z sarf etmedim&#8221; dedi.<\/p>\n<p style=\"text-align: justify;\"><span style=\"color: #993300;\"><strong>\u015e\u00fckr\u00fc K\u00fc\u00e7\u00fck\u015fahin&#8217;in yaz\u0131s\u0131<\/strong><\/span><\/p>\n<p style=\"text-align: justify;\"><strong>CHP penceresinden yemin krizi<\/strong><\/p>\n<p style=\"text-align: justify;\">PER\u015eEMBE g\u00fcn\u00fc, yemin krizine iktidar cephesinden bak\u0131\u015f\u0131 yazm\u0131\u015ft\u0131m; bug\u00fcnse CHP\u2019nin penceresinden bak\u0131\u015f\u0131, yine madde madde \u015f\u00f6yle \u00f6zetleyece\u011fim:<\/p>\n<p style=\"text-align: justify;\">&#8211; AKP, Tayyip Erdo\u011fan ve rahmetli Necmettin Erbakan i\u00e7in ki\u015fiye \u00f6zel yasalar \u00e7\u0131karm\u0131\u015f bir parti olarak bug\u00fcn, \u00e7ok daha makul bir beklentiyi kar\u015f\u0131lam\u0131yorsa bunun tek anlam\u0131, \u2018\u00d6zg\u00fcrl\u00fck ve hak sadece bizim i\u00e7in\u2019 anlay\u0131\u015f\u0131d\u0131r.<\/p>\n<p style=\"text-align: justify;\">&#8211; CHP, Erdo\u011fan\u2019\u0131n yasa\u011f\u0131 kald\u0131r\u0131l\u0131rken pazarl\u0131ks\u0131z, \u201cMilli iradenin y\u00fczde 34\u2019\u00fcn\u00fc temsil eden bir partinin lideri yasakl\u0131 olamaz\u201d dedi. \u015eimdi CHP\u2019nin, \u2018Y\u00fczde 34 ile y\u00fczde 26 aras\u0131ndaki fark ne\u201d diye sorma hakk\u0131 var.<\/p>\n<p style=\"text-align: justify;\">&#8211; \u2018Ana muhalefet olmadan da i\u015fi g\u00f6t\u00fcr\u00fcr\u00fcm\u2019 deniyorsa bu c\u00fcmle dahi ba\u015fl\u0131 ba\u015f\u0131na sorunlu; \u00e7\u00fcnk\u00fc bu bak\u0131\u015f, demokrasi anlay\u0131\u015f\u0131n\u0131z\u0131, muhalefet kavram\u0131n\u0131n demokratik \u00f6z\u00fcn\u00fc ve anlam\u0131n\u0131 sindiremedi\u011finizi g\u00f6sterir.<\/p>\n<p style=\"text-align: justify;\">&#8211; CHP, her t\u00fcrl\u00fc kamuoyu tepkisini g\u00f6z \u00f6n\u00fcnde tutarak bu yola girdi, bu karar \u00e7ocuk oyunca\u011f\u0131 de\u011fil; ama i\u00e7inde uzla\u015fmay\u0131, iyi niyet \u00e7a\u011fr\u0131s\u0131n\u0131 bekleyen anlay\u0131\u015f\u0131 da bar\u0131nd\u0131r\u0131yor, en az\u0131ndan bunun garantisi aran\u0131yor.<\/p>\n<p style=\"text-align: justify;\">&#8211; CHP\u2019den kopma beklentisi, beklenti sahiplerini yan\u0131ltacak. Kemal K\u0131l\u0131\u00e7daro\u011flu, \u2018Yar\u0131n bizi terk edecekler, kap\u0131 a\u00e7\u0131k hemen \u00e7\u0131kabilir\u2019 dedi, CHP grubu da arkas\u0131nda durdu: Ayr\u0131ca yol arkada\u015fl\u0131\u011f\u0131 zor g\u00fcnde belli olur.<\/p>\n<p style=\"text-align: justify;\">&#8211; Ba\u015fbakan\u2019\u0131n \u00e7\u00f6z\u00fcme yana\u015fmamas\u0131, CHP\u2019yi test etmeye y\u00f6nelik. CHP, bu testi ge\u00e7ecek g\u00fc\u00e7te oldu\u011funu kan\u0131tlayacak; \u00e7\u00fcnk\u00fc hakl\u0131 bir dayana\u011f\u0131 var. Muhalefetin hakl\u0131 dayana\u011f\u0131 g\u00f6z \u00f6n\u00fcne al\u0131nm\u0131yorsa, direni\u015f d\u0131\u015f\u0131nda yol kalmam\u0131\u015f demektir.<\/p>\n<p style=\"text-align: justify;\">&#8211; A\u0130HM de uluslararas\u0131 hukuk da CHP\u2019yi hakl\u0131 buluyor; e\u011fer yarg\u0131 y\u00fczde 100 aksi bir tav\u0131r tak\u0131n\u0131yorsa bu sadece muhalefetin de\u011fil iktidar\u0131n da sorunu.<\/p>\n<p style=\"text-align: justify;\">&#8211; H\u00fck\u00fcmet i\u00e7eride kamuoyu olu\u015fturma g\u00fcc\u00fcne sahip; ama uluslararas\u0131 camia her \u015feyi g\u00f6r\u00fcyor, Sosyalist Enternasyonal karar\u0131 daha ilk, devam\u0131 gelecek.<\/p>\n<p style=\"text-align: justify;\">&#8211; Yarg\u0131; savc\u0131s\u0131, YSK\u2019s\u0131 ile b\u00fct\u00fcn a\u015famalarda bu isimlere \u2018Se\u00e7ilebilirsin\u2019 dedi, vatanda\u015f da oyunu verdi, mazbatalar al\u0131nd\u0131; ama \u015fimdi ayn\u0131 yarg\u0131 \u2018Yok, olmaz\u2019 diyorsa burada hedef milletvekili de\u011fil; do\u011frudan se\u00e7men iradesidir. Se\u00e7men iradesine kar\u015f\u0131 bir tutuma sessiz kalma hakk\u0131 ise kimsede yok.<\/p>\n<p style=\"text-align: justify;\">&#8211; Bu karar 12 Eyl\u00fcl zihniyetinin devam\u0131 olan \u00f6zel yetkili mahkemelerin karar\u0131, e\u011fer AKP 12 Eyl\u00fcl hukukuna ger\u00e7ekten kar\u015f\u0131ysa gere\u011fini yapmal\u0131.<\/p>\n<p style=\"text-align: justify;\"><strong>SARI \u00d6K\u00dcZ\u2019E KANIT VAR<\/strong><\/p>\n<p style=\"text-align: justify;\">&#8211; Savunulan hak sadece 2 CHP milletvekili ile s\u0131n\u0131rl\u0131 de\u011fil, 8 milletvekili ayn\u0131 durumda ve bu tablo d\u00fcnyada e\u015fi benzeri olmayan bir durum.<\/p>\n<p style=\"text-align: justify;\">&#8211; Ya\u015fanan sorun, referandum ile yarg\u0131n\u0131n ba\u011f\u0131ms\u0131zla\u015fmad\u0131\u011f\u0131n\u0131, aksine tarafl\u0131 hale getirildi\u011fini kan\u0131tlama f\u0131rsat\u0131n\u0131 da yaratt\u0131.<\/p>\n<p style=\"text-align: justify;\">&#8211; Tamam, CHP bu Meclis\u2019i kuran parti, ama 91 y\u0131ld\u0131r 8 milletvekilinin yemin etmedi\u011fi bir tablo hi\u00e7 ya\u015fanmad\u0131, bu da AKP d\u00f6neminde ya\u015fanan bir ilk oldu.<\/p>\n<p style=\"text-align: justify;\">&#8211; AKP\u2019li bir y\u00f6netici, yemin t\u00f6reninden \u00f6nce TBMM\u2019de berberde, yan\u0131nda oturan\u0131n \u0130stanbul Milletvekili \u0130hsan \u00d6zkes oldu\u011funu bilmeden, y\u00fcksek sesle, isim vererek 3 CHP\u2019li milletvekilinin daha i\u00e7eri al\u0131naca\u011f\u0131n\u0131 s\u00f6yledi. Bu K\u0131l\u0131\u00e7daro\u011flu\u2019nun at\u0131f yapt\u0131\u011f\u0131 \u2018Sar\u0131 \u00d6k\u00fcz\u2019 hik\u00e2yesinin ger\u00e7ekli\u011fini g\u00f6steriyor. \u0130ktidar\u0131n bu tavr\u0131 kar\u015f\u0131s\u0131nda direni\u015f daha anlaml\u0131 bir hal ald\u0131.<\/p>\n<p style=\"text-align: justify;\"><strong>BEN\u0130M NOTUM:<\/strong> \u00d6zkes\u2019le konu\u015ftum, duyduklar\u0131n\u0131 aynen aktard\u0131\u011f\u0131n\u0131 s\u00f6yledi. AKP\u2019li y\u00f6netici de \u2018Do\u011fru de\u011fil; kim i\u00e7eri al\u0131n\u0131r, nereden bilirim, m\u00fcneccim miyim, mahkeme mi\u2019 dedi. Ancak bu \u2018berber kazas\u0131\u2019n\u0131, o g\u00fcn CHP kulisinde an\u0131nda yay\u0131ld\u0131\u011f\u0131, ba\u015fta \u00d6zkes, \u2018Yemin etmeliyiz\u2019 diye d\u00fc\u015f\u00fcnen baz\u0131 vekillerin karar de\u011fi\u015ftirmesine etki eden alg\u0131y\u0131 yaratt\u0131\u011f\u0131 i\u00e7in yazma gere\u011fi duydum.<\/p>\n<p style=\"text-align: justify;\"><a href=\"http:\/\/www.cnnturk.com\/2011\/turkiye\/07\/04\/3.chpli.daha.gozaltina.mi.alinacak\/622079.0\/index.html\" target=\"_blank\">Kaynak : CNN T\u00dcRK<\/a><\/p>\n","protected":false},"excerpt":{"rendered":"<p style=\"text-align: center;\">\n<p style=\"text-align: justify;\">H\u00fcrriyet Gazetesi Yazar\u0131 \u015e\u00fckr\u00fc K\u00fc\u00e7\u00fck\u015fahin, AKP&#8217;li bir y\u00f6neticinin 3 CHP&#8217;li milletvekilinin daha g\u00f6zalt\u0131na al\u0131naca\u011f\u0131n\u0131 s\u00f6yledi\u011fini yazd\u0131. O isimlerin ise G\u00fcrsel Tekin, \u0130lhan Cihaner ve Sinan Ayg\u00fcn oldu\u011fu iddia edildi. <\/p>\n","protected":false},"author":1,"featured_media":0,"comment_status":"open","ping_status":"closed","sticky":false,"template":"","format":"standard","meta":{"footnotes":""},"categories":[105],"tags":[],"class_list":["post-35475","post","type-post","status-publish","format-standard","hentry","category-gundem","odd"],"_links":{"self":[{"href":"http:\/\/www.korhanyilmaz.com\/index.php?rest_route=\/wp\/v2\/posts\/35475","targetHints":{"allow":["GET"]}}],"collection":[{"href":"http:\/\/www.korhanyilmaz.com\/index.php?rest_route=\/wp\/v2\/posts"}],"about":[{"href":"http:\/\/www.korhanyilmaz.com\/index.php?rest_route=\/wp\/v2\/types\/post"}],"author":[{"embeddable":true,"href":"http:\/\/www.korhanyilmaz.com\/index.php?rest_route=\/wp\/v2\/users\/1"}],"replies":[{"embeddable":true,"href":"http:\/\/www.korhanyilmaz.com\/index.php?rest_route=%2Fwp%2Fv2%2Fcomments&post=35475"}],"version-history":[{"count":0,"href":"http:\/\/www.korhanyilmaz.com\/index.php?rest_route=\/wp\/v2\/posts\/35475\/revisions"}],"wp:attachment":[{"href":"http:\/\/www.korhanyilmaz.com\/index.php?rest_route=%2Fwp%2Fv2%2Fmedia&parent=35475"}],"wp:term":[{"taxonomy":"category","embeddable":true,"href":"http:\/\/www.korhanyilmaz.com\/index.php?rest_route=%2Fwp%2Fv2%2Fcategories&post=35475"},{"taxonomy":"post_tag","embeddable":true,"href":"http:\/\/www.korhanyilmaz.com\/index.php?rest_route=%2Fwp%2Fv2%2Ftags&post=35475"}],"curies":[{"name":"wp","href":"https:\/\/api.w.org\/{rel}","templated":true}]}}