{"id":35458,"date":"2011-07-03T22:35:14","date_gmt":"2011-07-03T19:35:14","guid":{"rendered":"http:\/\/www.korhanyilmaz.com\/?p=35458"},"modified":"2011-07-10T23:20:12","modified_gmt":"2011-07-10T20:20:12","slug":"bdp-ya-36-ya-hic","status":"publish","type":"post","link":"http:\/\/www.korhanyilmaz.com\/?p=35458","title":{"rendered":"BDP: Ya 36 ya hi\u00e7"},"content":{"rendered":"<p style=\"text-align: center;\"><a href=\"http:\/\/www.korhanyilmaz.com\/wp-content\/uploads\/2011\/07\/615.jpg\"  class=\"lightview\"><img loading=\"lazy\" decoding=\"async\" class=\"aligncenter size-full wp-image-35459\" src=\"http:\/\/www.korhanyilmaz.com\/wp-content\/uploads\/2011\/07\/615.jpg\" alt=\"\" width=\"324\" height=\"211\" \/><\/a><\/p>\n<p style=\"text-align: justify;\">&#8216;Demokratik Anayasal \u00c7\u00f6z\u00fcm\u00fcn Sa\u011flanmas\u0131&#8217; mitinginde hedef Ba\u015fbakan Erdo\u011fan&#8217;d\u0131.<\/p>\n<p style=\"text-align: justify;\">D\u0130YARBAKIR &#8211; Bar\u0131\u015f ve Demokrasi Partisi taraf\u0131ndan Diyarbak\u0131r&#8217;da &#8216;Demokratik Anayasal \u00c7\u00f6z\u00fcm\u00fcn Sa\u011flanmas\u0131&#8217; mitingi d\u00fczenlendi.<\/p>\n<p style=\"text-align: justify;\">Mitingde, Genel Ba\u015fkan Yard\u0131mc\u0131s\u0131 Filiz Ko\u00e7ali ve DTK Genel Ba\u015fkan\u0131 ve ba\u011f\u0131ms\u0131z Mardin Milletvekili Ahmet T\u00fcrk konu\u015ftu. <!--more--><\/p>\n<p style=\"text-align: justify;\">Hatip Dicle&#8217;nin durumu nedeniyle yap\u0131lan Meclis&#8217;i boykotuyla ilgili &#8216;ya 36 ya hi\u00e7&#8217; mesaj\u0131 verilen mitingde, \u00e7\u00f6z\u00fcm\u00fcn ve \u00f6zg\u00fcrl\u00fc\u011f\u00fcn \u00e7ok yak\u0131n oldu\u011fu vurguland\u0131.<\/p>\n<p style=\"text-align: justify;\">Tunceli&#8217;de g\u00fcvenlik g\u00fc\u00e7leri ile girdi\u011fi \u00e7at\u0131\u015fmada \u00f6l\u00fc olarak ele ge\u00e7irilen PKK mensubu Mazlum Erenci&#8217;nin Ter\u00f6rle M\u00fccadele Kanunu ma\u011fduru bir \u00e7ocuk oldu\u011funu, \u015e\u0131rnak&#8217;ta se\u00e7im kutlamalar\u0131 i\u00e7in meydanlara giden Hatice \u0130din&#8217;in polisin \u015fiddeti sonucu hayat\u0131n\u0131 kaybetti\u011fini, Siirtli Vecihe anan\u0131n se\u00e7im bayram\u0131nda \u015fiddete u\u011frad\u0131\u011f\u0131n\u0131 ve ya\u015fam sava\u015f\u0131 verdi\u011fini, Siirt&#8217;e panzerin sivil arac\u0131 ezmesiyle 3 k\u00fc\u00e7\u00fck yavruyu kaybettiklerini belirten Filiz Ko\u00e7ali, &#8220;Bing\u00f6l&#8217;de de bir askerin \u00f6l\u00fcm\u00fcn\u00fc \u00fcz\u00fcnt\u00fcyle \u00f6\u011frenmi\u015f bulunuyoruz&#8221; dedi.<\/p>\n<p style=\"text-align: justify;\">Ba\u015fbakan Erdo\u011fan&#8217;a seslenen ve &#8220;Bunlardan sonra gelip buradan helallik isteyecek misin? Bunca katliama, bunca bask\u0131dan sonra helalik verecek miyiz?&#8221; diyen Ko\u00e7ali&#8217;nin konu\u015fmas\u0131nda \u00f6ne \u00e7\u0131kanlar \u015f\u00f6yle:<\/p>\n<p style=\"text-align: justify;\">\u2014 &#8221;Biz onlara diyoruz ki a\u00e7\u0131k olun, \u00e7\u00fcz\u00fcmden yana m\u0131s\u0131n\u0131z, de\u011fil misiniz? Tek kelime ile bize cevap verin.<\/p>\n<p style=\"text-align: justify;\">\u2014 Biz art\u0131k ona gasp\u00e7\u0131 Erdo\u011fan da diyece\u011fiz. \u00c7\u00fcnk\u00fc ortada \u00e7ok b\u00fcy\u00fck bir hukuk katliam\u0131 var, hak gasp\u0131 var. Bu halk\u0131n se\u00e7ti\u011fi milletvekilli\u011fini gasp ettiler.<\/p>\n<p style=\"text-align: justify;\">\u2014 Sadece se\u00e7im s\u00fcrdecinde 2 bin arkada\u015f\u0131m\u0131z g\u00f6zalt\u0131na al\u0131nd\u0131, bini tutukland\u0131. \u015eu anda BDP y\u00f6neticisi, se\u00e7meni 3 bin ki\u015fi cezaevinde.<\/p>\n<p style=\"text-align: justify;\"><strong>FEHM\u0130 I\u015eIKLAR \u00d6RNE\u011e\u0130<\/strong><\/p>\n<p style=\"text-align: justify;\">\u2014 Ba\u015fbakan bug\u00fcn yine konu\u015fmu\u015f, a\u011fz\u0131ndan hay\u0131rl\u0131 bir laf \u00e7\u0131km\u0131yor. Yine \u015fer kusmu\u015f. Ba\u015fbakan diyorki, &#8216;Hatip Dicle&#8217;nin durumu benimki gibi de\u011fil&#8217; Hatip Dicle&#8217;nin durumu onunkinden \u00e7ok daha iyi se\u00e7ilmeye uygun bir durum. Ba\u015fbakan 2002 se\u00e7imlerinde \u0130stanbul&#8217;da \u00dcsk\u00fcd\u00fcr&#8217;da oy kulland\u0131. Sonra ne oldu? Siirt&#8217;teki se\u00e7im allem, kullem iptal edildi. Ba\u015fbakan hop \u00dcsk\u00fcdar&#8217;dan Siirt&#8217;e vekil oldu. Hatip Dicle bu topraklar\u0131n \u00e7ocu\u011fu. Dicle, Diyarbak\u0131rl\u0131n\u0131n oyuyla se\u00e7ildi.<\/p>\n<p style=\"text-align: justify;\">Y\u0131llar \u00f6nce ayn\u0131 durum Fehmi I\u015f\u0131klar&#8217;da da olmu\u015f. YSK &#8216;buna meclis karar verir&#8217; demi\u015f. \u015eimdi peki neden YSK buna meclis karar verir demedi. \u00c7\u00fcnk\u00fc ortada AK Parti&#8217;nin \u015fikayeti var. Hatip Dicle&#8217;nin mazbatan\u0131n geri al\u0131nmas\u0131n\u0131n sebebi \u015fu kurul, bu kurul, hukuk de\u011fil AK Parti&#8217;nin ta kendisidir.<\/p>\n<p style=\"text-align: justify;\">\u2014 Biz kararl\u0131y\u0131z, ya Hatip Dicle meclise gidecek ya da \u00f6zg\u00fcrl\u00fck&#8230; Biliyoruz \u00e7\u00f6z\u00fcm \u00e7ok yak\u0131n, \u00f6zg\u00fcrl\u00fck \u00e7ok yak\u0131n.<\/p>\n<p style=\"text-align: justify;\">\u2014 \u015eimdi bir tarih var 15 Temmuz, elbette \u0130mral\u0131&#8217;da yap\u0131lan g\u00f6r\u00fc\u015fmeleri \u00e7ok \u00f6nemli buluyoruz. Ama o g\u00f6r\u00fc\u015fmeler \u00f6yle bir a\u015famaya geldi ki, ya o protokoller hayata ge\u00e7irilecek ya da o protokoller bir ka\u011f\u0131t par\u00e7as\u0131 halini alacak. Biz diyoruz ki, biz \u00e7\u00f6z\u00fcme var\u0131z. O protokollerin gere\u011fini yerine getirin, meclisi a\u00e7\u0131k tutun, birlikte tart\u0131\u015fal\u0131m \u00e7\u00f6z\u00fcme hep birlikte bir ad\u0131m daha yakla\u015fal\u0131m.<\/p>\n<p style=\"text-align: justify;\">\u2014 \u015eimdi diyormu\u015f ki Ba\u015fbakan, &#8216;Pa\u015fa pa\u015fa gelecekler&#8217; Ba\u015fbakan sen bizi tan\u0131m\u0131yor musun? Biz bug\u00fcne kadar boyun e\u011fdik mi? E\u011fmedik. Bizde b\u00f6yle halk g\u00fcc\u00fc olunca, biz boyun e\u011fip pa\u015fa pa\u015fa senin o meclisine gelmeyiz Ba\u015fbakan, bunu bilesin. Biz dedik ki, ya 36 ya hi\u00e7. Bu mitinglerimizi illerde de s\u00fcrd\u00fcrece\u011fiz.&#8221;<\/p>\n<p style=\"text-align: justify;\"><strong>&#8220;YA O GELECEK YA DA&#8230;&#8221;<\/strong><\/p>\n<p style=\"text-align: justify;\">DTK Genel Ba\u015fkan\u0131 ve Mardin Milletvekili Ahmet T\u00fcrk de konu\u015fmas\u0131nda \u015funlar\u0131 s\u00f6yledi:<\/p>\n<p style=\"text-align: justify;\">&#8220;Ba\u015fbakan bilsin ki biz tehditlere kar\u015f\u0131 geri ad\u0131m atmay\u0131z. K\u00fcrt\u00e7e bir atas\u00f6z\u00fc vard\u0131r, &#8216;Biz ba\u015f\u0131m\u0131z\u0131 ka\u015f\u0131mayana kadar, ba\u015f\u0131m\u0131z\u0131n ka\u015f\u0131nt\u0131s\u0131 ge\u00e7mez&#8217; bunu iyi bilmemiz laz\u0131m. Senelerdir \u00f6zg\u00fcrl\u00fck m\u00fccadelesinin kavgas\u0131n\u0131 veriyoruz. \u00c7ok a\u00e7\u0131k s\u00f6yleyeyim sava\u015f\u0131n\u0131 veriyoruz. Bu sava\u015f, halk\u0131m\u0131z\u0131n sava\u015f\u0131d\u0131r&#8230;<\/p>\n<p style=\"text-align: justify;\">S\u00f6z veriyoruz, sonuna kadar Hatip Dicle ile beraber olaca\u011f\u0131z. Ya o yan\u0131m\u0131zda olacak, ya biz onun yan\u0131nda olaca\u011f\u0131z. Bunun \u00e7ok iyi bilinmesi laz\u0131m. BDP bundan sonra, grup toplant\u0131lar\u0131n\u0131 halk\u0131 ile birlikte ger\u00e7ekle\u015ftirecek. Sizlerle birlikte m\u00fccadelesini, azmini, s\u00fcre\u00e7le ilgili de\u011ferlendirmelerini sizlerle birlikte yapacak ve K\u00fcrdistanda kararlar olu\u015fturacakt\u0131r.<\/p>\n<p style=\"text-align: justify;\">Teslimiyet\u00e7i anlay\u0131\u015fa hi\u00e7bir zaman boyun e\u011fmeyece\u011fiz. Bunun \u00e7ok iyi bilinmesi gerekiyor. Evet bar\u0131\u015fa haz\u0131r\u0131z diyoruz ama bar\u0131\u015f kap\u0131lar\u0131n\u0131 kapat\u0131rsan\u0131z K\u00fcrtler alternatifini yaratacakt\u0131r.&#8221;<\/p>\n<p style=\"text-align: justify;\"><strong>POL\u0130SLE \u00c7ATI\u015eMA<\/strong><\/p>\n<p style=\"text-align: justify;\">Mitingin da\u011f\u0131lmas\u0131ndan sonra, kalabal\u0131k, Ba\u011flar il\u00e7esinde Tunceli&#8217;de girdi\u011fi \u00e7at\u0131\u015fmada \u00f6len ter\u00f6r \u00f6rg\u00fct\u00fc PKK mensubu Mazlum Erenci i\u00e7in Dicleliler Yasevi&#8217;nde kurulan taziye yerine kadar olan yakla\u015f\u0131k 3 kilometrelik yolu y\u00fcr\u00fcd\u00fc.<\/p>\n<p style=\"text-align: justify;\">Burada taziye dileklerinde bulunan grubun da\u011f\u0131lmas\u0131n\u0131n ard\u0131ndan y\u00fczleri maskeli baz\u0131 ki\u015filer polise ta\u015f ve el yap\u0131m\u0131 bomba ile sald\u0131rd\u0131. Bomba nedeniyle Ekrem Ay (27) yaraland\u0131. Ay, Diyarbak\u0131r E\u011fitim ve Ara\u015ft\u0131rma Hastanesinde tedavi alt\u0131na al\u0131n\u0131rken, polis olayla ilgili baz\u0131 ki\u015fileri g\u00f6zalt\u0131na ald\u0131.<\/p>\n<p style=\"text-align: justify;\"><a href=\"http:\/\/www.ntvmsnbc.com\/id\/25228959\/\" target=\"_blank\">Kaynak : NTVMSNBC<\/a><\/p>\n","protected":false},"excerpt":{"rendered":"<p style=\"text-align: center;\">\n<p style=\"text-align: justify;\">&#8216;Demokratik Anayasal \u00c7\u00f6z\u00fcm\u00fcn Sa\u011flanmas\u0131&#8217; mitinginde hedef Ba\u015fbakan Erdo\u011fan&#8217;d\u0131.<\/p>\n<p style=\"text-align: justify;\">D\u0130YARBAKIR &#8211; Bar\u0131\u015f ve Demokrasi Partisi taraf\u0131ndan Diyarbak\u0131r&#8217;da &#8216;Demokratik Anayasal \u00c7\u00f6z\u00fcm\u00fcn Sa\u011flanmas\u0131&#8217; mitingi d\u00fczenlendi.<\/p>\n<p style=\"text-align: justify;\">Mitingde, Genel Ba\u015fkan Yard\u0131mc\u0131s\u0131 Filiz Ko\u00e7ali ve DTK Genel Ba\u015fkan\u0131 ve ba\u011f\u0131ms\u0131z Mardin Milletvekili Ahmet T\u00fcrk konu\u015ftu. <\/p>\n","protected":false},"author":1,"featured_media":0,"comment_status":"open","ping_status":"closed","sticky":false,"template":"","format":"standard","meta":{"footnotes":""},"categories":[105],"tags":[],"class_list":["post-35458","post","type-post","status-publish","format-standard","hentry","category-gundem","odd"],"_links":{"self":[{"href":"http:\/\/www.korhanyilmaz.com\/index.php?rest_route=\/wp\/v2\/posts\/35458","targetHints":{"allow":["GET"]}}],"collection":[{"href":"http:\/\/www.korhanyilmaz.com\/index.php?rest_route=\/wp\/v2\/posts"}],"about":[{"href":"http:\/\/www.korhanyilmaz.com\/index.php?rest_route=\/wp\/v2\/types\/post"}],"author":[{"embeddable":true,"href":"http:\/\/www.korhanyilmaz.com\/index.php?rest_route=\/wp\/v2\/users\/1"}],"replies":[{"embeddable":true,"href":"http:\/\/www.korhanyilmaz.com\/index.php?rest_route=%2Fwp%2Fv2%2Fcomments&post=35458"}],"version-history":[{"count":0,"href":"http:\/\/www.korhanyilmaz.com\/index.php?rest_route=\/wp\/v2\/posts\/35458\/revisions"}],"wp:attachment":[{"href":"http:\/\/www.korhanyilmaz.com\/index.php?rest_route=%2Fwp%2Fv2%2Fmedia&parent=35458"}],"wp:term":[{"taxonomy":"category","embeddable":true,"href":"http:\/\/www.korhanyilmaz.com\/index.php?rest_route=%2Fwp%2Fv2%2Fcategories&post=35458"},{"taxonomy":"post_tag","embeddable":true,"href":"http:\/\/www.korhanyilmaz.com\/index.php?rest_route=%2Fwp%2Fv2%2Ftags&post=35458"}],"curies":[{"name":"wp","href":"https:\/\/api.w.org\/{rel}","templated":true}]}}