{"id":35449,"date":"2011-07-03T18:49:07","date_gmt":"2011-07-03T15:49:07","guid":{"rendered":"http:\/\/www.korhanyilmaz.com\/?p=35449"},"modified":"2011-07-10T23:09:11","modified_gmt":"2011-07-10T20:09:11","slug":"aziz-yildirim-gozaltinda","status":"publish","type":"post","link":"http:\/\/www.korhanyilmaz.com\/?p=35449","title":{"rendered":"Aziz Y\u0131ld\u0131r\u0131m g\u00f6zalt\u0131nda"},"content":{"rendered":"<p style=\"text-align: center;\"><a href=\"http:\/\/www.korhanyilmaz.com\/wp-content\/uploads\/2011\/07\/614.jpg\"  class=\"lightview\"><img loading=\"lazy\" decoding=\"async\" class=\"aligncenter size-full wp-image-35452\" src=\"http:\/\/www.korhanyilmaz.com\/wp-content\/uploads\/2011\/07\/614.jpg\" alt=\"\" width=\"405\" height=\"198\" \/><\/a><\/p>\n<p style=\"text-align: justify;\">Fenerbah\u00e7e Ba\u015fkan\u0131 Aziz Y\u0131ld\u0131r\u0131m ba\u015fta olmak \u00fczere kul\u00fcp ba\u015fkan\u0131, y\u00f6netici, teknik direkt\u00f6r, futbolcu ve menajerlerden olu\u015fan toplam 49 ki\u015fi &#8216;\u015fike soru\u015fturmas\u0131&#8217;ndan g\u00f6zalt\u0131na al\u0131nd\u0131. G\u00f6zalt\u0131lara ili\u015fkin gerek\u00e7eler ortaya \u00e7\u0131kt\u0131: Organize su\u00e7 \u00f6rg\u00fct\u00fc kurmak, \u015fike ve te\u015fvik primi da\u011f\u0131tmak&#8230;<!--more--><\/p>\n<p style=\"text-align: justify;\">\u0130STANBUL &#8211; Organize Su\u00e7larla M\u00fccadele \u015eubesi&#8217;ne ba\u011fl\u0131 ekipler, &#8216;futbolda \u015fike soru\u015fturmas\u0131&#8217; kapsam\u0131nda \u0130stanbul ve Antalya ba\u015fta olmak \u00fczere 12 ilde operasyon ba\u015flatt\u0131.<\/p>\n<p style=\"text-align: justify;\">Sabah saatlerinde ba\u015flat\u0131lan operasyon kapsam\u0131nda g\u00f6zalt\u0131na al\u0131nanlar aras\u0131nda en dikkat \u00e7eken isim, evinde de arama yap\u0131lan Fenerbah\u00e7e Spor Kul\u00fcb\u00fc Ba\u015fkan\u0131 Aziz Y\u0131ld\u0131r\u0131m oldu. Kul\u00fcp ba\u015fkan\u0131, y\u00f6netici, teknik direkt\u00f6r, futbolcu ve menajerlerden olu\u015fan g\u00f6zalt\u0131nlar\u0131n say\u0131s\u0131 49 oldu.<\/p>\n<p style=\"text-align: justify;\">&#8220;Organize su\u00e7 \u00f6rg\u00fct\u00fc olu\u015fturmak, ma\u00e7lar\u0131n skorlar\u0131n\u0131 bask\u0131 ve tehdit ile etkilemek&#8221; iddias\u0131yla ba\u015flat\u0131lan soru\u015fturmayla ilgili bilgiler, \u0130stanbul Cumhuriyet Ba\u015fsavc\u0131l\u0131\u011f\u0131 yetkilileri taraf\u0131ndan ak\u015fam saatlerinde a\u00e7\u0131kland\u0131.<\/p>\n<p style=\"text-align: justify;\">Soru\u015fturman\u0131n, Giresunspor eski ba\u015fkan\u0131 Olgun Peker&#8217;in, &#8221;Organize su\u00e7 \u00f6rg\u00fct\u00fc olu\u015fturarak, ma\u00e7lar\u0131n skorlar\u0131n\u0131 bask\u0131 ve tehdit ile etkiledi\u011fi&#8221; gerek\u00e7esiyle o d\u00f6nemde \u00d6zel Yetkili Cumhuriyet Savc\u0131s\u0131 olan \u0130stanbul Ba\u015fsavc\u0131 Vekili Zekeriya \u00d6z taraf\u0131ndan ba\u015flat\u0131ld\u0131\u011f\u0131 bildirildi.<\/p>\n<p style=\"text-align: justify;\">\u0130stanbul Cumhuriyet Ba\u015fsavc\u0131l\u0131\u011f\u0131 yetkilileri, bir ihbar \u00fczerine Giresunspor eski ba\u015fkan\u0131 Olgun Peker&#8217;in, &#8221;organize su\u00e7 \u00f6rg\u00fct\u00fc olu\u015fturarak, ma\u00e7lar\u0131n skorlar\u0131n\u0131 bask\u0131 ve tehdit ile etkiledi\u011fi&#8221; gerek\u00e7esiyle 2010 y\u0131l\u0131n\u0131n Aral\u0131k ay\u0131nda soru\u015fturma ba\u015flat\u0131ld\u0131\u011f\u0131n\u0131 bildirdiler.<\/p>\n<p style=\"text-align: justify;\">Soru\u015fturmay\u0131 y\u00fcr\u00fcten \u00d6zel Yetkili Cumhuriyet Savc\u0131s\u0131 Zekeriya \u00d6z&#8217;\u00fcn, \u0130stanbul Cumhuriyet Ba\u015fsavc\u0131 Vekilli\u011fi g\u00f6revine terfi ettirilmesinin ard\u0131ndan soru\u015fturma dosyas\u0131n\u0131n \u00d6zel Yetkili Cumhuriyet Savc\u0131s\u0131 Mehmet Berk&#8217;e verildi\u011fini kaydeden yetkililer, su\u00e7 \u00f6rg\u00fct\u00fcne y\u00f6nelik \u00e7al\u0131\u015fmalarda, baz\u0131 kul\u00fcp ba\u015fkanlar\u0131 ile y\u00f6neticilerinin g\u00f6r\u00fc\u015fmelerinin de teknik takiple tespit edildi\u011finin belirlendi\u011fini ifade ettiler.<\/p>\n<p style=\"text-align: justify;\">Fenerbah\u00e7e d\u0131\u015f\u0131nda, Karab\u00fck, Be\u015fikta\u015f, Altay, Gen\u00e7lerbirli\u011fi&#8217;nin ge\u00e7en sezona y\u00f6nelik ma\u00e7lar\u0131n\u0131n incelendi\u011fini kaydeden Ba\u015fsavc\u0131l\u0131k yetkilileri, Nijeryal\u0131 futbolcu Emmanuel Emenike&#8217;ye ili\u015fkin teknik takip sonucu kay\u0131tlar\u0131n bulundu\u011funu belirttiler.<\/p>\n<p style=\"text-align: justify;\"><strong>YILDIRIM&#8217;DAN \u0130LK HABER<\/strong><\/p>\n<p style=\"text-align: justify;\">Aziz Y\u0131ld\u0131r\u0131m&#8217;\u0131n avukat\u0131 Rezzan Ep\u00f6zdemir, ba\u015fkan Y\u0131ld\u0131r\u0131m&#8217;\u0131n durumdan ho\u015fnutsuz oldu\u011funu, kendisi ve arkada\u015flar\u0131yla ilgili hi\u00e7bir \u015f\u00fcphesinin olmad\u0131\u011f\u0131n\u0131 s\u00f6yledi.<\/p>\n<p style=\"text-align: justify;\">Ep\u00f6zdemir, \u0130stanbul Emniyet M\u00fcd\u00fcrl\u00fc\u011f\u00fcnde Aziz Y\u0131ld\u0131r\u0131m ile yapt\u0131\u011f\u0131 g\u00f6r\u00fc\u015fmenin ard\u0131ndan bas\u0131n mensuplar\u0131n\u0131n sorular\u0131n\u0131 yan\u0131tlad\u0131.<\/p>\n<p style=\"text-align: justify;\">\u00c7ok geni\u015f kapsaml\u0131 bir soru\u015fturma yap\u0131ld\u0131\u011f\u0131n\u0131 belirten Ep\u00f6zdemir, \u201cGizlilik nedeniyle bilgi vermem m\u00fcmk\u00fcn de\u011fil. \u015eike ve te\u015fvik ad\u0131 alt\u0131nda bir soru\u015fturma. Dosyada gizlilik karar\u0131 oldu\u011fu i\u00e7in biz de bilgi sahibi de\u011filiz\u201d dedi.<\/p>\n<p style=\"text-align: justify;\"><strong>&#8220;S\u0130YAS\u0130 \u0130\u00c7ER\u0130KL\u0130 K\u0130TAP \u0130STED\u0130&#8221;<\/strong><\/p>\n<p style=\"text-align: justify;\">Aziz Y\u0131ld\u0131r\u0131m&#8217;\u0131n sa\u011fl\u0131k durumunun iyi oldu\u011funu anlatan Ep\u00f6zdemir, \u201cBir tak\u0131m ricalar\u0131 oldu. \u015eeker hastas\u0131 oldu\u011fu i\u00e7in ila\u00e7lar\u0131n\u0131 temin etmemizi rica etti. Kitap, g\u00f6mlek, ti\u015f\u00f6rt istedi. Ne t\u00fcr bir kitap istedi\u011fini sordu\u011fumda da siyasi i\u00e7erikli kitap getirmemi s\u00f6yledi\u201d diye konu\u015ftu.<\/p>\n<p style=\"text-align: justify;\">Avukat Ep\u00f6zdemir, ayn\u0131 zamanda g\u00f6zalt\u0131na al\u0131nan Fenerbah\u00e7e Kul\u00fcb\u00fc Asba\u015fkan\u0131 \u015eekip Mosturo\u011flu&#8217;nun da avukat\u0131 oldu\u011funu ve Mosturo\u011flu ile de g\u00f6r\u00fc\u015ft\u00fc\u011f\u00fcn\u00fc, 3 y\u00f6netici ve kul\u00fcp mali i\u015fler m\u00fcd\u00fcr\u00fc Tamer Yelkovan&#8217;\u0131n g\u00f6zalt\u0131nda oldu\u011funu belirtti.<\/p>\n<p style=\"text-align: justify;\"><strong>&#8216;H\u0130\u00c7B\u0130R \u015e\u00dcPHES\u0130 YOK&#8217;<\/strong><\/p>\n<p style=\"text-align: justify;\">Ba\u015fkan Y\u0131ld\u0131r\u0131m&#8217;\u0131n durumdan ho\u015fnutsuz oldu\u011funu kaydeden Ep\u00f6zdemir, \u201c\u00dcz\u00fclm\u00fc\u015f. Kendisiyle ve arkada\u015flar\u0131yla ilgili hi\u00e7bir \u015f\u00fcphesi yok. &#8216;B\u00f6yle bir \u015fey m\u00fcmk\u00fcn olamaz. &#8216;Bu durumdan rahats\u0131z\u0131m&#8217; diyor. Say\u0131n ba\u015fkan \u015feker hastas\u0131 ve ila\u00e7 kulland\u0131\u011f\u0131 i\u00e7in ara \u00f6\u011f\u00fcnleri almak zorunda. Nezarethanede tutuluyor\u201d ifadelerini kulland\u0131.<\/p>\n<p style=\"text-align: justify;\">Ep\u00f6zdemir, isnat edilen su\u00e7lamalar\u0131n ne oldu\u011funu bilmediklerini belirterek, \u201cEk g\u00f6zalt\u0131 talebi olabilir. E\u011fer ek g\u00f6zalt\u0131 talebi olursa g\u00f6zalt\u0131 s\u00fcresi 4 g\u00fcne uzayabilir. G\u00f6zalt\u0131nda 40&#8217;a yak\u0131n \u015f\u00fcpheli var\u201d dedi.<\/p>\n<p style=\"text-align: justify;\">Fenerbah\u00e7e Spor Kul\u00fcb\u00fc ana binas\u0131, \u015e\u00fckr\u00fc Sara\u00e7o\u011flu Stadyumu&#8217;nda arama ba\u015flat\u0131ld\u0131\u011f\u0131 bildirildi. \u00c7evik Kuvvet \u015eube M\u00fcd\u00fcrl\u00fc\u011f\u00fc ekiplerinin, stad\u0131n \u00e7evresinde geni\u015f g\u00fcvenlik \u00f6nlemi ald\u0131\u011f\u0131 g\u00f6r\u00fcld\u00fc. Demir kap\u0131lar kilitlenirken, kul\u00fcp binas\u0131nda da arama \u00e7al\u0131\u015fmalar\u0131 s\u00fcr\u00fcyor.<\/p>\n<p style=\"text-align: justify;\"><strong>SORU\u015eTURMA NEDEN\u0130<\/strong><\/p>\n<p style=\"text-align: justify;\">Aziz Y\u0131ld\u0131r\u0131m da dahil olmak \u00fczere 40&#8217;a yak\u0131n ki\u015finin &#8220;Organize su\u00e7 \u00f6rg\u00fct\u00fc kurmak, \u015fike ve te\u015fvik primi da\u011f\u0131tmak&#8221; su\u00e7lamas\u0131yla kar\u015f\u0131 kar\u015f\u0131ya kald\u0131\u011f\u0131 \u00f6\u011frenildi.<\/p>\n<p style=\"text-align: justify;\"><strong>G\u00d6ZALTINA ALINAN \u0130S\u0130MLER<\/strong><\/p>\n<p style=\"text-align: justify;\">Aziz Y\u0131ld\u0131r\u0131m d\u0131\u015f\u0131nda, Sivasspor Ba\u015fkan\u0131 Mecnun Odyakmaz, eski Giresunspor Ba\u015fkan\u0131 Olgun Peker, Eski\u015fehirspor antren\u00f6r\u00fc B\u00fclent Uygun, Fenerbah\u00e7e Spor Kul\u00fcb\u00fc Asba\u015fkan\u0131 \u015eekip Mosturo\u011flu, Fenerbah\u00e7e Kul\u00fcb\u00fc Y\u00f6neticisi \u0130lhan Ek\u015fio\u011flu, eski Diyarbak\u0131rspor Kul\u00fcp Ba\u015fkan\u0131 Abdurrahman Yakut ile futbolcular Serkan \u00c7al\u0131k, Serdar Kulbilge, Sezer \u00d6zt\u00fcrk, Mehmet Y\u0131ld\u0131z ve \u00dcmit Karan&#8217;\u0131n da aralar\u0131nda bulundu\u011fu 40&#8217;a yak\u0131n ki\u015fi g\u00f6zalt\u0131na al\u0131narak Vatan Caddesi&#8217;ndeki emniyete getirildi.<\/p>\n<p style=\"text-align: center;\"><a href=\"http:\/\/www.korhanyilmaz.com\/wp-content\/uploads\/2011\/07\/613.jpg\"  class=\"lightview\"><img loading=\"lazy\" decoding=\"async\" class=\"aligncenter size-full wp-image-35450\" src=\"http:\/\/www.korhanyilmaz.com\/wp-content\/uploads\/2011\/07\/613.jpg\" alt=\"\" width=\"419\" height=\"240\" \/><\/a><\/p>\n<p style=\"text-align: justify;\">G\u00f6zalt\u0131na al\u0131nanlar aras\u0131nda Fenerbah\u00e7eli futbolcu Emre Bel\u00f6zo\u011flu&#8217;nun ye\u011feni de bulunuyor.<\/p>\n<p style=\"text-align: justify;\"><strong>&#8216;BEN DE B\u0130LM\u0130YORUM&#8217;<\/strong><\/p>\n<p style=\"text-align: justify;\">Sivasspor Kul\u00fcb\u00fc Ba\u015fkan\u0131 Mecnun Odyakmaz, sa\u011fl\u0131k kontrol\u00fcnden ge\u00e7irildikten sonra, sorular \u00fczerine, &#8221;Ben de bilmiyorum, gidince g\u00f6rece\u011fiz&#8221; dedi.<\/p>\n<p style=\"text-align: center;\"><a href=\"http:\/\/www.korhanyilmaz.com\/wp-content\/uploads\/2011\/07\/612.jpg\"  class=\"lightview\"><img loading=\"lazy\" decoding=\"async\" class=\"aligncenter size-full wp-image-35451\" src=\"http:\/\/www.korhanyilmaz.com\/wp-content\/uploads\/2011\/07\/612.jpg\" alt=\"\" width=\"416\" height=\"211\" \/><\/a><\/p>\n<p style=\"text-align: justify;\"><strong>&#8216;TAMAMEN K\u0130\u015e\u0130SELD\u0130R&#8217;<\/strong><\/p>\n<p style=\"text-align: justify;\">Eski\u015fehirspor Kul\u00fcb\u00fc Ba\u015fkan\u0131 Halil \u00dcnal, &#8221;G\u00f6zalt\u0131lar\u0131n tak\u0131m\u0131m\u0131zla ilgisi yoktur, tamamen ki\u015fiseldir&#8221; dedi.<\/p>\n<p style=\"text-align: justify;\"><strong>&#8216;G\u0130RESUNSPOR&#8217;UN ADI \u015eA\u0130BEYE KARI\u015eMAMI\u015eTIR&#8217;<\/strong><\/p>\n<p style=\"text-align: justify;\">Giresunspor&#8217;un bas\u0131n s\u00f6zc\u00fcs\u00fc Fatih Sandal, &#8221;Giresunspor Kul\u00fcb\u00fc&#8217;n\u00fcn ad\u0131 \u015fu ana kadar gerek eski gerek yeni y\u00f6neticileri ile herhangi bir \u015faibeye kar\u0131\u015fmam\u0131\u015ft\u0131r&#8221; dedi.<\/p>\n<p style=\"text-align: justify;\"><strong>TRABZONSPOR VE BE\u015e\u0130KTA\u015e KUL\u00dcPLER\u0130NDE DE ARAMA<\/strong><\/p>\n<p style=\"text-align: justify;\">\u015fike soru\u015fturmas\u0131 kapsam\u0131nda T\u00fcrkiye Futbol Federasyonu, Trabzonspor ve Be\u015fikta\u015f kul\u00fcplerinde de arama yap\u0131ld\u0131\u011f\u0131 belirtiliyor.<\/p>\n<p style=\"text-align: justify;\"><strong>\u0130ZM\u0130R&#8217;DE G\u00d6ZALTINA ALINANLAR<\/strong><\/p>\n<p style=\"text-align: justify;\">\u0130stanbul Emniyet M\u00fcd\u00fcrl\u00fc\u011f\u00fc ekiplerinin y\u00fcr\u00fctt\u00fc\u011f\u00fc operasyon kapsam\u0131nda \u0130zmir&#8217;de g\u00f6zalt\u0131na al\u0131nan 6 ki\u015fyiden 5&#8217;inin kimlikleri belli oldu. Bu ki\u015filerin Adanaspor Teknik Direkt\u00f6r\u00fc Levent Eri\u015f, yard\u0131mc\u0131s\u0131 Serdar Berkin, Altay Kul\u00fcb\u00fc Genel M\u00fcd\u00fcr\u00fc Erman Erta\u015f, Fenerbah\u00e7eli futbolcu Emre&#8217;nin kuzeni Volkan Bah\u00e7ekap\u0131l\u0131 ve Tar\u0131k \u00d6zartan oldu\u011fu belirtildi.<\/p>\n<p style=\"text-align: justify;\"><strong>\u0130NCELEME YAPILAN MA\u00c7LAR<\/strong><\/p>\n<p style=\"text-align: justify;\">Soru\u015fturma, 2010-2011 sezonunda Spor Toto S\u00fcper Lig ve Bank Asya 1. Lig&#8217;deki \u015fike iddialar\u0131na y\u00f6nelik olarak ba\u015flat\u0131ld\u0131.<\/p>\n<p style=\"text-align: justify;\">30. hafta oynanan Eski\u015fehirspor-Trabzonspor ma\u00e7\u0131 i\u00e7in te\u015fvik incelemesi yap\u0131l\u0131yor. 34. haftada oynanan Sivasspor-Fenerbah\u00e7e ma\u00e7\u0131 i\u00e7in \u015fike incelemesi yap\u0131l\u0131yor.<\/p>\n<p style=\"text-align: justify;\"><a href=\"http:\/\/www.ntvmsnbc.com\/id\/25228815\/\" target=\"_blank\">Kaynak : NTVMSNBC<\/a><\/p>\n","protected":false},"excerpt":{"rendered":"<p style=\"text-align: center;\">\n<p style=\"text-align: justify;\">Fenerbah\u00e7e Ba\u015fkan\u0131 Aziz Y\u0131ld\u0131r\u0131m ba\u015fta olmak \u00fczere kul\u00fcp ba\u015fkan\u0131, y\u00f6netici, teknik direkt\u00f6r, futbolcu ve menajerlerden olu\u015fan toplam 49 ki\u015fi &#8216;\u015fike soru\u015fturmas\u0131&#8217;ndan g\u00f6zalt\u0131na al\u0131nd\u0131. G\u00f6zalt\u0131lara ili\u015fkin gerek\u00e7eler ortaya \u00e7\u0131kt\u0131: Organize su\u00e7 \u00f6rg\u00fct\u00fc kurmak, \u015fike ve te\u015fvik primi da\u011f\u0131tmak&#8230;<\/p>\n","protected":false},"author":1,"featured_media":0,"comment_status":"open","ping_status":"closed","sticky":false,"template":"","format":"standard","meta":{"footnotes":""},"categories":[105],"tags":[],"class_list":["post-35449","post","type-post","status-publish","format-standard","hentry","category-gundem","odd"],"_links":{"self":[{"href":"http:\/\/www.korhanyilmaz.com\/index.php?rest_route=\/wp\/v2\/posts\/35449","targetHints":{"allow":["GET"]}}],"collection":[{"href":"http:\/\/www.korhanyilmaz.com\/index.php?rest_route=\/wp\/v2\/posts"}],"about":[{"href":"http:\/\/www.korhanyilmaz.com\/index.php?rest_route=\/wp\/v2\/types\/post"}],"author":[{"embeddable":true,"href":"http:\/\/www.korhanyilmaz.com\/index.php?rest_route=\/wp\/v2\/users\/1"}],"replies":[{"embeddable":true,"href":"http:\/\/www.korhanyilmaz.com\/index.php?rest_route=%2Fwp%2Fv2%2Fcomments&post=35449"}],"version-history":[{"count":0,"href":"http:\/\/www.korhanyilmaz.com\/index.php?rest_route=\/wp\/v2\/posts\/35449\/revisions"}],"wp:attachment":[{"href":"http:\/\/www.korhanyilmaz.com\/index.php?rest_route=%2Fwp%2Fv2%2Fmedia&parent=35449"}],"wp:term":[{"taxonomy":"category","embeddable":true,"href":"http:\/\/www.korhanyilmaz.com\/index.php?rest_route=%2Fwp%2Fv2%2Fcategories&post=35449"},{"taxonomy":"post_tag","embeddable":true,"href":"http:\/\/www.korhanyilmaz.com\/index.php?rest_route=%2Fwp%2Fv2%2Ftags&post=35449"}],"curies":[{"name":"wp","href":"https:\/\/api.w.org\/{rel}","templated":true}]}}